{"id":25381,"date":"2025-04-14T23:01:14","date_gmt":"2025-04-14T23:01:14","guid":{"rendered":"https:\/\/www.europesays.com\/fr\/25381\/"},"modified":"2025-04-14T23:01:14","modified_gmt":"2025-04-14T23:01:14","slug":"cinq-ans-apres-ces-bons-eleves-se-font-meticuleusement-vacciner-a-chaque-campagne","status":"publish","type":"post","link":"https:\/\/www.europesays.com\/fr\/25381\/","title":{"rendered":"cinq ans apr\u00e8s, ces \u00abbons \u00e9l\u00e8ves\u00bb se font m\u00e9ticuleusement vacciner \u00e0 chaque campagne"},"content":{"rendered":"<p>    La pr\u00e9c\u00e9dente campagne de renouvellement vaccinal d\u00e9ploy\u00e9e entre le 15 avril et le 16 juin 2024 avait permis de r\u00e9aliser un total de 450.000 injections.<br \/>\n                Marina Demidiuk \/ stock.adobe.com<\/p>\n<p><strong>T\u00c9MOIGNAGES &#8211;<\/strong> Une nouvelle campagne vaccinale \u00e0 l\u2019intention des personnes \u00e2g\u00e9es et vuln\u00e9rables s\u2019ouvre ce lundi 14 avril. Alors que le nombre de volontaires baisse, ceux qui se sont toujours fait vacciner d\u00e9crivent leur conviction.<\/p>\n<p class=\"fig-paragraph\">Une fois de plus, ils n\u2019y manqueront pas. Ce lundi 14 avril, une\u00a0<a href=\"http:\/\/sante.lefigaro.fr\/social\/sante-publique\/une-nouvelle-campagne-de-vaccination-anti-covid-a-destination-des-plus-fragiles-20250327\" target=\"_blank\" data-fig-type=\"NewsFlash\" rel=\"noopener\" data-gtm-custom-categorie=\"navigation\" data-gtm-custom-action=\"crossclick\" data-gtm-custom-label=\"Contextuel\" data-gtm-event=\"customEventSPE\" data-fig-domain=\"SANTE\">nouvelle campagne de vaccination<\/a>\u00a0contre le\u00a0<a href=\"http:\/\/www.lefigaro.fr\/flash-eco\/l-agence-americaine-du-medicament-retarde-une-decision-cle-sur-un-vaccin-contre-le-covid-19-20250403\" target=\"_blank\" data-fig-type=\"NewsFlash\" rel=\"noopener\" data-gtm-custom-categorie=\"navigation\" data-gtm-custom-action=\"crossclick\" data-gtm-custom-label=\"Contextuel\" data-gtm-event=\"customEventSPE\" data-fig-domain=\"LEFIGARO\">Covid<\/a>\u00a0est mise en place conform\u00e9ment \u00e0 l\u2019avis de la\u00a0<a href=\"http:\/\/sante.lefigaro.fr\/social\/sante-publique\/l-alcool-affecte-plus-vite-et-plus-gravement-les-femmes-que-les-hommes-alerte-la-haute-autorite-de-sante-20250227\" target=\"_blank\" data-fig-type=\"NewsFlash\" rel=\"noopener\" data-gtm-custom-categorie=\"navigation\" data-gtm-custom-action=\"crossclick\" data-gtm-custom-label=\"Contextuel\" data-gtm-event=\"customEventSPE\" data-fig-domain=\"SANTE\">Haute Autorit\u00e9 de sant\u00e9<\/a>\u00a0(HAS). Elle concerne les personnes \u00e2g\u00e9es de plus de 80 ans, celles immunod\u00e9prim\u00e9es, celles plac\u00e9es en EPHAD et en USLD (unit\u00e9s de soins de longue dur\u00e9e) ainsi que celles \u00e0 \u00abtr\u00e8s haut risque de d\u00e9velopper une forme grave\u00bb, indique le\u00a0<a href=\"https:\/\/sante.gouv.fr\/actualites\/presse\/communiques-de-presse\/article\/protection-contre-le-covid-19-lancement-de-la-campagne-de-renouvellement\" target=\"_blank\" rel=\"nofollow noopener\" data-gtm-custom-categorie=\"navigation\" data-gtm-custom-action=\"crossclick\" data-gtm-custom-label=\"Contextuel\" data-gtm-event=\"customEventSPE\">minist\u00e8re de la Sant\u00e9<\/a>. La pr\u00e9c\u00e9dente, qui a d\u00e9but\u00e9 le 15 octobre 2024 et \u00e9tait recommand\u00e9e pour les personnes de plus de 65 ans, s\u2019est prolong\u00e9e jusqu\u2019au 25 f\u00e9vrier de cette ann\u00e9e. Alors que les campagnes sont nombreuses et rapproch\u00e9es, une partie de la population, m\u00eame \u00e0 risque,\u00a0<a href=\"http:\/\/sante.lefigaro.fr\/social\/sante-publique\/quatre-ou-cinq-doses-ca-suffit-pourquoi-ces-francais-pourtant-a-risque-boudent-le-vaccin-contre-le-covid-19-20241213\" target=\"_blank\" data-fig-type=\"Article\" rel=\"noopener\" data-gtm-custom-categorie=\"navigation\" data-gtm-custom-action=\"crossclick\" data-gtm-custom-label=\"Contextuel\" data-gtm-event=\"customEventSPE\" data-fig-domain=\"SANTE\">finit par se lasser<\/a>\u00a0et abandonne sa couverture vaccinale.<\/p>\n<p class=\"fig-paragraph\">Mais quelques fid\u00e8les, comme Patricia, 69 ans, continuent de se faire m\u00e9ticuleusement vacciner en suivant les recommandations de la HAS. \u00abJe suis convaincue que \u00e7a prot\u00e8ge\u00bb, affirme la sexag\u00e9naire. \u00abJ\u2019ai vu autour de moi des personnes qui ne se sont\u2026<\/p>\n<p class=\"fig-premium-paywall__infos\">\n        Cet article est r\u00e9serv\u00e9 aux abonn\u00e9s.        Il vous reste 85% \u00e0 d\u00e9couvrir.\n    <\/p>\n<p>                <img  data- alt=\"Le Figaro\" class=\"fig-img--complete fig-img\"\/><\/p>\n<p class=\"fig-premium-paywall__title\">Vous avez envie de lire la suite ?<\/p>\n<p class=\"fig-premium-paywall__subtitle\">D\u00e9bloquez tous les articles imm\u00e9diatement.<\/p>\n<p class=\"fig-premium-paywall__connect\">\n                D\u00e9j\u00e0 abonn\u00e9\u00a0?                <a class=\"fig-premium-paywall__connect-link\" href=\"https:\/\/connect.lefigaro.fr\/login?client=sante_web&amp;type=main&amp;redirect_uri=https%3A%2F%2Fsante.lefigaro.fr%2Fsocial%2Fsante-publique%2Fcovid-cinq-ans-apres-ces-bons-eleves-se-font-meticuleusement-vacciner-a-chaque-campagne-20250413\" data-js-gtm=\"{&quot;customCategorie&quot;: &quot;conversion&quot;, &quot;customAction&quot;: &quot;before_Landing_Connexion_paywall_auto&quot;, &quot;customLabel&quot;: &quot;c2FudGUubGVmaWdhcm8uZnJfXzFmMDE0NTkxLWQ4YTItNjdiOC04MmQyLTM3NGRlODFhMWRkMF9fQXJ0aWNsZQ==_Covid\u00a0: cinq ans apr\u00e8s, ces \u00abbons \u00e9l\u00e8ves\u00bb se font m\u00e9ticuleusement vacciner \u00e0 chaque campagne_245&quot;, &quot;customIDSPE&quot;: &quot;c2FudGUubGVmaWdhcm8uZnJfXzFmMDE0NTkxLWQ4YTItNjdiOC04MmQyLTM3NGRlODFhMWRkMF9fQXJ0aWNsZQ==&quot;, &quot;event&quot;: &quot;customEventSPE&quot;}\" target=\"_blank\" rel=\"noopener\"><br \/>\n                    Connectez-vous<br \/>\n                <\/a>\n            <\/p>\n","protected":false},"excerpt":{"rendered":"La pr\u00e9c\u00e9dente campagne de renouvellement vaccinal d\u00e9ploy\u00e9e entre le 15 avril et le 16 juin 2024 avait permis&hellip;\n","protected":false},"author":2,"featured_media":25382,"comment_status":"","ping_status":"","sticky":false,"template":"","format":"standard","meta":{"footnotes":""},"categories":[10],"tags":[442,228,440,441,436,1011,27,72,226,439,229,71,435,437,227,438],"class_list":{"0":"post-25381","1":"post","2":"type-post","3":"status-publish","4":"format-standard","5":"has-post-thumbnail","7":"category-sante","8":"tag-administration-de-la-sante","9":"tag-diagnostic","10":"tag-droit-a-la-sante","11":"tag-education-sanitaire-education-sanitaire-individuelle-et-collective","12":"tag-environnement","13":"tag-fr","14":"tag-france","15":"tag-health","16":"tag-maladie","17":"tag-niveau-de-vie","18":"tag-pathologie","19":"tag-sante","20":"tag-sante-de-la-population","21":"tag-services-medicaux","22":"tag-traitement","23":"tag-traitement-preventif"},"share_on_mastodon":{"url":"https:\/\/pubeurope.com\/@fr\/114338810164710942","error":""},"_links":{"self":[{"href":"https:\/\/www.europesays.com\/fr\/wp-json\/wp\/v2\/posts\/25381","targetHints":{"allow":["GET"]}}],"collection":[{"href":"https:\/\/www.europesays.com\/fr\/wp-json\/wp\/v2\/posts"}],"about":[{"href":"https:\/\/www.europesays.com\/fr\/wp-json\/wp\/v2\/types\/post"}],"author":[{"embeddable":true,"href":"https:\/\/www.europesays.com\/fr\/wp-json\/wp\/v2\/users\/2"}],"replies":[{"embeddable":true,"href":"https:\/\/www.europesays.com\/fr\/wp-json\/wp\/v2\/comments?post=25381"}],"version-history":[{"count":0,"href":"https:\/\/www.europesays.com\/fr\/wp-json\/wp\/v2\/posts\/25381\/revisions"}],"wp:featuredmedia":[{"embeddable":true,"href":"https:\/\/www.europesays.com\/fr\/wp-json\/wp\/v2\/media\/25382"}],"wp:attachment":[{"href":"https:\/\/www.europesays.com\/fr\/wp-json\/wp\/v2\/media?parent=25381"}],"wp:term":[{"taxonomy":"category","embeddable":true,"href":"https:\/\/www.europesays.com\/fr\/wp-json\/wp\/v2\/categories?post=25381"},{"taxonomy":"post_tag","embeddable":true,"href":"https:\/\/www.europesays.com\/fr\/wp-json\/wp\/v2\/tags?post=25381"}],"curies":[{"name":"wp","href":"https:\/\/api.w.org\/{rel}","templated":true}]}}