{"id":253811,"date":"2025-07-17T11:42:09","date_gmt":"2025-07-17T11:42:09","guid":{"rendered":"https:\/\/www.europesays.com\/fr\/253811\/"},"modified":"2025-07-17T11:42:09","modified_gmt":"2025-07-17T11:42:09","slug":"la-seyne-donne-un-tour-de-vis-sur-les-terrains-de-boules","status":"publish","type":"post","link":"https:\/\/www.europesays.com\/fr\/253811\/","title":{"rendered":"La Seyne donne un tour de vis sur les terrains de boules"},"content":{"rendered":"<p>Si des touristes ont coutume de se plaindre du chant des cigales, les locaux disent \u00eatre, eux, souvent d\u00e9rang\u00e9s par le bruit&#8230; des boules de p\u00e9tanque. R\u00e9guli\u00e8rement, lors des r\u00e9unions de quartier, des administr\u00e9s d\u00e9noncent en effet les nuisances g\u00e9n\u00e9r\u00e9es par cette activit\u00e9, en particulier le soir. Des dol\u00e9ances prises en compte par la Ville qui d\u00e9cide de r\u00e9glementer davantage l\u2019acc\u00e8s aux boulodromes et d\u2019y interdire certains comportements.<\/p>\n<p>\u00ab\u00a0Les jeux pratiqu\u00e9s en r\u00e9union sont de nature \u00e0 perturber la tranquillit\u00e9 publique des riverains, notamment \u00e0 des heures de repos, entre 22h et 6h, en raison par exemple des boules qui s\u2019entrechoquent ou qui heurtent les structures d\u00e9limitant les terrains\u00a0\u00bb, peut-on lire dans l\u2019arr\u00eat\u00e9 municipal publi\u00e9 la semaine derni\u00e8re et sign\u00e9 par l\u2019adjoint au maire Cheikh Mansour. \u00ab\u00a0Pour le bien vivre des usagers et des r\u00e9sidents\u00a0\u00bb (\u2026), ajoute le texte, \u00ab\u00a0il convient d\u2019assurer l\u2019ordre et la tranquillit\u00e9 publique en fixant, par voie r\u00e9glementaire, les dispositions applicables \u00e0 l\u2019usage des terrains de boules\u00a0\u00bb.<\/p>\n<p>Horaires et comportements<\/p>\n<p>L\u2019arr\u00eat\u00e9 municipal stipule donc que les jeux de p\u00e9tanque, sur les terrains de jeux de boules publics (voir la liste ci-apr\u00e8s), ne sont autoris\u00e9s que de 9h \u00e0 22h (sept jours sur sept). Y sont interdits: \u00ab\u00a0les bruits g\u00eanants par leur intensit\u00e9, leur dur\u00e9e, leur fr\u00e9quence, qui pourraient porter atteinte \u00e0 la tranquillit\u00e9 du voisinage\u00a0\u00bb. Par ailleurs, il est \u00e9galement \u00ab\u00a0interdit d\u2019introduire et d\u2019utiliser des instruments de musique ou des appareils de diffusion sonore dans l\u2019enceinte de ces espaces publics\u00a0\u00bb.<\/p>\n<p>Le texte indique aussi que les pratiquants \u00ab\u00a0doivent conserver une tenue et un comportement d\u00e9cent et conforme \u00e0 l\u2019ordre public\u00a0\u00bb. Et de pr\u00e9ciser: \u00ab\u00a0Toute personne en \u00e9tat d\u2019ivresse, sous l\u2019emprise de stup\u00e9fiants ou dont la tenue ou le comportement est susceptible d\u2019\u00eatre source directe ou indirecte de g\u00eane pour les autres usagers (\u2026) est \u00ab interdite dans ces espaces publics\u00a0\u00bb, de m\u00eame que la consommation de boissons alcoolis\u00e9es \u00ab\u00a0et l\u2019usage de tout engin ou jeu dangereux\u00a0\u00bb.<\/p>\n<p>Verbalisations en vue<\/p>\n<p>Deux autres restrictions sont mentionn\u00e9es dans l\u2019arr\u00eat\u00e9 municipal: l\u2019acc\u00e8s aux boulodromes \u00ab\u00a0est formellement interdit aux v\u00e9hicules (motoris\u00e9s et non motoris\u00e9s) ainsi qu\u2019aux animaux domestiques.\u00a0\u00bb Enfin, les enfants pr\u00e9sents dans ces espaces doivent obligatoirement \u00eatre accompagn\u00e9s et surveill\u00e9s par une personne majeure responsable.<\/p>\n<p>Apr\u00e8s une phase de p\u00e9dagogie, la police municipale va donc durcir le ton et multiplier les contr\u00f4les en fin de journ\u00e9e aux abords des boulodromes. Avec verbalisation \u00e0 la cl\u00e9 pour ceux qui ne respecteraient pas les nouvelles dispositions. Les joueurs de p\u00e9tanque sont pr\u00e9venus; ils n\u2019ont plus qu\u2019\u00e0 se tenir\u2026 \u00e0 carreau.<\/p>\n<p>Les lieux concern\u00e9s<\/p>\n<p>Boulodrome Charles-Molinier (square Aristide Briand)<\/p>\n<p>Boulodrome Saint-Jean, avenue Rosa Luxembourg<\/p>\n<p>Boulodrome place Beno\u00eet- Frachon (place de la Lune)<\/p>\n<p>Boulodrome place des Bergeronnette (route de Janas)<\/p>\n<p>Boulodrome Fernand-Castie (parc Braudel)<\/p>\n<p>Boulodrome avenue Charles-de-Gaulle, angle Verlaque<\/p>\n<p>Boudrome parc Lezenberg (La Verne)<\/p>\n<p>Boulodrome de Mar-Vivo (avenue Cl\u00e9ry)<\/p>\n<p>Bourlodrome du port du Manteau<\/p>\n<p>Boulodrome de L\u2019Herminier<\/p>\n<p>Boulodrome de La Maurelle<\/p>\n<p>Boulodrome de La Rouve<\/p>\n","protected":false},"excerpt":{"rendered":"Si des touristes ont coutume de se plaindre du chant des cigales, les locaux disent \u00eatre, eux, souvent&hellip;\n","protected":false},"author":2,"featured_media":253812,"comment_status":"","ping_status":"","sticky":false,"template":"","format":"standard","meta":{"footnotes":""},"categories":[9619],"tags":[1111,11,1777,674,1011,27,12,882,25,2310,3366],"class_list":{"0":"post-253811","1":"post","2":"type-post","3":"status-publish","4":"format-standard","5":"has-post-thumbnail","7":"category-toulon","8":"tag-actu","9":"tag-actualites","10":"tag-eu","11":"tag-europe","12":"tag-fr","13":"tag-france","14":"tag-news","15":"tag-provence-alpes-cote-dazur","16":"tag-republique-francaise","17":"tag-toulon","18":"tag-vie-locale"},"share_on_mastodon":{"url":"https:\/\/pubeurope.com\/@fr\/114868397210078793","error":""},"_links":{"self":[{"href":"https:\/\/www.europesays.com\/fr\/wp-json\/wp\/v2\/posts\/253811","targetHints":{"allow":["GET"]}}],"collection":[{"href":"https:\/\/www.europesays.com\/fr\/wp-json\/wp\/v2\/posts"}],"about":[{"href":"https:\/\/www.europesays.com\/fr\/wp-json\/wp\/v2\/types\/post"}],"author":[{"embeddable":true,"href":"https:\/\/www.europesays.com\/fr\/wp-json\/wp\/v2\/users\/2"}],"replies":[{"embeddable":true,"href":"https:\/\/www.europesays.com\/fr\/wp-json\/wp\/v2\/comments?post=253811"}],"version-history":[{"count":0,"href":"https:\/\/www.europesays.com\/fr\/wp-json\/wp\/v2\/posts\/253811\/revisions"}],"wp:featuredmedia":[{"embeddable":true,"href":"https:\/\/www.europesays.com\/fr\/wp-json\/wp\/v2\/media\/253812"}],"wp:attachment":[{"href":"https:\/\/www.europesays.com\/fr\/wp-json\/wp\/v2\/media?parent=253811"}],"wp:term":[{"taxonomy":"category","embeddable":true,"href":"https:\/\/www.europesays.com\/fr\/wp-json\/wp\/v2\/categories?post=253811"},{"taxonomy":"post_tag","embeddable":true,"href":"https:\/\/www.europesays.com\/fr\/wp-json\/wp\/v2\/tags?post=253811"}],"curies":[{"name":"wp","href":"https:\/\/api.w.org\/{rel}","templated":true}]}}