{"id":253819,"date":"2025-07-17T11:50:25","date_gmt":"2025-07-17T11:50:25","guid":{"rendered":"https:\/\/www.europesays.com\/fr\/253819\/"},"modified":"2025-07-17T11:50:25","modified_gmt":"2025-07-17T11:50:25","slug":"pres-de-20-000-documents-heberges-au-musee-dorsay-vont-etre-transferes-au-musee-hebert","status":"publish","type":"post","link":"https:\/\/www.europesays.com\/fr\/253819\/","title":{"rendered":"Pr\u00e8s de 20 000 documents h\u00e9berg\u00e9s au mus\u00e9e d\u2019Orsay vont \u00eatre transf\u00e9r\u00e9s au mus\u00e9e H\u00e9bert"},"content":{"rendered":"<p itemprop=\"description\"><strong>D\u2019ici 2028, le mus\u00e9e Hebert \u00e0 la Tronche sera le seul mus\u00e9e en France \u00e0 \u00eatre d\u00e9di\u00e9 au peintre.<\/strong><\/p>\n<p>Alors que celui de Paris est en vente, des milliers de documents, actuellement h\u00e9berg\u00e9s au mus\u00e9e d\u2019Orsay, vont \u00eatre transf\u00e9r\u00e9s en Is\u00e8re.<\/p>\n<p>Pr\u00e8s de 20 000 documents issus du mus\u00e9e national H\u00e9bert \u00e0 Paris vont alors \u00eatre achemin\u00e9s dans celui d\u2019Is\u00e8re. Cela comprend 239 peintures, 1890 documents d\u2019arts graphiques, 496 d\u2019arts d\u00e9coratifs, 2 400 photos, 49 sculptures, 10 000 archives, ainsi que 4000 livres. \u00ab\u00a0Le mus\u00e9e H\u00e9bert de La Tronche sera ainsi le seul et unique mus\u00e9e d\u00e9di\u00e9 au peintre en France\u00a0\u00bb, s\u2019est r\u00e9joui Jean-Pierre Barbier, pr\u00e9sident du D\u00e9partement. \u00a0<\/p>\n<p>Le D\u00e9partement de l\u2019Is\u00e8re se verra \u00e9galement reverser l\u2019argent de la vente du b\u00e2timent parisien, soit une somme entre 5 et 8 millions d\u2019euros.<\/p>\n<p>Mais pour recevoir cette nouvelle collection, il faut s\u2019agrandir. Les deux collections fusionn\u00e9es seront pr\u00e9sent\u00e9es dans la maison bourgeoise du XIXe si\u00e8cle. En ce qui concerne les espaces d\u2019expositions temporaires, une extension de 350 m\u00b2 sera cr\u00e9\u00e9e dans une demeure attenante au mus\u00e9e.<\/p>\n<p>Une bonne op\u00e9ration pour le mus\u00e9e is\u00e9rois qui a battu son record historique de fr\u00e9quentation en 2024 avec 56 149 visiteurs contre seulement 28 454 en 2023.<\/p>\n","protected":false},"excerpt":{"rendered":"D\u2019ici 2028, le mus\u00e9e Hebert \u00e0 la Tronche sera le seul mus\u00e9e en France \u00e0 \u00eatre d\u00e9di\u00e9 au&hellip;\n","protected":false},"author":2,"featured_media":253820,"comment_status":"","ping_status":"","sticky":false,"template":"","format":"standard","meta":{"footnotes":""},"categories":[9566],"tags":[1111,11,7733,8279,2430,7736,650,7734,2889,2263,1777,674,1011,27,2731,8280,6417,1114,108,4662,12,3725,1825,25,7737],"class_list":{"0":"post-253819","1":"post","2":"type-post","3":"status-publish","4":"format-standard","5":"has-post-thumbnail","7":"category-grenoble","8":"tag-actu","9":"tag-actualites","10":"tag-alpes","11":"tag-alpes1","12":"tag-auvergne-rhone-alpes","13":"tag-cds","14":"tag-cinema","15":"tag-ecoute","16":"tag-emission","17":"tag-equipe","18":"tag-eu","19":"tag-europe","20":"tag-fr","21":"tag-france","22":"tag-grenoble","23":"tag-haute","24":"tag-information","25":"tag-infos","26":"tag-isere","27":"tag-journal","28":"tag-news","29":"tag-podcast","30":"tag-radio","31":"tag-republique-francaise","32":"tag-winamp"},"share_on_mastodon":{"url":"https:\/\/pubeurope.com\/@fr\/114868428666743024","error":""},"_links":{"self":[{"href":"https:\/\/www.europesays.com\/fr\/wp-json\/wp\/v2\/posts\/253819","targetHints":{"allow":["GET"]}}],"collection":[{"href":"https:\/\/www.europesays.com\/fr\/wp-json\/wp\/v2\/posts"}],"about":[{"href":"https:\/\/www.europesays.com\/fr\/wp-json\/wp\/v2\/types\/post"}],"author":[{"embeddable":true,"href":"https:\/\/www.europesays.com\/fr\/wp-json\/wp\/v2\/users\/2"}],"replies":[{"embeddable":true,"href":"https:\/\/www.europesays.com\/fr\/wp-json\/wp\/v2\/comments?post=253819"}],"version-history":[{"count":0,"href":"https:\/\/www.europesays.com\/fr\/wp-json\/wp\/v2\/posts\/253819\/revisions"}],"wp:featuredmedia":[{"embeddable":true,"href":"https:\/\/www.europesays.com\/fr\/wp-json\/wp\/v2\/media\/253820"}],"wp:attachment":[{"href":"https:\/\/www.europesays.com\/fr\/wp-json\/wp\/v2\/media?parent=253819"}],"wp:term":[{"taxonomy":"category","embeddable":true,"href":"https:\/\/www.europesays.com\/fr\/wp-json\/wp\/v2\/categories?post=253819"},{"taxonomy":"post_tag","embeddable":true,"href":"https:\/\/www.europesays.com\/fr\/wp-json\/wp\/v2\/tags?post=253819"}],"curies":[{"name":"wp","href":"https:\/\/api.w.org\/{rel}","templated":true}]}}