{"id":253823,"date":"2025-07-17T11:52:09","date_gmt":"2025-07-17T11:52:09","guid":{"rendered":"https:\/\/www.europesays.com\/fr\/253823\/"},"modified":"2025-07-17T11:52:09","modified_gmt":"2025-07-17T11:52:09","slug":"je-vais-te-faire-assassiner-un-surveillant-violemment-agresse-a-la-prison-de-rennes","status":"publish","type":"post","link":"https:\/\/www.europesays.com\/fr\/253823\/","title":{"rendered":"\u00ab\u00a0Je vais te faire assassiner\u00a0\u00bb\u00a0: un surveillant violemment agress\u00e9 \u00e0 la prison de Rennes"},"content":{"rendered":"<p>Un surveillant a \u00e9t\u00e9 violemment agress\u00e9 au sein du centre de d\u00e9tention du centre p\u00e9nitentiaire de Rennes-Vezin d\u00e9nonce le syndicat FO Justice dans un communiqu\u00e9 adress\u00e9 aux m\u00e9dias.<\/p>\n<p>Les faits se seraient d\u00e9roul\u00e9s mercredi 16 juillet, aux alentours de 9h. En pleine distribution du courrier, un d\u00e9tenu aurait interpell\u00e9 un des agents exigeant imm\u00e9diatement de voir le chef de b\u00e2timent ainsi qu\u2019un second matelas dans sa cellule. D\u2019apr\u00e8s FO Justice, le surveillant aurait refus\u00e9 la demande avant de se faire cracher dessus.<\/p>\n<p>Tentative d\u2019\u00e9tranglement<\/p>\n<p>Toujours selon le syndicat, le d\u00e9tenu aurait alors bloqu\u00e9 la porte de sa cellule avec son pied, emp\u00eachant une fermeture d\u2019urgence, et contraint l\u2019agent \u00e0 d\u00e9clencher l\u2019alarme. \u00c0 l\u2019arriv\u00e9e des renforts, l\u2019individu r\u00e9calcitrant aurait alors tent\u00e9 d\u2019\u00e9trangler un autre agent.<\/p>\n<p>\u00ab Une fois au sol, il continue \u00e0 se d\u00e9battre et ass\u00e8ne plusieurs coups de pied et de genou \u00e0 ce m\u00eame grad\u00e9, avant de menacer un autre chef en prof\u00e9rant les menaces suivantes : \u00ab Je vais te faire assassiner ! \u00bb, pr\u00e9cise FO Justice. Le d\u00e9tenu a finalement \u00e9t\u00e9 ma\u00eetris\u00e9 avant d\u2019\u00eatre conduit en quartier disciplinaire.<\/p>\n<p>Le syndicat demande le transfert du d\u00e9tenu<\/p>\n<p>\u00ab Encore une fois, un d\u00e9tenu au profil psy fait parler de lui au sein de notre \u00e9tablissement \u00bb, a poursuivi le syndicat. \u00ab Les agents ne sont ni form\u00e9s ni arm\u00e9s pour g\u00e9rer ce type d\u2019individu et ne devraient pas avoir \u00e0 le faire \u00bb.<\/p>\n<p>Le bureau local de FO exige aupr\u00e8s de la direction de l\u2019\u00e9tablissement une sanction disciplinaire exemplaire \u00e0 l\u2019encontre du d\u00e9tenu ainsi que son transfert d\u00e8s la fin de sa peine de QD.<\/p>\n","protected":false},"excerpt":{"rendered":"Un surveillant a \u00e9t\u00e9 violemment agress\u00e9 au sein du centre de d\u00e9tention du centre p\u00e9nitentiaire de Rennes-Vezin d\u00e9nonce&hellip;\n","protected":false},"author":2,"featured_media":253824,"comment_status":"","ping_status":"","sticky":false,"template":"","format":"standard","meta":{"footnotes":""},"categories":[2821],"tags":[1111,11,829,765,1777,674,1011,27,848,12,584,25],"class_list":{"0":"post-253823","1":"post","2":"type-post","3":"status-publish","4":"format-standard","5":"has-post-thumbnail","7":"category-rennes","8":"tag-actu","9":"tag-actualites","10":"tag-bretagne","11":"tag-en-continu","12":"tag-eu","13":"tag-europe","14":"tag-fr","15":"tag-france","16":"tag-ille-et-vilaine","17":"tag-news","18":"tag-rennes","19":"tag-republique-francaise"},"share_on_mastodon":{"url":"https:\/\/pubeurope.com\/@fr\/114868436561604353","error":""},"_links":{"self":[{"href":"https:\/\/www.europesays.com\/fr\/wp-json\/wp\/v2\/posts\/253823","targetHints":{"allow":["GET"]}}],"collection":[{"href":"https:\/\/www.europesays.com\/fr\/wp-json\/wp\/v2\/posts"}],"about":[{"href":"https:\/\/www.europesays.com\/fr\/wp-json\/wp\/v2\/types\/post"}],"author":[{"embeddable":true,"href":"https:\/\/www.europesays.com\/fr\/wp-json\/wp\/v2\/users\/2"}],"replies":[{"embeddable":true,"href":"https:\/\/www.europesays.com\/fr\/wp-json\/wp\/v2\/comments?post=253823"}],"version-history":[{"count":0,"href":"https:\/\/www.europesays.com\/fr\/wp-json\/wp\/v2\/posts\/253823\/revisions"}],"wp:featuredmedia":[{"embeddable":true,"href":"https:\/\/www.europesays.com\/fr\/wp-json\/wp\/v2\/media\/253824"}],"wp:attachment":[{"href":"https:\/\/www.europesays.com\/fr\/wp-json\/wp\/v2\/media?parent=253823"}],"wp:term":[{"taxonomy":"category","embeddable":true,"href":"https:\/\/www.europesays.com\/fr\/wp-json\/wp\/v2\/categories?post=253823"},{"taxonomy":"post_tag","embeddable":true,"href":"https:\/\/www.europesays.com\/fr\/wp-json\/wp\/v2\/tags?post=253823"}],"curies":[{"name":"wp","href":"https:\/\/api.w.org\/{rel}","templated":true}]}}