{"id":253827,"date":"2025-07-17T11:54:16","date_gmt":"2025-07-17T11:54:16","guid":{"rendered":"https:\/\/www.europesays.com\/fr\/253827\/"},"modified":"2025-07-17T11:54:16","modified_gmt":"2025-07-17T11:54:16","slug":"traumatisme-cranien-pour-le-cycliste-de-79-ans","status":"publish","type":"post","link":"https:\/\/www.europesays.com\/fr\/253827\/","title":{"rendered":"traumatisme cr\u00e2nien pour le cycliste de 79 ans"},"content":{"rendered":"<p>Un accident de la route s\u2019est produit mercredi 16\u00a0juillet, vers 15\u00a0h\u00a020, au niveau d\u2019une piste cyclable de l\u2019Avenue de Colmar \u00e0 Strasbourg, impliquant un scooter et un v\u00e9lo. Le conducteur du deux-roues motoris\u00e9 s\u2019est avanc\u00e9 vers la piste cyclable, est mont\u00e9 sur son engin, sans le mettre en route. Au m\u00eame moment, un cycliste de 79 ans arrivait sur la piste.<\/p>\n<p>  Transport\u00e9 au CHU de Hautepierre<\/p>\n<p>Le choc l\u2019a d\u00e9stabilis\u00e9 et provoqu\u00e9 sa chute. Le retrait\u00e9, qui ne portait pas de casque, est tomb\u00e9 sur la t\u00eate. Il souffrait d\u2019un important traumatisme cr\u00e2nien et de douleurs au bras gauche. Il a \u00e9t\u00e9 transport\u00e9 au CHU de Hautepierre.<\/p>\n<p>Le pilote du scooter, un homme de 28 ans, n\u2019a pas \u00e9t\u00e9 bless\u00e9.<\/p>\n","protected":false},"excerpt":{"rendered":"Un accident de la route s\u2019est produit mercredi 16\u00a0juillet, vers 15\u00a0h\u00a020, au niveau d\u2019une piste cyclable de l\u2019Avenue&hellip;\n","protected":false},"author":2,"featured_media":253828,"comment_status":"","ping_status":"","sticky":false,"template":"","format":"standard","meta":{"footnotes":""},"categories":[2820],"tags":[119,1111,11,2880,1777,674,274,107,1011,27,775,12,25,640,2879],"class_list":{"0":"post-253827","1":"post","2":"type-post","3":"status-publish","4":"format-standard","5":"has-post-thumbnail","7":"category-strasbourg","8":"tag-accident","9":"tag-actu","10":"tag-actualites","11":"tag-edition-strasbourg","12":"tag-eu","13":"tag-europe","14":"tag-faits-divers-justice","15":"tag-fil-info","16":"tag-fr","17":"tag-france","18":"tag-grand-est","19":"tag-news","20":"tag-republique-francaise","21":"tag-strasbourg","22":"tag-strasbourg-ville"},"share_on_mastodon":{"url":"https:\/\/pubeurope.com\/@fr\/114868444461048861","error":""},"_links":{"self":[{"href":"https:\/\/www.europesays.com\/fr\/wp-json\/wp\/v2\/posts\/253827","targetHints":{"allow":["GET"]}}],"collection":[{"href":"https:\/\/www.europesays.com\/fr\/wp-json\/wp\/v2\/posts"}],"about":[{"href":"https:\/\/www.europesays.com\/fr\/wp-json\/wp\/v2\/types\/post"}],"author":[{"embeddable":true,"href":"https:\/\/www.europesays.com\/fr\/wp-json\/wp\/v2\/users\/2"}],"replies":[{"embeddable":true,"href":"https:\/\/www.europesays.com\/fr\/wp-json\/wp\/v2\/comments?post=253827"}],"version-history":[{"count":0,"href":"https:\/\/www.europesays.com\/fr\/wp-json\/wp\/v2\/posts\/253827\/revisions"}],"wp:featuredmedia":[{"embeddable":true,"href":"https:\/\/www.europesays.com\/fr\/wp-json\/wp\/v2\/media\/253828"}],"wp:attachment":[{"href":"https:\/\/www.europesays.com\/fr\/wp-json\/wp\/v2\/media?parent=253827"}],"wp:term":[{"taxonomy":"category","embeddable":true,"href":"https:\/\/www.europesays.com\/fr\/wp-json\/wp\/v2\/categories?post=253827"},{"taxonomy":"post_tag","embeddable":true,"href":"https:\/\/www.europesays.com\/fr\/wp-json\/wp\/v2\/tags?post=253827"}],"curies":[{"name":"wp","href":"https:\/\/api.w.org\/{rel}","templated":true}]}}