{"id":253837,"date":"2025-07-17T12:00:11","date_gmt":"2025-07-17T12:00:11","guid":{"rendered":"https:\/\/www.europesays.com\/fr\/253837\/"},"modified":"2025-07-17T12:00:11","modified_gmt":"2025-07-17T12:00:11","slug":"nantes-le-medecin-proche-du-peuple-prescrivait-trop-de-drogue-du-pauvre","status":"publish","type":"post","link":"https:\/\/www.europesays.com\/fr\/253837\/","title":{"rendered":"Nantes : le m\u00e9decin \u00ab\u00a0proche du peuple\u00a0\u00bb prescrivait trop de \u00ab\u00a0drogue du pauvre\u00a0\u00bb"},"content":{"rendered":"<p class=\"paragraph text_align_left lp-f-body-02\">Prescrire \u00e0 tour de bras et avoir l\u2019ordonnance facile. Vis\u00e9 pour des d\u00e9rapages devenus des d\u00e9lits, un m\u00e9decin de Nantes (Loire-Atlantique) a \u00e9t\u00e9 condamn\u00e9 ce mercredi 16 juillet \u00e0 deux ans de prison avec sursis et 50 000 euros d\u2019amende par le tribunal correctionnel de Nantes pour avoir prescrit ill\u00e9galement \u00e0 541 reprises de <a href=\"https:\/\/www.leparisien.fr\/faits-divers\/marseille-trois-personnes-ecrouees-pour-un-trafic-de-pregabaline-la-drogue-du-pauvre-23-04-2024-NKEFZTM23VEARD4Q4YPWEBYEE4.php\" target=\"_blank\" rel=\"noreferrer nofollow noopener\">la pr\u00e9gabaline<\/a> \u00e0 106 patients diff\u00e9rents en quatre ans. Plusieurs pharmacies avaient en effet point\u00e9 les prescriptions aux \u00ab dosages anormaux \u00bb du Dr Sami C., avec une posologie atteignant jusqu\u2019\u00e0 deux fois la limite journali\u00e8re autoris\u00e9e, une \u00ab dose l\u00e9tale \u00bb, selon l\u2019Ordre des m\u00e9decins de Loire-Atlantique.<\/p>\n<p class=\"paragraph text_align_left lp-f-body-02\">La pr\u00e9gabaline, mise sur le march\u00e9 en 2004 pour le traitement de l\u2019\u00e9pilepsie partielle, a vu son usage \u00e9largi \u00e0\u0300 la gestion de la douleur neuropathique et du trouble anxieux g\u00e9n\u00e9ralis\u00e9. \u00ab Ce me\u0301dicament est devenu un des premiers me\u0301dicaments faisant l\u2019objet d\u2019ordonnances falsifie\u0301es \u00bb, mettait en garde en 2024 le Dr Dorian Rollet, m\u00e9decin addictologue auteur d\u2019une e\u0301tude transversale sur le m\u00e9susage de la pr\u00e9gabaline.<\/p>\n","protected":false},"excerpt":{"rendered":"Prescrire \u00e0 tour de bras et avoir l\u2019ordonnance facile. Vis\u00e9 pour des d\u00e9rapages devenus des d\u00e9lits, un m\u00e9decin&hellip;\n","protected":false},"author":2,"featured_media":253838,"comment_status":"","ping_status":"","sticky":false,"template":"","format":"standard","meta":{"footnotes":""},"categories":[2818],"tags":[1111,11,459,1777,674,118,1011,27,766,12,2636,25],"class_list":{"0":"post-253837","1":"post","2":"type-post","3":"status-publish","4":"format-standard","5":"has-post-thumbnail","7":"category-nantes","8":"tag-actu","9":"tag-actualites","10":"tag-departements-horsidfo","11":"tag-eu","12":"tag-europe","13":"tag-faits-divers","14":"tag-fr","15":"tag-france","16":"tag-nantes","17":"tag-news","18":"tag-pays-de-la-loire","19":"tag-republique-francaise"},"share_on_mastodon":{"url":"https:\/\/pubeurope.com\/@fr\/114868468041045589","error":""},"_links":{"self":[{"href":"https:\/\/www.europesays.com\/fr\/wp-json\/wp\/v2\/posts\/253837","targetHints":{"allow":["GET"]}}],"collection":[{"href":"https:\/\/www.europesays.com\/fr\/wp-json\/wp\/v2\/posts"}],"about":[{"href":"https:\/\/www.europesays.com\/fr\/wp-json\/wp\/v2\/types\/post"}],"author":[{"embeddable":true,"href":"https:\/\/www.europesays.com\/fr\/wp-json\/wp\/v2\/users\/2"}],"replies":[{"embeddable":true,"href":"https:\/\/www.europesays.com\/fr\/wp-json\/wp\/v2\/comments?post=253837"}],"version-history":[{"count":0,"href":"https:\/\/www.europesays.com\/fr\/wp-json\/wp\/v2\/posts\/253837\/revisions"}],"wp:featuredmedia":[{"embeddable":true,"href":"https:\/\/www.europesays.com\/fr\/wp-json\/wp\/v2\/media\/253838"}],"wp:attachment":[{"href":"https:\/\/www.europesays.com\/fr\/wp-json\/wp\/v2\/media?parent=253837"}],"wp:term":[{"taxonomy":"category","embeddable":true,"href":"https:\/\/www.europesays.com\/fr\/wp-json\/wp\/v2\/categories?post=253837"},{"taxonomy":"post_tag","embeddable":true,"href":"https:\/\/www.europesays.com\/fr\/wp-json\/wp\/v2\/tags?post=253837"}],"curies":[{"name":"wp","href":"https:\/\/api.w.org\/{rel}","templated":true}]}}