{"id":253856,"date":"2025-07-17T12:10:10","date_gmt":"2025-07-17T12:10:10","guid":{"rendered":"https:\/\/www.europesays.com\/fr\/253856\/"},"modified":"2025-07-17T12:10:10","modified_gmt":"2025-07-17T12:10:10","slug":"lyon-enquete-ouverte-apres-la-video-dun-individu-filme-en-train-de-sen-prendre-a-un-equipage-de-police-le-14-juillet","status":"publish","type":"post","link":"https:\/\/www.europesays.com\/fr\/253856\/","title":{"rendered":"Lyon\u00a0: enqu\u00eate ouverte apr\u00e8s la vid\u00e9o d\u2019un individu, film\u00e9 en train de s\u2019en prendre \u00e0 un \u00e9quipage de police le 14\u00a0Juillet"},"content":{"rendered":"<p class=\"paragraph text_align_left lp-f-body-02\">La vid\u00e9o a fait le tour des r\u00e9seaux sociaux. Une enqu\u00eate a \u00e9t\u00e9 ouverte \u00e0 l\u2019encontre d\u2019un individu qui s\u2019en est violemment pris \u00e0 des policiers nationaux, <a href=\"https:\/\/www.leparisien.fr\/faits-divers\/festivites-du-14-juillet-389-interpellations-en-france-et-313-gardes-a-vue-14-07-2025-EYRDS4264VGUJASHHEZIGNEN2Y.php\" target=\"_blank\" rel=\"noreferrer nofollow noopener\">le soir du 14 Juillet<\/a>, sur la place Bellecour \u00e0 Lyon (<a href=\"https:\/\/www.leparisien.fr\/rhone-69\/\" target=\"_blank\" rel=\"noreferrer nofollow noopener\">Rh\u00f4ne<\/a>), a fait savoir la pr\u00e9fecture du Rh\u00f4ne sur son compte X, r\u00e9agissant aux images partag\u00e9es par le compte \u00ab Cpasdeslol \u00bb.<\/p>\n<p class=\"paragraph text_align_left lp-f-body-02\"><a href=\"https:\/\/x.com\/cpasdeslol_X\/status\/1945449963422388504\" target=\"_blank\" rel=\"noreferrer nofollow\">Vue plus de 49 000 fois<\/a>, la vid\u00e9o montre un homme provoquer de mani\u00e8re agressive un \u00e9quipage de policiers, qui se r\u00e9fugie dans leur v\u00e9hicule, avant de frapper violemment les vitres de la voiture en hurlant. Mais face aux r\u00e9actions suscit\u00e9es par la vid\u00e9o, la pr\u00e9fecture du Rh\u00f4ne a tenu \u00e0 donner sa version des faits.<\/p>\n<blockquote class=\"twitter-tweet\">\n<p lang=\"fr\" dir=\"ltr\">\u26a0\ufe0fCe que montre la vid\u00e9o \ud83d\udc49une patrouille de police secours qui intervenait avec beaucoup de sang froid pour pr\u00eater assistance. Nous avons demand\u00e9 \u00e0 l\u2019\u00e9quipage de rejoindre la compagnie d\u00e9partementale d\u2019intervention de la <a href=\"https:\/\/twitter.com\/PoliceNat69?ref_src=twsrc%5Etfw\" rel=\"nofollow noopener\" target=\"_blank\">@PoliceNat69<\/a> place Bellecour parce qu\u2019elle avait face \u00e0\u2026 <a href=\"https:\/\/t.co\/qPAeWGeJVA\" rel=\"nofollow\">pic.twitter.com\/qPAeWGeJVA<\/a><\/p>\n<p>\u2014 Pr\u00e9f\u00e8te de r\u00e9gion Auvergne-Rh\u00f4ne-Alpes et du Rh\u00f4ne (@prefetrhone) <a href=\"https:\/\/twitter.com\/prefetrhone\/status\/1945572952767901922?ref_src=twsrc%5Etfw\" rel=\"nofollow noopener\" target=\"_blank\">July 16, 2025<\/a><\/p><\/blockquote>\n<p>\u00ab Aucune d\u00e9gradation notable \u00bb<\/p>\n<p class=\"paragraph text_align_left lp-f-body-02\">\u00ab Ce que montre la vid\u00e9o, c\u2019est une patrouille de police secours qui intervenait avec beaucoup de sang-froid pour pr\u00eater assistance \u00bb, a expliqu\u00e9 la pr\u00e9f\u00e8te, Fabienne Buccio, dans un message publi\u00e9 sur X. \u00ab Nous avons demand\u00e9 \u00e0 l\u2019\u00e9quipage de rejoindre la compagnie d\u00e9partementale d\u2019intervention de la police nationale du Rh\u00f4ne place Bellecour, parce qu\u2019elle avait face \u00e0 elle des centaines d\u2019individus \u00bb, a-t-elle pr\u00e9cis\u00e9.<\/p>\n<p class=\"paragraph text_align_left lp-f-body-02\">En revanche, \u00ab ce que la vid\u00e9o ne montre pas, pourtant c\u2019est aussi sur les r\u00e9seaux sociaux, c\u2019est la CRS 83 et la compagnie d\u00e9partementale d\u2019intervention, des unit\u00e9s sp\u00e9cialis\u00e9es, qui arrivent imm\u00e9diatement en renfort pour disperser avec efficacit\u00e9 cette foule hostile \u00bb, a ajout\u00e9 la pr\u00e9f\u00e8te.<\/p>\n<p class=\"lp-card-podcast-highlighting__title  lp-f-subtitle-05\">[2\/4] L\u2019attentat du \u00ab Rainbow Warrior \u00bb : un scandale d\u2019\u00c9tat<\/p>\n<p class=\"lp-card-podcast-highlighting__description lp-f-ui-05\">Crime story raconte chaque semaine les grandes affaires criminelles.<\/p>\n<p><a class=\"lp-card-podcast-highlighting__call-to-action\" data-page-type=\"HP\" data-block-name=\"podcast-highlight\">\u00c9couter<\/a><\/p>\n<p class=\"paragraph text_align_left lp-f-body-02\">\u00ab R\u00e9sultats, aucune d\u00e9gradation notable dans le centre de Lyon apr\u00e8s un feu d\u2019artifice qui a rassembl\u00e9 des dizaines de milliers de spectateurs dans le calme \u00bb, a poursuivi la pr\u00e9fecture, indiquant que 22 personnes ont \u00e9t\u00e9 interpell\u00e9es \u00e0 Lyon au cours du week-end du 14 juillet.<\/p>\n<p><script async src=\"https:\/\/platform.twitter.com\/widgets.js\" charset=\"utf-8\"><\/script><\/p>\n","protected":false},"excerpt":{"rendered":"La vid\u00e9o a fait le tour des r\u00e9seaux sociaux. Une enqu\u00eate a \u00e9t\u00e9 ouverte \u00e0 l\u2019encontre d\u2019un individu&hellip;\n","protected":false},"author":2,"featured_media":253857,"comment_status":"","ping_status":"","sticky":false,"template":"","format":"standard","meta":{"footnotes":""},"categories":[1889],"tags":[1111,11,2430,459,1777,674,118,1011,27,2428,12,25],"class_list":{"0":"post-253856","1":"post","2":"type-post","3":"status-publish","4":"format-standard","5":"has-post-thumbnail","7":"category-lyon","8":"tag-actu","9":"tag-actualites","10":"tag-auvergne-rhone-alpes","11":"tag-departements-horsidfo","12":"tag-eu","13":"tag-europe","14":"tag-faits-divers","15":"tag-fr","16":"tag-france","17":"tag-lyon","18":"tag-news","19":"tag-republique-francaise"},"share_on_mastodon":{"url":"https:\/\/pubeurope.com\/@fr\/114868507279741643","error":""},"_links":{"self":[{"href":"https:\/\/www.europesays.com\/fr\/wp-json\/wp\/v2\/posts\/253856","targetHints":{"allow":["GET"]}}],"collection":[{"href":"https:\/\/www.europesays.com\/fr\/wp-json\/wp\/v2\/posts"}],"about":[{"href":"https:\/\/www.europesays.com\/fr\/wp-json\/wp\/v2\/types\/post"}],"author":[{"embeddable":true,"href":"https:\/\/www.europesays.com\/fr\/wp-json\/wp\/v2\/users\/2"}],"replies":[{"embeddable":true,"href":"https:\/\/www.europesays.com\/fr\/wp-json\/wp\/v2\/comments?post=253856"}],"version-history":[{"count":0,"href":"https:\/\/www.europesays.com\/fr\/wp-json\/wp\/v2\/posts\/253856\/revisions"}],"wp:featuredmedia":[{"embeddable":true,"href":"https:\/\/www.europesays.com\/fr\/wp-json\/wp\/v2\/media\/253857"}],"wp:attachment":[{"href":"https:\/\/www.europesays.com\/fr\/wp-json\/wp\/v2\/media?parent=253856"}],"wp:term":[{"taxonomy":"category","embeddable":true,"href":"https:\/\/www.europesays.com\/fr\/wp-json\/wp\/v2\/categories?post=253856"},{"taxonomy":"post_tag","embeddable":true,"href":"https:\/\/www.europesays.com\/fr\/wp-json\/wp\/v2\/tags?post=253856"}],"curies":[{"name":"wp","href":"https:\/\/api.w.org\/{rel}","templated":true}]}}