{"id":253858,"date":"2025-07-17T12:12:14","date_gmt":"2025-07-17T12:12:14","guid":{"rendered":"https:\/\/www.europesays.com\/fr\/253858\/"},"modified":"2025-07-17T12:12:14","modified_gmt":"2025-07-17T12:12:14","slug":"ile-de-france-lci-en-immersion-au-centre-de-formation-des-operateurs-du-samu","status":"publish","type":"post","link":"https:\/\/www.europesays.com\/fr\/253858\/","title":{"rendered":"\u00cele-de-France : LCI en immersion au centre de formation des op\u00e9rateurs du Samu"},"content":{"rendered":"<ul class=\"jsx-862013697 ArticleChapo__List\">\n<li class=\"jsx-862013697 ArticleChapo__List_Item flex\">Les services du Samu sont d\u00e9bord\u00e9s.<\/li>\n<li class=\"jsx-862013697 ArticleChapo__List_Item flex\">Les besoins en assistants de r\u00e9gulation sont tr\u00e8s importants.<\/li>\n<li class=\"jsx-862013697 ArticleChapo__List_Item flex\">Les \u00e9quipes de LCI sont all\u00e9es en immersion au centre de formation des op\u00e9rateurs.<\/li>\n<\/ul>\n<p><a href=\"https:\/\/www.tf1info.fr\/emissions\/lci\/le-6-9-avec-jean-baptiste-boursier-13386\/\" rel=\"noopener\" class=\"jsx-484472199 Link jsx-1428418400 jsx-640816507\" target=\"_blank\"><\/p>\n<p style=\"font-weight:400\" class=\"jsx-1837267516\">Suivez la couverture compl\u00e8te<\/p>\n<p style=\"font-weight:800\" class=\"jsx-1837267516\">Le 6-9 avec Jean-Baptiste Boursier<\/p>\n<p><\/a><\/p>\n<p data-module=\"article-paragraph\" class=\"jsx-3046738180 Paragraph\">\u00ab\u00a0Le SAMU, bonjour\u00a0\u00bb&#8230;Gwellaouen r\u00e9p\u00e8te cette phrase \u00e0 longueur de journ\u00e9e. Assistante de r\u00e9gulation m\u00e9dicale en formation, elle r\u00e9ceptionne les appels adress\u00e9s au 15 et communique un premier diagnostic \u00e0 un <a href=\"https:\/\/www.tf1info.fr\/sante\/les-conseils-d-un-medecin-pour-bien-prendre-soin-de-ses-pieds-en-ete-2382297.html\" target=\"_blank\" rel=\"noopener\">m\u00e9decin<\/a>.\u00a0\u00ab\u00a0J&rsquo;ai une dame qui est t\u00e9moin au t\u00e9l\u00e9phone. Je lui ai dit de rester en s\u00e9curit\u00e9. Tout ce qu&rsquo;elle peut me dire, c&rsquo;est que le monsieur bouge encore, donc il est conscient\u00a0\u00bb, explique-t-elle \u00e0 son interlocuteur.\u00a0<\/p>\n<p data-module=\"article-paragraph\" class=\"jsx-3046738180 Paragraph\">Cette formation se fait sous la direction de Djamel, formateur au<a href=\"https:\/\/www.tf1info.fr\/sante\/on-va-surement-etre-a-30-40-avec-la-canicule-le-samu-de-paris-enregistre-un-pic-d-appels-2380307.html\" target=\"_blank\" rel=\"noopener\"> Samu<\/a> 93. \u00ab\u00a0On a d\u00e9j\u00e0 des cas qui sont plus ou moins pr\u00e9par\u00e9s. Et ensuite, on essaye un petit peu de les adapter par rapport \u00e0 des situations qu&rsquo;on a d\u00e9j\u00e0 v\u00e9cues\u00a0\u00bb, d\u00e9taille-t-il.\u00a0<\/p>\n<p data-module=\"article-paragraph\" class=\"jsx-3046738180 Paragraph Paragraph__End\">En tout, 60 \u00e9l\u00e8ves sont form\u00e9s dans ce centre d&rsquo;entra\u00eenement en \u00cele-de-France. Ces futures recrues sont pr\u00e9par\u00e9es \u00e0 tous les sc\u00e9narios. \u00ab\u00a0Le cursus de formation des assistants de r\u00e9gulation m\u00e9dicale est de 10 mois. Pendant ces 10 mois, ils vont apprendre \u00e0 d\u00e9crocher un appel avec les bases de communication, de savoir g\u00e9rer les \u00e9motions d&rsquo;une personne qui est en panique, qui a peur, qui est en col\u00e8re en face\u00a0\u00bb, assure Jean-Philippe Desclefs, directeur m\u00e9dical du Samu 91.<\/p>\n<p><a href=\"https:\/\/www.tf1info.fr\/societe\/video-tf1-elle-a-agonise-le-combat-des-filles-de-yolande-gabriel-morte-apres-sa-sortie-des-urgences-et-un-appel-au-samu-hopital-meaux-2359943.html\" rel=\"noopener\" class=\"jsx-3308031228 Link flex\" target=\"_blank\"><img decoding=\"async\" src=\"https:\/\/www.europesays.com\/fr\/wp-content\/uploads\/2025\/07\/yolande-gabriel-jta-2-9452cf-0@1x.jpeg\" alt=\"TF1\" loading=\"lazy\" importance=\"low\" fetchpriority=\"low\" class=\"\" aria-hidden=\"true\"\/><\/p>\n<p class=\"jsx-3657663356 ReadMoreArticle__Title\">Lire aussi<\/p>\n<p class=\"jsx-3657663356\">\u00ab\u00a0Elle a agonis\u00e9\u00a0\u00bb : le combat des filles de Yolande Gabriel, morte apr\u00e8s sa sortie des urgences et un appel au Samu<\/p>\n<p><\/a><\/p>\n<p data-module=\"article-paragraph\" class=\"jsx-3046738180 Paragraph\">Ce n\u2019est que depuis 2019 qu\u2019une formation est obligatoire pour entrer dans le m\u00e9tier. Une d\u00e9cision prise apr\u00e8s l\u2019affaire Naomi Musenga, du nom d\u2019une patiente d\u00e9c\u00e9d\u00e9e \u00e0 Strasbourg, fin 2017, apr\u00e8s un appel au Samu qui n\u2019avait pas \u00e9t\u00e9 pris au s\u00e9rieux. Les nouveaux assistants de r\u00e9gulation sont d\u00e9j\u00e0 tr\u00e8s attendus. Ils aideront le SAMU de Paris \u00e0 traiter les plus de 500.000 appels qu&rsquo;il re\u00e7oit chaque ann\u00e9e.<\/p>\n<p data-module=\"article-paragraph\" class=\"jsx-3046738180 Paragraph Paragraph__End\">Selon une \u00e9tude du minist\u00e8re de la Sant\u00e9, publi\u00e9e le 21 janvier 2025, 20,7 millions d\u2019appels ont \u00e9t\u00e9 d\u00e9croch\u00e9s en 2022 par les Samu soit une hausse de 48,2 % par rapport \u00e0 2014.<\/p>\n<p>Thibault JEANNIN<\/p>\n","protected":false},"excerpt":{"rendered":"Les services du Samu sont d\u00e9bord\u00e9s. Les besoins en assistants de r\u00e9gulation sont tr\u00e8s importants. Les \u00e9quipes de&hellip;\n","protected":false},"author":2,"featured_media":253859,"comment_status":"","ping_status":"","sticky":false,"template":"","format":"standard","meta":{"footnotes":""},"categories":[1592],"tags":[1111,11,1921,1777,674,1011,27,662,1922,2496,12,626,25,71,133,6230],"class_list":{"0":"post-253858","1":"post","2":"type-post","3":"status-publish","4":"format-standard","5":"has-post-thumbnail","7":"category-ile-de-france","8":"tag-actu","9":"tag-actualites","10":"tag-article-video","11":"tag-eu","12":"tag-europe","13":"tag-fr","14":"tag-france","15":"tag-ile-de-france","16":"tag-info","17":"tag-le-6-9-avec-jean-baptiste-boursier","18":"tag-news","19":"tag-paris","20":"tag-republique-francaise","21":"tag-sante","22":"tag-video","23":"tag-video-sante-et-bien-etre"},"share_on_mastodon":{"url":"https:\/\/pubeurope.com\/@fr\/114868515357226453","error":""},"_links":{"self":[{"href":"https:\/\/www.europesays.com\/fr\/wp-json\/wp\/v2\/posts\/253858","targetHints":{"allow":["GET"]}}],"collection":[{"href":"https:\/\/www.europesays.com\/fr\/wp-json\/wp\/v2\/posts"}],"about":[{"href":"https:\/\/www.europesays.com\/fr\/wp-json\/wp\/v2\/types\/post"}],"author":[{"embeddable":true,"href":"https:\/\/www.europesays.com\/fr\/wp-json\/wp\/v2\/users\/2"}],"replies":[{"embeddable":true,"href":"https:\/\/www.europesays.com\/fr\/wp-json\/wp\/v2\/comments?post=253858"}],"version-history":[{"count":0,"href":"https:\/\/www.europesays.com\/fr\/wp-json\/wp\/v2\/posts\/253858\/revisions"}],"wp:featuredmedia":[{"embeddable":true,"href":"https:\/\/www.europesays.com\/fr\/wp-json\/wp\/v2\/media\/253859"}],"wp:attachment":[{"href":"https:\/\/www.europesays.com\/fr\/wp-json\/wp\/v2\/media?parent=253858"}],"wp:term":[{"taxonomy":"category","embeddable":true,"href":"https:\/\/www.europesays.com\/fr\/wp-json\/wp\/v2\/categories?post=253858"},{"taxonomy":"post_tag","embeddable":true,"href":"https:\/\/www.europesays.com\/fr\/wp-json\/wp\/v2\/tags?post=253858"}],"curies":[{"name":"wp","href":"https:\/\/api.w.org\/{rel}","templated":true}]}}