{"id":253868,"date":"2025-07-17T12:17:11","date_gmt":"2025-07-17T12:17:11","guid":{"rendered":"https:\/\/www.europesays.com\/fr\/253868\/"},"modified":"2025-07-17T12:17:11","modified_gmt":"2025-07-17T12:17:11","slug":"apres-jabrane-attiyat-allah-tourne-le-dos-a-la-russie","status":"publish","type":"post","link":"https:\/\/www.europesays.com\/fr\/253868\/","title":{"rendered":"Apr\u00e8s Jabrane, Attiyat-Allah tourne le dos \u00e0 la Russie"},"content":{"rendered":"<p>Selon des informations exclusives obtenues par Africafoot, l\u2019international marocain <a href=\"https:\/\/africafoot.com\/tag\/yahia-attiyat-allah\/\" data-wpel-link=\"internal\" rel=\"nofollow noopener\" target=\"_blank\">Yahia Attiyat-Allah<\/a> est tout proche d\u2019un accord d\u00e9finitif avec son club russe, le FC Sotchi, afin de faciliter son d\u00e9part.<\/p>\n<p>Et pour cause : le lat\u00e9ral gauche ne souhaite pas revenir en Russie, malgr\u00e9 la mont\u00e9e du club en premi\u00e8re division. Son souhait est clair : retourner dans son club de c\u0153ur, le Wydad Casablanca, notamment apr\u00e8s la confirmation du retour de son ancien co\u00e9quipier en s\u00e9lection, <a href=\"https:\/\/africafoot.com\/tag\/yahya-jabrane\/\" data-wpel-link=\"internal\" rel=\"nofollow noopener\" target=\"_blank\">Yahya Jabrane<\/a>.<\/p>\n<p>Les dirigeants du Wydad ont entam\u00e9 des n\u00e9gociations concr\u00e8tes avec Sotchi pour racheter la derni\u00e8re ann\u00e9e de contrat du joueur. Toujours selon nos sources, le club marocain a m\u00eame propos\u00e9 une formule de compensation originale, en envoyant deux joueurs actuels de son effectif en \u00e9change, afin d\u2019all\u00e9ger le co\u00fbt de l\u2019op\u00e9ration.<\/p>\n<p><a href=\"https:\/\/africafoot.com\/yahia-attiyat-allah-parcours-couts-des-transferts-remuneration-et-plus\/\" data-wpel-link=\"internal\" rel=\"nofollow noopener\" target=\"_blank\">Parcours de Yahia Attiyat-Allah, co\u00fbts des transferts, r\u00e9mun\u00e9ration et plus<\/a><\/p>\n<p><img loading=\"lazy\" decoding=\"async\" class=\"alignnone size-full wp-image-163471\" src=\"https:\/\/www.europesays.com\/fr\/wp-content\/uploads\/2025\/07\/Yahia-Attiyat-Allah-min.jpg\" alt=\"Yahia Attiyat-Allah\" width=\"900\" height=\"600\"  \/>Initialement, Attiyat-Allah esp\u00e9rait prolonger son exp\u00e9rience en \u00c9gypte avec Al Ahly, o\u00f9 il avait \u00e9t\u00e9 pr\u00eat\u00e9 la saison derni\u00e8re. Toutefois, le coach espagnol Jos\u00e9 Ribeiro n\u2019ayant pas \u00e9t\u00e9 pleinement convaincu par ses prestations, <a href=\"https:\/\/africafoot.com\/al-ahly-tranche-sur-lavenir-de-yahia-attiyat-allah\/\" data-wpel-link=\"internal\" rel=\"nofollow noopener\" target=\"_blank\">le club cairote a d\u00e9cid\u00e9 de ne pas lever l\u2019option d\u2019achat<\/a>. Suite \u00e0 cela, le Wydad avait d\u00e9cid\u00e9 de passer \u00e0 l\u2019action pour rapatrier le joueur, <a href=\"https:\/\/africafoot.com\/wydad-athletic-club-veut-rapatrier-yahia-attiyat-allah\/\" data-wpel-link=\"internal\" rel=\"nofollow noopener\" target=\"_blank\">selon les informations exclusives d\u2019Africafoot<\/a>.<\/p>\n<p>Yahya Attiyat-Allah s\u2019est impos\u00e9 ces derni\u00e8res ann\u00e9es comme l\u2019un des meilleurs lat\u00e9raux gauches africains. N\u00e9 \u00e0 Safi, il a commenc\u00e9 sa carri\u00e8re professionnelle \u00e0 l\u2019Olympique Safi, o\u00f9 il a r\u00e9v\u00e9l\u00e9 son talent et sa qualit\u00e9 de centre. Apr\u00e8s des passages remarqu\u00e9s \u00e0 l\u2019Olympique Safi puis au Wydad Casablanca, il a conquis les supporters gr\u00e2ce \u00e0 sa combativit\u00e9 et ses courses incessantes sur son flanc.<\/p>\n<p>Avec le Wydad, il a remport\u00e9 plusieurs titres, dont la Botola Pro (Championnat du Maroc) et la prestigieuse Ligue des Champions de la CAF, marquant les esprits lors des grandes \u00e9ch\u00e9ances africaines. Ces performances lui ont ouvert les portes de la s\u00e9lection marocaine, avec laquelle il a particip\u00e9 \u00e0 la Coupe du Monde 2022 au Qatar, atteignant les demi-finales, une premi\u00e8re historique pour le Maroc et l\u2019Afrique.<\/p>\n<p>Apr\u00e8s son aventure marocaine, Attiyat-Allah a bri\u00e8vement \u00e9volu\u00e9 au sein du FC Sotchi en Russie, avant un pr\u00eat \u00e0 Al Ahly SC d\u2019\u00c9gypte. Aujourd\u2019hui, il aspire \u00e0 retrouver la passion des supporters du Wydad et \u00e0 prolonger son histoire avec le club rouge, l\u00e0 o\u00f9 il a connu ses plus beaux succ\u00e8s. <a href=\"https:\/\/africafoot.com\/yahia-attiyat-allah-proche-de-lesperance-de-tunis\/\" data-wpel-link=\"internal\" rel=\"nofollow noopener\" target=\"_blank\">Selon les informations d\u2019Africafoot<\/a>, l\u2019Esp\u00e9rance de Tunis voulait \u00e9galement recruter l\u2019international marocain.<\/p>\n","protected":false},"excerpt":{"rendered":"Selon des informations exclusives obtenues par Africafoot, l\u2019international marocain Yahia Attiyat-Allah est tout proche d\u2019un accord d\u00e9finitif avec&hellip;\n","protected":false},"author":2,"featured_media":253869,"comment_status":"","ping_status":"","sticky":false,"template":"","format":"standard","meta":{"footnotes":""},"categories":[1591],"tags":[11,1887,12,1885,1886,132],"class_list":{"0":"post-253868","1":"post","2":"type-post","3":"status-publish","4":"format-standard","5":"has-post-thumbnail","7":"category-russie","8":"tag-actualites","9":"tag-federation-de-russie","10":"tag-news","11":"tag-russia","12":"tag-russian-federation","13":"tag-russie"},"share_on_mastodon":{"url":"https:\/\/pubeurope.com\/@fr\/114868534854497700","error":""},"_links":{"self":[{"href":"https:\/\/www.europesays.com\/fr\/wp-json\/wp\/v2\/posts\/253868","targetHints":{"allow":["GET"]}}],"collection":[{"href":"https:\/\/www.europesays.com\/fr\/wp-json\/wp\/v2\/posts"}],"about":[{"href":"https:\/\/www.europesays.com\/fr\/wp-json\/wp\/v2\/types\/post"}],"author":[{"embeddable":true,"href":"https:\/\/www.europesays.com\/fr\/wp-json\/wp\/v2\/users\/2"}],"replies":[{"embeddable":true,"href":"https:\/\/www.europesays.com\/fr\/wp-json\/wp\/v2\/comments?post=253868"}],"version-history":[{"count":0,"href":"https:\/\/www.europesays.com\/fr\/wp-json\/wp\/v2\/posts\/253868\/revisions"}],"wp:featuredmedia":[{"embeddable":true,"href":"https:\/\/www.europesays.com\/fr\/wp-json\/wp\/v2\/media\/253869"}],"wp:attachment":[{"href":"https:\/\/www.europesays.com\/fr\/wp-json\/wp\/v2\/media?parent=253868"}],"wp:term":[{"taxonomy":"category","embeddable":true,"href":"https:\/\/www.europesays.com\/fr\/wp-json\/wp\/v2\/categories?post=253868"},{"taxonomy":"post_tag","embeddable":true,"href":"https:\/\/www.europesays.com\/fr\/wp-json\/wp\/v2\/tags?post=253868"}],"curies":[{"name":"wp","href":"https:\/\/api.w.org\/{rel}","templated":true}]}}