{"id":253870,"date":"2025-07-17T12:18:12","date_gmt":"2025-07-17T12:18:12","guid":{"rendered":"https:\/\/www.europesays.com\/fr\/253870\/"},"modified":"2025-07-17T12:18:12","modified_gmt":"2025-07-17T12:18:12","slug":"ukraine-ioulia-svyrydenko-nommee-premiere-ministre-deputes-17-07-2025-a-1351","status":"publish","type":"post","link":"https:\/\/www.europesays.com\/fr\/253870\/","title":{"rendered":"Ukraine-Ioulia Svyrydenko nomm\u00e9e Premi\u00e8re ministre-d\u00e9put\u00e9s &#8211; 17\/07\/2025 \u00e0 13:51"},"content":{"rendered":"<p>\n (Actualis\u00e9 avec l&rsquo;annonce de la nouvelle ambassadrice d&rsquo;Ukraine<br \/>\naux \u00c9tats-Unis)\n<\/p>\n<p>\n Le parlement ukrainien a<br \/>\ndonn\u00e9 jeudi son feu vert pour nommer Ioulia Svyrydenko en tant<br \/>\nque Premi\u00e8re ministre, ont annonc\u00e9 des d\u00e9put\u00e9s ukrainiens sur<br \/>\nles r\u00e9seaux sociaux.\n<\/p>\n<p>\n Selon eux, 262 d\u00e9put\u00e9s ont vot\u00e9 en faveur de Ioulia<br \/>\nSvyrydenko, soit une confortable majorit\u00e9 au sein d&rsquo;un parlement<br \/>\nde 450 si\u00e8ges.\n<\/p>\n<p>\n Le pr\u00e9sident ukrainien Volodimir Zelensky avait propos\u00e9<br \/>\nlundi de nommer \u00e0 la t\u00eate du gouvernement cette \u00e9conomiste de<br \/>\nformation qui occupait le poste de premi\u00e8re vice-Premi\u00e8re<br \/>\nministre depuis 2021. Elle a jou\u00e9 un r\u00f4le cl\u00e9 dans les r\u00e9centes<br \/>\nn\u00e9gociations sur les minerais avec les \u00c9tats-Unis.\n<\/p>\n<p>\n Il s&rsquo;agit du premier changement \u00e0 la t\u00eate du gouvernement<br \/>\ndepuis le d\u00e9but de la guerre en f\u00e9vrier 2022.\n<\/p>\n<p>\n La nouvelle Premi\u00e8re ministre a d\u00e9clar\u00e9 sur X que ses<br \/>\npriorit\u00e9s seraient un approvisionnement fiable de l&rsquo;arm\u00e9e et<br \/>\nl&rsquo;expansion de la production nationale d&rsquo;armes.\n<\/p>\n<p>\n Elle a \u00e9galement annonc\u00e9 que son gouvernement allait lancer<br \/>\nun audit complet des finances publiques afin de r\u00e9aliser des<br \/>\n\u00ab\u00a0\u00e9conomies r\u00e9elles\u00a0\u00bb, ajoutant que les privatisations \u00e0 grande<br \/>\n\u00e9chelle devraient \u00eatre acc\u00e9l\u00e9r\u00e9es.\n<\/p>\n<p>\n Ioulia Svyrydenko remplace Denys Chmyhal, qui a annonc\u00e9<br \/>\nmardi avoir soumis sa d\u00e9mission en pr\u00e9vision d&rsquo;un vaste<br \/>\nremaniement gouvernemental. Il occupait ce poste depuis mars<br \/>\n2020.\n<\/p>\n<p>\n Le Parlement ukrainien doit d\u00e9sormais se prononcer sur la<br \/>\nnomination de Denys Chmyhal au poste de ministre de la D\u00e9fense.\n<\/p>\n<p>\n Le pr\u00e9sident ukrainien a d\u00e9clar\u00e9 qu&rsquo;il souhaitait que le<br \/>\ngouvernement remani\u00e9 se concentre sur la d\u00e9r\u00e9glementation, le<br \/>\nd\u00e9veloppement de la coop\u00e9ration \u00e9conomique avec ses alli\u00e9s et<br \/>\nl&rsquo;application de sanctions plus s\u00e9v\u00e8res \u00e0 l&rsquo;encontre de ceux qui<br \/>\nont menac\u00e9 le statut d&rsquo;\u00c9tat de l&rsquo;Ukraine.\n<\/p>\n<p>\n Le pr\u00e9sident ukrainien a en outre annonc\u00e9 jeudi Olha<br \/>\nStefanichyna, vice-Premi\u00e8re ministre charg\u00e9e de l&rsquo;int\u00e9gration<br \/>\neuro-atlantique depuis 2020, serait la nouvelle ambassadrice<br \/>\nd&rsquo;Ukraine aux \u00c9tats-Unis.\n<\/p>\n<p>\n Volodimir Zelensky a pr\u00e9cis\u00e9 sur Telegram qu&rsquo;il l&rsquo;avait<br \/>\nnomm\u00e9e repr\u00e9sentante sp\u00e9ciale du pr\u00e9sident aux \u00c9tats-Unis afin<br \/>\nqu&rsquo;elle puisse d\u00e9velopper des relations avec Washington pendant<br \/>\nque les proc\u00e9dures n\u00e9cessaires \u00e0 sa nomination comme<br \/>\nambassadrice \u00e9taient en cours.\n<\/p>\n<p>\n Olha Stefanichyna remplacera ainsi l&rsquo;actuelle<br \/>\nambassadrice d&rsquo;Ukraine aux \u00c9tats-Unis, Oksana Markarova, qui<br \/>\ns&rsquo;\u00e9tait attir\u00e9 les foudres des soutiens de Donald Trump lors de<br \/>\nla campagne pr\u00e9sidentielle de 2024. Les r\u00e9publicains lui ont<br \/>\nreproch\u00e9 notamment d&rsquo;avoir aid\u00e9 le Parti d\u00e9mocrate de l&rsquo;ancien<br \/>\npr\u00e9sident en organisant la visite de Volodimir Zelensky dans une<br \/>\nusine de munitions de Pennsylvanie \u00e0 l&rsquo;automne 2024, \u00e0 laquelle<br \/>\nont particip\u00e9 des \u00e9lus d\u00e9mocrates mais aucun r\u00e9publicain.\n<\/p>\n<p>\n (Anastasiia Malenko et Yuliia Dysa ; r\u00e9dig\u00e9 par Max Hunder ;<br \/>\nversion fran\u00e7aise Diana Mandia ; \u00e9dit\u00e9 par Kate Entringer et<br \/>\nAugustin Turpin)<\/p>\n","protected":false},"excerpt":{"rendered":"(Actualis\u00e9 avec l&rsquo;annonce de la nouvelle ambassadrice d&rsquo;Ukraine aux \u00c9tats-Unis) Le parlement ukrainien a donn\u00e9 jeudi son feu&hellip;\n","protected":false},"author":2,"featured_media":2486,"comment_status":"","ping_status":"","sticky":false,"template":"","format":"standard","meta":{"footnotes":""},"categories":[1590],"tags":[400,11,398,408,405,1777,674,403,402,399,404,12,401,406,220,407],"class_list":{"0":"post-253870","1":"post","2":"type-post","3":"status-publish","4":"format-standard","5":"has-post-thumbnail","7":"category-ukraine","8":"tag-action-cac-40","9":"tag-actualites","10":"tag-bourse-de-paris","11":"tag-boursorama","12":"tag-cotations","13":"tag-eu","14":"tag-europe","15":"tag-indices-devises","16":"tag-investir","17":"tag-investissement","18":"tag-marche-boursier","19":"tag-news","20":"tag-sicav","21":"tag-trackers","22":"tag-ukraine","23":"tag-warrants"},"share_on_mastodon":{"url":"https:\/\/pubeurope.com\/@fr\/114868538863536765","error":""},"_links":{"self":[{"href":"https:\/\/www.europesays.com\/fr\/wp-json\/wp\/v2\/posts\/253870","targetHints":{"allow":["GET"]}}],"collection":[{"href":"https:\/\/www.europesays.com\/fr\/wp-json\/wp\/v2\/posts"}],"about":[{"href":"https:\/\/www.europesays.com\/fr\/wp-json\/wp\/v2\/types\/post"}],"author":[{"embeddable":true,"href":"https:\/\/www.europesays.com\/fr\/wp-json\/wp\/v2\/users\/2"}],"replies":[{"embeddable":true,"href":"https:\/\/www.europesays.com\/fr\/wp-json\/wp\/v2\/comments?post=253870"}],"version-history":[{"count":0,"href":"https:\/\/www.europesays.com\/fr\/wp-json\/wp\/v2\/posts\/253870\/revisions"}],"wp:featuredmedia":[{"embeddable":true,"href":"https:\/\/www.europesays.com\/fr\/wp-json\/wp\/v2\/media\/2486"}],"wp:attachment":[{"href":"https:\/\/www.europesays.com\/fr\/wp-json\/wp\/v2\/media?parent=253870"}],"wp:term":[{"taxonomy":"category","embeddable":true,"href":"https:\/\/www.europesays.com\/fr\/wp-json\/wp\/v2\/categories?post=253870"},{"taxonomy":"post_tag","embeddable":true,"href":"https:\/\/www.europesays.com\/fr\/wp-json\/wp\/v2\/tags?post=253870"}],"curies":[{"name":"wp","href":"https:\/\/api.w.org\/{rel}","templated":true}]}}