{"id":253875,"date":"2025-07-17T12:21:09","date_gmt":"2025-07-17T12:21:09","guid":{"rendered":"https:\/\/www.europesays.com\/fr\/253875\/"},"modified":"2025-07-17T12:21:09","modified_gmt":"2025-07-17T12:21:09","slug":"ces-eleves-de-leure-a-lassaut-de-lallemagne-grace-au-programme-europeen-erasmus","status":"publish","type":"post","link":"https:\/\/www.europesays.com\/fr\/253875\/","title":{"rendered":"Ces \u00e9l\u00e8ves de l&rsquo;Eure \u00e0 l&rsquo;assaut de l&rsquo;Allemagne gr\u00e2ce au programme europ\u00e9en Erasmus+"},"content":{"rendered":"<p>            Par<br \/>\n        <strong><br \/>\n            <a href=\"https:\/\/actu.fr\/auteur\/redaction-impartial\" title=\"Consulter tous les articles de R\u00e9daction L&#039;Impartial\" rel=\"nofollow noopener\" target=\"_blank\">R\u00e9daction L&rsquo;Impartial<\/a><br \/>\n        <\/strong><\/p>\n<p>        Publi\u00e9 le<\/p>\n<p>            17 juil. 2025 \u00e0 12h30        <\/p>\n<p>Apr\u00e8s un premier groupe d\u2019\u00e9l\u00e8ves parti \u00e0 Barcelone, c\u2019\u00e9tait au tour de sept lyc\u00e9ennes de terminale ASSP (Accompagnement, Soins et Services \u00e0 la Personne) du lyc\u00e9e professionnel Louise Michel de <a href=\"https:\/\/actu.fr\/normandie\/gisors_27284\" rel=\"nofollow noopener\" target=\"_blank\">Gisors<\/a> (<a href=\"https:\/\/actu.fr\/l-impartial\/\" rel=\"nofollow noopener\" target=\"_blank\">Eure<\/a>) de partir pour Riegelsberg, en Allemagne peu avant l\u2019\u00e9t\u00e9.<\/p>\n<p class=\" wall-content\">Ce voyage de quatre semaines s\u2019inscrivait dans le cadre du programme Erasmus+ et a \u00e9t\u00e9 rendu possible gr\u00e2ce au comit\u00e9 de jumelage de Gisors.<\/p>\n<p>Une adaptation \u00e0 un autre mode vie<\/p>\n<p class=\" wall-content\">Sous la houlette de Sabine Dieutre, professeure de Sciences et Technologies de la Sant\u00e9 et du Social (STMS), et de Sophie Argentin, professeure d\u2019allemand, les jeunes filles ont voyag\u00e9 en taxi, puis en train depuis la gare de l\u2019Est \u00e0 Paris.<\/p>\n<p class=\" wall-content\">Une fois sur place, elles ont \u00e9t\u00e9 h\u00e9berg\u00e9es dans des familles d\u2019accueil, \u00e0 l\u2019image de leurs camarades en Espagne.<\/p>\n<p class=\" wall-content\">Le stage s\u2019est d\u00e9roul\u00e9 int\u00e9gralement dans une cr\u00e8che bilingue, une sp\u00e9cificit\u00e9 rendue possible par la proximit\u00e9 de la fronti\u00e8re fran\u00e7aise.<\/p>\n<p>Vid\u00e9os : en ce moment sur Actu<\/p>\n<p class=\" wall-content\">Cette immersion a permis aux \u00e9l\u00e8ves de se confronter \u00e0 des m\u00e9thodes de travail diff\u00e9rentes de celles qu\u2019elles connaissaient. Elles ont partag\u00e9 leurs impressions :<\/p>\n<blockquote class=\"ac-article-quote wall-content\">\n<p>\u00ab\u00a0Il y a des diff\u00e9rences avec chez nous comme le fait que la cr\u00e8che accueille des enfants jusqu\u2019\u00e0 6 ans, le traitement et l\u2019attention des enfants peuvent \u00eatre diff\u00e9rents puisqu\u2019ils peuvent \u00eatre plus \u00e2g\u00e9s.\u00a0\u00bb<\/p>\n<\/blockquote>\n<p class=\" wall-content\">Au-del\u00e0 des pratiques professionnelles, les lyc\u00e9ennes ont \u00e9galement d\u00fb s\u2019adapter \u00e0 de nouveaux aspects de la vie quotidienne, comme les transports entre leur lieu de r\u00e9sidence et la structure de stage, avec parfois des trajets cons\u00e9quents.<\/p>\n<p class=\" wall-content\">La nourriture et le rythme des repas ont aussi marqu\u00e9 leur esprit.<\/p>\n<p class=\" wall-content\">Cette exp\u00e9rience a \u00e9t\u00e9 l\u2019occasion pour les \u00e9l\u00e8ves de mieux appr\u00e9hender le fonctionnement d\u2019une cr\u00e8che allemande, o\u00f9 l\u2019accent est davantage mis sur l\u2019autonomie de l\u2019enfant qu\u2019en France.<\/p>\n<p class=\" wall-content\">Elles ont pu s\u2019int\u00e9grer dans un milieu professionnel inconnu, ce qui a repr\u00e9sent\u00e9 une exp\u00e9rience enrichissante. Ce s\u00e9jour leur permettra sans aucun doute de progresser en allemand, une option qui compte pour le baccalaur\u00e9at et qui pourrait leur apporter des points suppl\u00e9mentaires.<\/p>\n<p class=\" wall-content\">Suivez toute l\u2019actualit\u00e9 de vos villes et m\u00e9dias favoris en vous inscrivant \u00e0 <a href=\"https:\/\/moncompte.actu.fr\" title=\"D\u00e9couvez Mon Actu\" rel=\"nofollow noopener\" data-trk=\"{&quot;cta&quot;:{&quot;action&quot;:&quot;https:\\\/\\\/moncompte.actu.fr&quot;,&quot;category&quot;:&quot;mon compte&quot;,&quot;from&quot;:&quot;article footer&quot;,&quot;name&quot;:&quot;Mon actu&quot;,&quot;type&quot;:&quot;cta&quot;}}\" target=\"_blank\">Mon Actu<\/a>.<\/p>\n","protected":false},"excerpt":{"rendered":"Par R\u00e9daction L&rsquo;Impartial Publi\u00e9 le 17 juil. 2025 \u00e0 12h30 Apr\u00e8s un premier groupe d\u2019\u00e9l\u00e8ves parti \u00e0 Barcelone,&hellip;\n","protected":false},"author":2,"featured_media":253876,"comment_status":"","ping_status":"","sticky":false,"template":"","format":"standard","meta":{"footnotes":""},"categories":[1587],"tags":[11,672,1804,1805,1803,1057,1777,674,1801,12,1802,104],"class_list":{"0":"post-253875","1":"post","2":"type-post","3":"status-publish","4":"format-standard","5":"has-post-thumbnail","7":"category-allemagne","8":"tag-actualites","9":"tag-allemagne","10":"tag-bundesrepublik-deutschland","11":"tag-de","12":"tag-deutschland","13":"tag-education","14":"tag-eu","15":"tag-europe","16":"tag-germany","17":"tag-news","18":"tag-republique-federale-dallemagne","19":"tag-societe"},"share_on_mastodon":{"url":"https:\/\/pubeurope.com\/@fr\/114868550634075533","error":""},"_links":{"self":[{"href":"https:\/\/www.europesays.com\/fr\/wp-json\/wp\/v2\/posts\/253875","targetHints":{"allow":["GET"]}}],"collection":[{"href":"https:\/\/www.europesays.com\/fr\/wp-json\/wp\/v2\/posts"}],"about":[{"href":"https:\/\/www.europesays.com\/fr\/wp-json\/wp\/v2\/types\/post"}],"author":[{"embeddable":true,"href":"https:\/\/www.europesays.com\/fr\/wp-json\/wp\/v2\/users\/2"}],"replies":[{"embeddable":true,"href":"https:\/\/www.europesays.com\/fr\/wp-json\/wp\/v2\/comments?post=253875"}],"version-history":[{"count":0,"href":"https:\/\/www.europesays.com\/fr\/wp-json\/wp\/v2\/posts\/253875\/revisions"}],"wp:featuredmedia":[{"embeddable":true,"href":"https:\/\/www.europesays.com\/fr\/wp-json\/wp\/v2\/media\/253876"}],"wp:attachment":[{"href":"https:\/\/www.europesays.com\/fr\/wp-json\/wp\/v2\/media?parent=253875"}],"wp:term":[{"taxonomy":"category","embeddable":true,"href":"https:\/\/www.europesays.com\/fr\/wp-json\/wp\/v2\/categories?post=253875"},{"taxonomy":"post_tag","embeddable":true,"href":"https:\/\/www.europesays.com\/fr\/wp-json\/wp\/v2\/tags?post=253875"}],"curies":[{"name":"wp","href":"https:\/\/api.w.org\/{rel}","templated":true}]}}