{"id":253887,"date":"2025-07-17T12:29:12","date_gmt":"2025-07-17T12:29:12","guid":{"rendered":"https:\/\/www.europesays.com\/fr\/253887\/"},"modified":"2025-07-17T12:29:12","modified_gmt":"2025-07-17T12:29:12","slug":"galthie-lassure-il-a-construit-son-equipe-pour-faire-jouer-un-jeune-talent-du-stade-toulousain","status":"publish","type":"post","link":"https:\/\/www.europesays.com\/fr\/253887\/","title":{"rendered":"Galthi\u00e9 l\u2019assure, il a construit son \u00e9quipe pour faire jouer un jeune talent du Stade Toulousain"},"content":{"rendered":"<p>Il n\u2019aura pas fait le voyage \u00e0 vide. Quelques heures apr\u00e8s avoir remport\u00e9 le Bouclier de Brennus avec le Stade Toulousain, en \u00e9tant titulaire pour la premi\u00e8re fois de sa carri\u00e8re en finale, Joshua Brennan a fil\u00e9 \u00e0 l\u2019autre bout du monde pour rejoindre le XV de France en Nouvelle-Z\u00e9lande. La semaine pass\u00e9e, le fils de l\u2019international irlandais Trevor Brennan a f\u00eat\u00e9 sa premi\u00e8re s\u00e9lection.<\/p>\n<p>Une performance encourageante mais ternie par un carton jaune. Quoiqu\u2019il en soit, le staff croit beaucoup en lui et a d\u00e9cid\u00e9 de le reconduire ce samedi \u00e0 Hamilton, cette fois-ci en troisi\u00e8me-ligne. En conf\u00e9rence de presse, Fabien Galthi\u00e9 a lou\u00e9 son importance dans le futur, dans des propos rapport\u00e9s par <a href=\"https:\/\/www.rugbyrama.fr\/2025\/07\/17\/tournee-du-xv-de-france-en-nouvelle-zelande-galthie-je-voudrais-quon-soit-arbitres-comme-lequipe-de-france-12829987.php\" rel=\"nofollow noopener\" target=\"_blank\">Rugbyrama<\/a>.<\/p>\n<blockquote>\n<p>\u00ab\u00a0C\u2019est clairement un joueur en devenir. On le suit d\u2019ailleurs depuis tr\u00e8s longtemps. Josh, on veut le faire jouer et on a construit une \u00e9quipe dans laquelle il peut trouver sa place. Il a un peu le profil de Pierre Bochaton ou Cameron Woki\u00a0; il peut occuper les postes de num\u00e9ro\u00a04 ou de flanker.\u00a0\u00bb<\/p>\n<\/blockquote>\n<p>\u00ab\u00a0Joshua est costaud, a de bonnes mains et on veut le revoir\u00a0\u00bb<\/p>\n<p>Invit\u00e9 \u00e0 revenir sur sa premi\u00e8re cape, le s\u00e9lectionneur a conscience que Brennan peut et doit progresser.<\/p>\n<blockquote>\n<p>\u00ab\u00a0Il a pris un carton jaune\u00a0! (Rires) Mais il a ce soir-l\u00e0 compris que la marge de man\u0153uvre \u00e9tait diff\u00e9rente au niveau international. \u00c7a l\u2019a frustr\u00e9 et il pense qu\u2019il peut faire beaucoup mieux, puisqu\u2019on a encaiss\u00e9 quatorze points le temps de son absence. \u00c7a ne nous a pas aid\u00e9 mais tout \u00e7a, il en a conscience. [\u2026] Joshua, il est costaud, a de bonnes mains et on veut le revoir. Il a gagn\u00e9 sa place \u00e0 Toulouse. Il \u00e9tait d\u2019ailleurs titulaire en finale de Top 14. C\u2019est tout sauf anodin.\u00a0\u00bb<\/p>\n<\/blockquote>\n<p>Partagez cette info avec vos amis et vos proches en cliquant ici<br \/>Pour r\u00e9sumer<\/p>\n<p>Fabien Galthi\u00e9 est revenu sur la nouvelle titularisation d\u2019un jeune joueur du Stade Toulousain pour le troisi\u00e8me test face \u00e0 la Nouvelle-Z\u00e9lande. Le s\u00e9lectionneur croit \u00e9norm\u00e9ment en son potentiel et veut le revoir \u00e0 ce niveau.<\/p>\n<p> <img decoding=\"async\" width=\"76\" height=\"76\" loading=\"lazy\" src=\"https:\/\/www.europesays.com\/fr\/wp-content\/uploads\/2025\/04\/avatar-quinze.png\" alt=\"Arnaud D\u00e9chelotte\"\/><\/p>\n","protected":false},"excerpt":{"rendered":"Il n\u2019aura pas fait le voyage \u00e0 vide. Quelques heures apr\u00e8s avoir remport\u00e9 le Bouclier de Brennus avec&hellip;\n","protected":false},"author":2,"featured_media":253888,"comment_status":"","ping_status":"","sticky":false,"template":"","format":"standard","meta":{"footnotes":""},"categories":[1416],"tags":[1011,27,479,1468,60],"class_list":{"0":"post-253887","1":"post","2":"type-post","3":"status-publish","4":"format-standard","5":"has-post-thumbnail","7":"category-rugby","8":"tag-fr","9":"tag-france","10":"tag-rugby","11":"tag-rugby-football","12":"tag-sports"},"share_on_mastodon":{"url":"https:\/\/pubeurope.com\/@fr\/114868582137766049","error":""},"_links":{"self":[{"href":"https:\/\/www.europesays.com\/fr\/wp-json\/wp\/v2\/posts\/253887","targetHints":{"allow":["GET"]}}],"collection":[{"href":"https:\/\/www.europesays.com\/fr\/wp-json\/wp\/v2\/posts"}],"about":[{"href":"https:\/\/www.europesays.com\/fr\/wp-json\/wp\/v2\/types\/post"}],"author":[{"embeddable":true,"href":"https:\/\/www.europesays.com\/fr\/wp-json\/wp\/v2\/users\/2"}],"replies":[{"embeddable":true,"href":"https:\/\/www.europesays.com\/fr\/wp-json\/wp\/v2\/comments?post=253887"}],"version-history":[{"count":0,"href":"https:\/\/www.europesays.com\/fr\/wp-json\/wp\/v2\/posts\/253887\/revisions"}],"wp:featuredmedia":[{"embeddable":true,"href":"https:\/\/www.europesays.com\/fr\/wp-json\/wp\/v2\/media\/253888"}],"wp:attachment":[{"href":"https:\/\/www.europesays.com\/fr\/wp-json\/wp\/v2\/media?parent=253887"}],"wp:term":[{"taxonomy":"category","embeddable":true,"href":"https:\/\/www.europesays.com\/fr\/wp-json\/wp\/v2\/categories?post=253887"},{"taxonomy":"post_tag","embeddable":true,"href":"https:\/\/www.europesays.com\/fr\/wp-json\/wp\/v2\/tags?post=253887"}],"curies":[{"name":"wp","href":"https:\/\/api.w.org\/{rel}","templated":true}]}}