{"id":253889,"date":"2025-07-17T12:30:11","date_gmt":"2025-07-17T12:30:11","guid":{"rendered":"https:\/\/www.europesays.com\/fr\/253889\/"},"modified":"2025-07-17T12:30:11","modified_gmt":"2025-07-17T12:30:11","slug":"wimbledon-seal-suis-je-le-porte-bonheur-de-jannik-non-il-na-pas-besoin-de-moi-pour-gagner","status":"publish","type":"post","link":"https:\/\/www.europesays.com\/fr\/253889\/","title":{"rendered":"Wimbledon > Seal : \u00ab\u00a0Suis-je le porte-bonheur de Jannik ? Non, il n\u2019a pas besoin de moi pour gagner\u00a0\u00bb"},"content":{"rendered":"<p>La pr\u00e9sence du chan\u00adteur et auteur\u2010compositeur britan\u00adnique dans le box de Jannik Sinner lors de la finale de Wimbledon n\u2019\u00e9tait pas pass\u00e9e inaper\u00e7ue.<\/p>\n<p>Interrog\u00e9 par le quoti\u00addien\u00a0Il Nazionale, Seal est revenu sur leur rencontre et sur le lien qui s\u2019est tiss\u00e9 au fil du\u00a0temps.<\/p>\n<blockquote class=\"twitter-tweet\" data-width=\"550\" data-dnt=\"true\">\n<p lang=\"it\" dir=\"ltr\">Seal \ud83c\udf99<\/p>\n<p>\u00ab\u202fIo e Sinner ci siamo conos\u00adciuti 4 anni fa allo US Open. Lui disse che gli piace\u00advano i miei vestiti, io gli risposi che adoravo il suo tennis\u00a0: siamo diven\u00adtati amici.<\/p>\n<p>Io porta\u00adfor\u00adtuna di Jannik\u202f? Ma no, non ha bisogno di me per vincere\u202f! \u00c8 un privi\u00adlegio vederlo giocare, a\u2026 <a href=\"https:\/\/t.co\/wxmA2Pwm8d\" data-wpel-link=\"external\" target=\"_blank\" rel=\"nofollow external noopener\">pic.twitter.com\/wxmA2Pwm8d<\/a><\/p>\n<p>\u2014 Giovanni Pelazzo (@giovannipelazzo) <a href=\"https:\/\/twitter.com\/giovannipelazzo\/status\/1945773373608354271?ref_src=twsrc%5Etfw\" data-wpel-link=\"external\" target=\"_blank\" rel=\"nofollow external noopener\">July 17,\u00a02025<\/a><\/p><\/blockquote>\n<p><strong>\u00ab\u202fSuis\u2010je le porte\u2010bonheur de Jannik\u202f? Non, il n\u2019a pas besoin de moi pour gagner\u202f! C\u2019est un privi\u00adl\u00e8ge de le voir jouer. J\u2019aime le tennis, mais ce n\u2019est pas pour cela que j\u2019assiste \u00e0 ses matchs. J\u2019y vais parce que c\u2019est un \u00eatre humain incroya\u00adble\u00adment positif. Voir autant d\u2019humilit\u00e9 et d\u2019empathie chez un gar\u00e7on aussi jeune, c\u2019est extr\u00ea\u00adme\u00adment rare\u202f\u00bb<\/strong>, a confi\u00e9 l\u2019artiste.<\/p>\n<p class=\"post-published-date\" style=\"color: silver; font-size: 75%; text-align: left;\">Publi\u00e9 le jeudi 17 juillet 2025 \u00e0 13:19<\/p>\n<p><script async src=\"https:\/\/platform.twitter.com\/widgets.js\" charset=\"utf-8\"><\/script><\/p>\n","protected":false},"excerpt":{"rendered":"La pr\u00e9sence du chan\u00adteur et auteur\u2010compositeur britan\u00adnique dans le box de Jannik Sinner lors de la finale de&hellip;\n","protected":false},"author":2,"featured_media":253890,"comment_status":"","ping_status":"","sticky":false,"template":"","format":"standard","meta":{"footnotes":""},"categories":[1415],"tags":[1011,27,2127,60,1467],"class_list":{"0":"post-253889","1":"post","2":"type-post","3":"status-publish","4":"format-standard","5":"has-post-thumbnail","7":"category-tennis","8":"tag-fr","9":"tag-france","10":"tag-sinner","11":"tag-sports","12":"tag-tennis"},"share_on_mastodon":{"url":"https:\/\/pubeurope.com\/@fr\/114868585944199473","error":""},"_links":{"self":[{"href":"https:\/\/www.europesays.com\/fr\/wp-json\/wp\/v2\/posts\/253889","targetHints":{"allow":["GET"]}}],"collection":[{"href":"https:\/\/www.europesays.com\/fr\/wp-json\/wp\/v2\/posts"}],"about":[{"href":"https:\/\/www.europesays.com\/fr\/wp-json\/wp\/v2\/types\/post"}],"author":[{"embeddable":true,"href":"https:\/\/www.europesays.com\/fr\/wp-json\/wp\/v2\/users\/2"}],"replies":[{"embeddable":true,"href":"https:\/\/www.europesays.com\/fr\/wp-json\/wp\/v2\/comments?post=253889"}],"version-history":[{"count":0,"href":"https:\/\/www.europesays.com\/fr\/wp-json\/wp\/v2\/posts\/253889\/revisions"}],"wp:featuredmedia":[{"embeddable":true,"href":"https:\/\/www.europesays.com\/fr\/wp-json\/wp\/v2\/media\/253890"}],"wp:attachment":[{"href":"https:\/\/www.europesays.com\/fr\/wp-json\/wp\/v2\/media?parent=253889"}],"wp:term":[{"taxonomy":"category","embeddable":true,"href":"https:\/\/www.europesays.com\/fr\/wp-json\/wp\/v2\/categories?post=253889"},{"taxonomy":"post_tag","embeddable":true,"href":"https:\/\/www.europesays.com\/fr\/wp-json\/wp\/v2\/tags?post=253889"}],"curies":[{"name":"wp","href":"https:\/\/api.w.org\/{rel}","templated":true}]}}