{"id":253891,"date":"2025-07-17T12:32:11","date_gmt":"2025-07-17T12:32:11","guid":{"rendered":"https:\/\/www.europesays.com\/fr\/253891\/"},"modified":"2025-07-17T12:32:11","modified_gmt":"2025-07-17T12:32:11","slug":"bastianini-de-retour-pas-a-100-et-avec-3-kg-en-moins","status":"publish","type":"post","link":"https:\/\/www.europesays.com\/fr\/253891\/","title":{"rendered":"Bastianini de retour, \u00ab\u00a0pas \u00e0 100%\u00a0\u00bb et avec 3 kg en moins"},"content":{"rendered":"<p><a href=\"https:\/\/fr.motorsport.com\/driver\/enea-bastianini\/109398\/\" target=\"_blank\" rel=\"noopener\">Enea Bastianini<\/a> fait son retour ce week-end, apr\u00e8s avoir d\u00fb manquer le GP d&rsquo;Allemagne. Le pilote Tech3 a en effet pass\u00e9 une sale semaine, qui a commenc\u00e9 par une grosse intoxication alimentaire et s&rsquo;est termin\u00e9e par une hospitalisation caus\u00e9e par une inflammation de l&rsquo;appendice.<\/p>\n<p>\u00ab\u00a0Je vais plus ou moins bien \u00e0 pr\u00e9sent. \u00c7a a \u00e9t\u00e9 tr\u00e8s compliqu\u00e9 parce qu&rsquo;au bout de nombreux examens, [on a compris que] j&rsquo;avais pris une bact\u00e9rie dans du poulet. Le poulet a d\u00e9truit mon week-end !\u00a0\u00bb, explique l&rsquo;Italien au moment de retrouver le paddock, \u00e0 Brno.<\/p>\n<p>\u00ab\u00a0C&rsquo;\u00e9tait une bact\u00e9rie dans du poulet. Pas besoin d&rsquo;intervention. J&rsquo;avais l&rsquo;appendice tr\u00e8s inflamm\u00e9. Quand on faisait la palpation sur l&rsquo;estomac, on sentait \u00e9norm\u00e9ment de liquide. J&rsquo;avais un ventre\u2026 On aurait dit que j&rsquo;\u00e9tais enceinte ! C&rsquo;\u00e9tait \u00e9trange. J&rsquo;\u00e9tais certain que \u00e7a n&rsquo;\u00e9tait pas un virus ou quoi que ce soit de ce genre. J&rsquo;\u00e9tais s\u00fbr que c&rsquo;\u00e9tait autre chose.\u00a0\u00bb<\/p>\n<p>S&rsquo;il promet \u00eatre suffisamment remis pour remonter en selle, Bastianini explique avoir tout de m\u00eame \u00e9t\u00e9 affaibli par sa m\u00e9saventure : \u00ab\u00a0Je pense ne pas \u00eatre \u00e0 100%, j&rsquo;ai perdu plus de 3 kg pendant le week-end. J&rsquo;ai essay\u00e9 de m&rsquo;entra\u00eener un peu avant de venir et, d&rsquo;une mani\u00e8re g\u00e9n\u00e9rale, je vais bien. Hier,\u00a0pour mon dernier entra\u00eenement, mes sensations n&rsquo;\u00e9taient pas trop mauvaises, mais je ne suis pas \u00e0 100%.\u00a0\u00bb<\/p>\n<p>Lire aussi :<\/p>\n<p>\u00ab\u00a0Je suis quand m\u00eame confiant de faire un bon week-end, \u00e7a va \u00eatre bien de d\u00e9penser mon \u00e9nergie, surtout samedi et dimanche. Ceci dit, je ne sais pas comment mon physique va r\u00e9agir pendant le week-end\u00a0\u00bb, poursuit-il, certain malgr\u00e9 tout de ne rien manquer du Grand Prix. \u00ab\u00a0Oui, l\u00e0-dessus je suis confiant. C&rsquo;est probablement dimanche qui va \u00eatre le plus difficile pour faire la course longue sans m&rsquo;\u00eatre entra\u00een\u00e9 pendant une semaine, mais le probl\u00e8me a surtout \u00e9t\u00e9 de perdre 3 kg. Je n&rsquo;ai rien bu ni mang\u00e9 pendant trois jours\u2026 C&rsquo;\u00e9tait une remise \u00e0 z\u00e9ro !\u00a0\u00bb<\/p>\n<p>Contraint au repos forc\u00e9, Enea Bastianini n&rsquo;a commenc\u00e9 \u00e0 reprendre des forces que dimanche, tandis que ses adversaires s&rsquo;affrontaient en course.\u00a0\u00ab\u00a0Jusqu&rsquo;\u00e0 vendredi, et m\u00eame un peu samedi, je n&rsquo;arrivais pas \u00e0 penser \u00e0 autre chose que me remettre sur pied et aller mieux, parce que j&rsquo;\u00e9tais vraiment mal. Apr\u00e8s, j&rsquo;ai commenc\u00e9 \u00e0 aller bien et j&rsquo;ai aussi repris mon t\u00e9l\u00e9phone parce que jusqu&rsquo;alors, je n&rsquo;arrivais \u00e0 rien faire\u2026 Dimanche, j&rsquo;ai quitt\u00e9 l&rsquo;h\u00f4pital et j&rsquo;ai regard\u00e9 la course \u00e0 la maison, et l\u00e0, oui, j&rsquo;ai souffert. C&rsquo;\u00e9tait moche de ne pas y \u00eatre.\u00a0\u00bb<\/p>\n<p>L&rsquo;\u00e9quipe Tech3 n&rsquo;a pu aligner aucun pilote en course, le week-end dernier, <a href=\"https:\/\/fr.motorsport.com\/driver\/maverick-vinales\/96553\/\" target=\"_blank\" rel=\"noopener\">Maverick Vi\u00f1ales<\/a> s&rsquo;\u00e9tant, lui, bless\u00e9 en qualifications. L&rsquo;Espagnol reste absent en R\u00e9publique tch\u00e8que, remplac\u00e9 par <a href=\"https:\/\/fr.motorsport.com\/driver\/pol-espargaro\/94345\/\" target=\"_blank\" rel=\"noopener\">Pol Espargar\u00f3<\/a>.<\/p>\n<p>Dans cet article<\/p>\n<p>Soyez le premier inform\u00e9 et souscrivez aux alertes mails pour recevoir les infos en temps r\u00e9el<\/p>\n<p>    S&rsquo;abonner aux alertes de news<\/p>\n","protected":false},"excerpt":{"rendered":"Enea Bastianini fait son retour ce week-end, apr\u00e8s avoir d\u00fb manquer le GP d&rsquo;Allemagne. Le pilote Tech3 a&hellip;\n","protected":false},"author":2,"featured_media":253892,"comment_status":"","ping_status":"","sticky":false,"template":"","format":"standard","meta":{"footnotes":""},"categories":[1413],"tags":[37813,3377,1011,27,37812,1457,1456,1458,60,3374],"class_list":{"0":"post-253891","1":"post","2":"type-post","3":"status-publish","4":"format-standard","5":"has-post-thumbnail","7":"category-moto","8":"tag-brno-circuit","9":"tag-enea-bastianini","10":"tag-fr","11":"tag-france","12":"tag-gp-de-ru00e9publique-tchu00e8que","13":"tag-moto","14":"tag-motocycle","15":"tag-motogp","16":"tag-sports","17":"tag-tech-3"},"share_on_mastodon":{"url":"https:\/\/pubeurope.com\/@fr\/114868593857670090","error":""},"_links":{"self":[{"href":"https:\/\/www.europesays.com\/fr\/wp-json\/wp\/v2\/posts\/253891","targetHints":{"allow":["GET"]}}],"collection":[{"href":"https:\/\/www.europesays.com\/fr\/wp-json\/wp\/v2\/posts"}],"about":[{"href":"https:\/\/www.europesays.com\/fr\/wp-json\/wp\/v2\/types\/post"}],"author":[{"embeddable":true,"href":"https:\/\/www.europesays.com\/fr\/wp-json\/wp\/v2\/users\/2"}],"replies":[{"embeddable":true,"href":"https:\/\/www.europesays.com\/fr\/wp-json\/wp\/v2\/comments?post=253891"}],"version-history":[{"count":0,"href":"https:\/\/www.europesays.com\/fr\/wp-json\/wp\/v2\/posts\/253891\/revisions"}],"wp:featuredmedia":[{"embeddable":true,"href":"https:\/\/www.europesays.com\/fr\/wp-json\/wp\/v2\/media\/253892"}],"wp:attachment":[{"href":"https:\/\/www.europesays.com\/fr\/wp-json\/wp\/v2\/media?parent=253891"}],"wp:term":[{"taxonomy":"category","embeddable":true,"href":"https:\/\/www.europesays.com\/fr\/wp-json\/wp\/v2\/categories?post=253891"},{"taxonomy":"post_tag","embeddable":true,"href":"https:\/\/www.europesays.com\/fr\/wp-json\/wp\/v2\/tags?post=253891"}],"curies":[{"name":"wp","href":"https:\/\/api.w.org\/{rel}","templated":true}]}}