{"id":253893,"date":"2025-07-17T12:33:13","date_gmt":"2025-07-17T12:33:13","guid":{"rendered":"https:\/\/www.europesays.com\/fr\/253893\/"},"modified":"2025-07-17T12:33:13","modified_gmt":"2025-07-17T12:33:13","slug":"pourquoi-mclaren-pense-que-le-crash-du-canada-est-arrive-au-bon-moment","status":"publish","type":"post","link":"https:\/\/www.europesays.com\/fr\/253893\/","title":{"rendered":"Pourquoi McLaren pense que le crash du Canada est arriv\u00e9 au bon moment"},"content":{"rendered":"<p>Pour le PDG de <a href=\"https:\/\/fr.motorsport.com\/team\/mclaren\/609\/\" target=\"_blank\" rel=\"noopener nofollow\">McLaren<\/a> Racing, Zak Brown, l&rsquo;accrochage entre <a href=\"https:\/\/fr.motorsport.com\/driver\/lando-norris\/289708\/\" target=\"_blank\" rel=\"noopener nofollow\">Lando Norris<\/a> et\u00a0<a href=\"https:\/\/fr.motorsport.com\/driver\/oscar-piastri\/835356\/\" target=\"_blank\" rel=\"noopener nofollow\">Oscar Piastri<\/a> au GP du Canada a eu comme effet paradoxal d&rsquo;am\u00e9liorer la situation au sein de l&rsquo;\u00e9curie.<\/p>\n<p>Le Britannique reste sur deux victoires cons\u00e9cutives apr\u00e8s les succ\u00e8s en Autriche et en Grande-Bretagne, les deux \u00e9preuves qui ont suivi la collision avec son \u00e9quipier et son abandon dans les derniers tours du GP du Canada. Dans une saison qui semble plus que jamais s&rsquo;orienter vers un duel entre les deux pilotes pour le titre mondial, ils ne sont d\u00e9sormais plus s\u00e9par\u00e9s que par huit points.<\/p>\n<p>Certes, Norris a b\u00e9n\u00e9fici\u00e9 d&rsquo;une r\u00e9ussite certaine avec des faits de courses qui l&rsquo;ont avantag\u00e9 et surtout la p\u00e9nalit\u00e9 dont a \u00e9cop\u00e9 l&rsquo;Australien \u00e0 Silverstone, toutefois pour son patron, il y a quelque chose qui a chang\u00e9 au sein de la structure et c&rsquo;est notamment gr\u00e2ce \u00e0 la tension que l&rsquo;incident de Montr\u00e9al a permis de rel\u00e2cher.<\/p>\n<p>\u00ab\u00a0Je pense qu&rsquo;en fait Montr\u00e9al a \u00e9t\u00e9 un bon moment pour nous tous, avec le recul\u00a0\u00bb, a d\u00e9clar\u00e9 Brown \u00e0 Sky Sports, avant d&rsquo;ajouter : \u00ab\u00a0Cela a permis d&rsquo;\u00e9vacuer la tension et d&rsquo;en finir, et tout le monde en a discut\u00e9. J&rsquo;ai l&rsquo;impression que cela a renforc\u00e9 la confiance et le confort de tout le monde : c&rsquo;est arriv\u00e9, c&rsquo;\u00e9tait une erreur. Il y aura d&rsquo;autres incidents dans un avenir proche, mais il s&rsquo;agira d&rsquo;erreurs et \u00e7a arrivera.\u00a0\u00bb<\/p>\n<p>Une sensation de victoire pas alt\u00e9r\u00e9e, selon Stella<br \/>\n   <img decoding=\"async\" draggable=\"false\" src=\"https:\/\/www.europesays.com\/fr\/wp-content\/uploads\/2025\/07\/1752755592_640_lando-norris-mclaren-oscar-pia.jpg\" alt=\"Zak Brown au milieu de Lando Norris et Oscar Piastri.\" width=\"1200\" height=\"800\" loading=\"lazy\"\/> <\/p>\n<p class=\"title\">Zak Brown au milieu de Lando Norris et Oscar Piastri.<\/p>\n<p class=\"photographer\">Photo de: Sam Bagnall \/ Sutton Images via Getty Images<\/p>\n<p>Andrea Stella, le directeur de l&rsquo;\u00e9curie, a pour sa part battu en br\u00e8che l&rsquo;id\u00e9e que la p\u00e9nalit\u00e9 de Piastri ait pu att\u00e9nuer le bonheur ressenti par Norris de l&rsquo;avoir emport\u00e9 \u00e0 domicile. \u00ab\u00a0Quand je vois l&rsquo;enthousiasme et la joie de Lando, je pense qu&rsquo;il a clairement v\u00e9cu l&rsquo;exp\u00e9rience compl\u00e8te.\u00a0\u00bb <\/p>\n<p>\u00ab\u00a0Lando a fait son travail, il l&rsquo;a fait de mani\u00e8re juste et \u00e9quitable, sans aucune faute de sa part, il a tr\u00e8s bien pilot\u00e9, il est all\u00e9 vite, il s&rsquo;est retrouv\u00e9 en t\u00eate et il a gagn\u00e9 le Grand Prix de Grande-Bretagne, et je pense qu&rsquo;il devrait profiter pleinement de cette grande exp\u00e9rience et de cette immense joie.\u00a0\u00bb<\/p>\n<p>\u00ab\u00a0En m\u00eame temps, nous partageons un peu d&rsquo;amertume avec Oscar, mais Oscar est quelqu&rsquo;un de tr\u00e8s fort et il utilisera cette situation comme une motivation suppl\u00e9mentaire pour le reste de la saison.\u00a0\u00bb<\/p>\n<p>Alors que la saison 2025 a atteint sa moiti\u00e9, avec 12 GP disput\u00e9s sur 24 au programme, l&rsquo;\u00e9curie devrait conna\u00eetre dans les mois qui viennent d&rsquo;autres situations tendues. Mais Brown ne d\u00e9viera pas d&rsquo;un iota dans la fa\u00e7on dont le constructeur g\u00e8re la situation, et esp\u00e8re pouvoir compter sur la domination comptable pour ne pas avoir \u00e0 d\u00e9partager ses pilotes.\u00a0<\/p>\n<p>   <img decoding=\"async\" draggable=\"false\" src=\"https:\/\/www.europesays.com\/fr\/wp-content\/uploads\/2025\/07\/1752755593_76_lando-norris-mclaren-oscar-pia.jpg\" alt=\"Lando Norris et Oscar Piastri apr\u00e8s le GP de Grande-Bretagne.\" width=\"1200\" height=\"800\" loading=\"lazy\"\/> <\/p>\n<p class=\"title\">Lando Norris et Oscar Piastri apr\u00e8s le GP de Grande-Bretagne.<\/p>\n<p class=\"photographer\">Photo de: Erik Junius<\/p>\n<p>\u00ab\u00a0Nous gardons le cap sur ce que nous faisons\u00a0\u00bb, a d\u00e9clar\u00e9 Brown. \u00ab\u00a0Nous les traitons sur un pied d&rsquo;\u00e9galit\u00e9, de mani\u00e8re \u00e9quitable et transparente, avec une bonne communication. Et si nous pouvons continuer \u00e0 creuser l&rsquo;\u00e9cart, nous voulons que ce soit \u00e0 eux de d\u00e9cider qui remportera le championnat. Et que le meilleur gagne.\u00a0\u00bb<\/p>\n<p>\u00ab\u00a0Ils sont tous les deux tr\u00e8s propres, donc ce qui est bien, c&rsquo;est qu&rsquo;on n&rsquo;a pas l&rsquo;impression que l&rsquo;un d&rsquo;eux va sortir l&rsquo;autre de la piste. Ils vont se battre \u00e0 fond. Encore une fois, il y aura des erreurs en cours de route. Mais je pense que ce sera une bataille \u00e9pique jusqu&rsquo;\u00e0 la derni\u00e8re course.\u00a0\u00bb<\/p>\n<p style=\"text-align: right;\">Avec Filip Cleeren<\/p>\n<p>Lire aussi :<\/p>\n<p>Dans cet article<\/p>\n<p>Soyez le premier inform\u00e9 et souscrivez aux alertes mails pour recevoir les infos en temps r\u00e9el<\/p>\n<p>    S&rsquo;abonner aux alertes de news<\/p>\n","protected":false},"excerpt":{"rendered":"Pour le PDG de McLaren Racing, Zak Brown, l&rsquo;accrochage entre Lando Norris et\u00a0Oscar Piastri au GP du Canada&hellip;\n","protected":false},"author":2,"featured_media":253894,"comment_status":"","ping_status":"","sticky":false,"template":"","format":"standard","meta":{"footnotes":""},"categories":[1412],"tags":[12570,1451,1452,1453,1454,1455,1011,27,23124,2243,4475,2241,23125,60,15819],"class_list":{"0":"post-253893","1":"post","2":"type-post","3":"status-publish","4":"format-standard","5":"has-post-thumbnail","7":"category-f1","8":"tag-andrea-stella","9":"tag-f1","10":"tag-formula-1","11":"tag-formula1","12":"tag-formule-1","13":"tag-formule1","14":"tag-fr","15":"tag-france","16":"tag-gp-de-grande-bretagne","17":"tag-lando-norris","18":"tag-mclaren","19":"tag-oscar-piastri","20":"tag-silverstone","21":"tag-sports","22":"tag-zak-brown"},"share_on_mastodon":{"url":"https:\/\/pubeurope.com\/@fr\/114868597931825145","error":""},"_links":{"self":[{"href":"https:\/\/www.europesays.com\/fr\/wp-json\/wp\/v2\/posts\/253893","targetHints":{"allow":["GET"]}}],"collection":[{"href":"https:\/\/www.europesays.com\/fr\/wp-json\/wp\/v2\/posts"}],"about":[{"href":"https:\/\/www.europesays.com\/fr\/wp-json\/wp\/v2\/types\/post"}],"author":[{"embeddable":true,"href":"https:\/\/www.europesays.com\/fr\/wp-json\/wp\/v2\/users\/2"}],"replies":[{"embeddable":true,"href":"https:\/\/www.europesays.com\/fr\/wp-json\/wp\/v2\/comments?post=253893"}],"version-history":[{"count":0,"href":"https:\/\/www.europesays.com\/fr\/wp-json\/wp\/v2\/posts\/253893\/revisions"}],"wp:featuredmedia":[{"embeddable":true,"href":"https:\/\/www.europesays.com\/fr\/wp-json\/wp\/v2\/media\/253894"}],"wp:attachment":[{"href":"https:\/\/www.europesays.com\/fr\/wp-json\/wp\/v2\/media?parent=253893"}],"wp:term":[{"taxonomy":"category","embeddable":true,"href":"https:\/\/www.europesays.com\/fr\/wp-json\/wp\/v2\/categories?post=253893"},{"taxonomy":"post_tag","embeddable":true,"href":"https:\/\/www.europesays.com\/fr\/wp-json\/wp\/v2\/tags?post=253893"}],"curies":[{"name":"wp","href":"https:\/\/api.w.org\/{rel}","templated":true}]}}