{"id":253899,"date":"2025-07-17T12:36:11","date_gmt":"2025-07-17T12:36:11","guid":{"rendered":"https:\/\/www.europesays.com\/fr\/253899\/"},"modified":"2025-07-17T12:36:11","modified_gmt":"2025-07-17T12:36:11","slug":"qui-a-regarde-le-documentaire-hommage-a-thierry-ardisson-sur-tf1-20-minutes","status":"publish","type":"post","link":"https:\/\/www.europesays.com\/fr\/253899\/","title":{"rendered":"Qui a regard\u00e9 le documentaire-hommage \u00e0 Thierry Ardisson sur TF1 ? &#8211; 20 Minutes"},"content":{"rendered":"<ol>\n<li><a href=\"https:\/\/news.google.com\/rss\/articles\/CBMi9gFBVV95cUxOX0NnbndHRl9wSWtVdTdsWndILUhVaVE0RzNJYzUzMG9SNzUtZjM5dllUNG0ycHY4MEtVeXJGd04wSEZURF9MODJ2bEtmQnZBQjNCSkoyNDFNYllDcVppbGRmc2VhbUR1eUxqZ2lyaXRhVy01M09SeW1mOG9jN05NWlJxc1ppSkhrZVdDVGZFTnFvbTBjWW5YN1hvbFpnTUNhNDhkc0RfXzA4bWR3TFVGbnh5T2JvaXRfQ1pPQ3BTU0s5SHZzZG1UREF0dlgxWFJaWE1PRkVzdGU4aG5ZeXBIa3FZemlXV3ozbnZOcWctSzhocldCc1E?oc=5\" target=\"_blank\" rel=\"noopener\">Qui a regard\u00e9 le documentaire-hommage \u00e0 Thierry Ardisson sur TF1 ?<\/a>&nbsp;&nbsp;20 Minutes<\/li>\n<li><a href=\"https:\/\/news.google.com\/rss\/articles\/CBMivgFBVV95cUxQRzBRZXVDOGR6a2FNNmRJcnozLUZEWVJwZXc0TzFRakZJc2FWemNfaXFUbzcxU0pjS3poRkJFZ2JJT1lJUEZUVnRBZEdMNTNHQzVtdFh1VEJzblFNd2F2aFVBa3RDVXhBN3E4ZW0tb09STHlfNFdpM2pZVVlFbExkUHBxbEh3Q3BHUnZHS2pHaG9UTFZMVUh1MVhCZWEwZXdndF9PRFUzVzF6dmZvRzhadk43Q0V6LUdRZnptdUFn?oc=5\" target=\"_blank\" rel=\"noopener\">La face cach\u00e9e de l&rsquo;homme en noir &#8211; Thierry Ardisson &#8211; La face cach\u00e9e de l&rsquo;homme en noir<\/a>&nbsp;&nbsp;TF1+<\/li>\n<li><a href=\"https:\/\/news.google.com\/rss\/articles\/CBMi-wFBVV95cUxOYnEzR3M5cHZ5UWpmcXB6SlFGVWV3ZkJEUDhtVnViR1NIUEZ0cTNBbllHajdNb09jQm1KeVkyVHJnRFlSQ25wX29udzJFV3Fvc3FTVmNHMU9KWElvWTNUWWpkck1zOGF5NG9VQU45d3FhdW9jaUNfNDJwcGVnc29aNjhmWVlfOG0tUjFyNUs4Wnd6cGl3Q3dUMmZpWFZoM0NGN1FGYWRCbmd6aTQ4bG5OMzJlWXhpQzFrTWxHendyZDJ5U0QyRVFLZ2txZFZVZFVNSDZmczhnUGM2S1A1V2VCcGI3TFlSMFI0WkxXZzE4UHp3RWIwNld4SHhySQ?oc=5\" target=\"_blank\" rel=\"noopener\">Son enfance, la drogue et Dieu : ce qu\u2019il faut retenir du documentaire d\u2019Audrey Crespo-Mara sur Thierry Ardisson<\/a>&nbsp;&nbsp;TV Magazine<\/li>\n<li><a href=\"https:\/\/news.google.com\/rss\/articles\/CBMinwJBVV95cUxPb0xXMHlPZkRRNG84dzRvWFNfZzZyNTRrTXcwYXRyWS1FRTBDVmJlQ1ZlSjJ3VTUtbnE2MkI4QVJLZ0dERFlyNE43aG9QZVZ2U3BJbmNDQ3RIRTl1MTVWQ0J4SXd0a3RUbS1SQVZFY0xwb05OVU51ak9MOEJ1TFNDc2xWa3Y4R3NYeEpYN21udlFWVXZhLWl0SDZNWS12NzBybnhyak83N3Myang5RFBhXzQ3RWhPMHF1MXlyeW9HSkRfcXlRS0wxb25tczl2OHhwZ1NFdGdDbk1jUm4yT0NEdS03eUoyUmVxLXVlRDRNaVU1REtLNEZGX1JTX3EydDlDYkphVzlBeUNneTUyX2lhamdPWXc5WmI4N21tdVBvdw?oc=5\" target=\"_blank\" rel=\"noopener\">\u00ab La face cach\u00e9e de l\u2019homme en noir \u00bb sur TF1 : le torrent de larmes d\u2019Ardisson<\/a>&nbsp;&nbsp;Le Parisien<\/li>\n<li><a href=\"https:\/\/news.google.com\/rss\/articles\/CBMi8gFBVV95cUxOZkdKTnQ4Z29KUVVEZ21xSVh3UEZIUHpqazhhVkRtcm1iSUE5dnA4NkhkVzZzVjMwdkJTclhxQnB1NURvUkFkdkFMdnlHdzFtT0FxV05pS3BLZVhhNmtMWFlweTRNRWcxanB5SDJPY1hZYzhtQUY2MHc0T2FjYW1fV1R5RFQ1MkdKT092X25uVV84T016LVRjMWcwa2ZyNXdodXcydC10V2x0NjA2NWtQQUJmYm10VUdQYkJqbEo0SGFJNmdOSkRGUVJNX1gzRE9Td0NoTmhwdUc0UGZTb1NTb0d2bl9oOXVoOXZkb2pLdGlRQQ?oc=5\" target=\"_blank\" rel=\"noopener\">Ardisson \u00e0 l\u2019h\u00f4pital : le docu d\u2019Audrey Crespo-Mara sans filtre d\u00e8s les premi\u00e8res images<\/a>&nbsp;&nbsp;Le HuffPost<\/li>\n<\/ol>\n","protected":false},"excerpt":{"rendered":"Qui a regard\u00e9 le documentaire-hommage \u00e0 Thierry Ardisson sur TF1 ?&nbsp;&nbsp;20 Minutes La face cach\u00e9e de l&rsquo;homme en&hellip;\n","protected":false},"author":2,"featured_media":253900,"comment_status":"","ping_status":"","sticky":false,"template":"","format":"standard","meta":{"footnotes":""},"categories":[1359],"tags":[9827,2369,3983,58,1190,59,1011,27,594,39422,10159,973,18875,252,199,10058,133],"class_list":{"0":"post-253899","1":"post","2":"type-post","3":"status-publish","4":"format-standard","5":"has-post-thumbnail","7":"category-people","8":"tag-animateur","9":"tag-audience-tv","10":"tag-deces","11":"tag-divertissement","12":"tag-documentaire","13":"tag-entertainment","14":"tag-fr","15":"tag-france","16":"tag-france-2","17":"tag-maitena-biraben","18":"tag-mediametrie","19":"tag-people","20":"tag-stephane-bern","21":"tag-television","22":"tag-tf1","23":"tag-thierry-ardisson","24":"tag-video"},"share_on_mastodon":{"url":"https:\/\/pubeurope.com\/@fr\/114868609649112715","error":""},"_links":{"self":[{"href":"https:\/\/www.europesays.com\/fr\/wp-json\/wp\/v2\/posts\/253899","targetHints":{"allow":["GET"]}}],"collection":[{"href":"https:\/\/www.europesays.com\/fr\/wp-json\/wp\/v2\/posts"}],"about":[{"href":"https:\/\/www.europesays.com\/fr\/wp-json\/wp\/v2\/types\/post"}],"author":[{"embeddable":true,"href":"https:\/\/www.europesays.com\/fr\/wp-json\/wp\/v2\/users\/2"}],"replies":[{"embeddable":true,"href":"https:\/\/www.europesays.com\/fr\/wp-json\/wp\/v2\/comments?post=253899"}],"version-history":[{"count":0,"href":"https:\/\/www.europesays.com\/fr\/wp-json\/wp\/v2\/posts\/253899\/revisions"}],"wp:featuredmedia":[{"embeddable":true,"href":"https:\/\/www.europesays.com\/fr\/wp-json\/wp\/v2\/media\/253900"}],"wp:attachment":[{"href":"https:\/\/www.europesays.com\/fr\/wp-json\/wp\/v2\/media?parent=253899"}],"wp:term":[{"taxonomy":"category","embeddable":true,"href":"https:\/\/www.europesays.com\/fr\/wp-json\/wp\/v2\/categories?post=253899"},{"taxonomy":"post_tag","embeddable":true,"href":"https:\/\/www.europesays.com\/fr\/wp-json\/wp\/v2\/tags?post=253899"}],"curies":[{"name":"wp","href":"https:\/\/api.w.org\/{rel}","templated":true}]}}