{"id":253901,"date":"2025-07-17T12:37:27","date_gmt":"2025-07-17T12:37:27","guid":{"rendered":"https:\/\/www.europesays.com\/fr\/253901\/"},"modified":"2025-07-17T12:37:27","modified_gmt":"2025-07-17T12:37:27","slug":"lun-des-plus-grands-peintres-francais-bientot-mis-a-lhonneur-au-musee-du-louvre-dans-une-exposition-inedite","status":"publish","type":"post","link":"https:\/\/www.europesays.com\/fr\/253901\/","title":{"rendered":"l&rsquo;un des plus grands peintres fran\u00e7ais bient\u00f4t mis \u00e0 l&rsquo;honneur au mus\u00e9e du Louvre dans une exposition in\u00e9dite"},"content":{"rendered":"<p>Le mus\u00e9e du Louvre organise une r\u00e9trospective exceptionnelle pour le bicentenaire de la mort de Jacques-Louis David, peintre influent\u00a0au tournant des XVIIIe\u00a0et XIXe\u00a0si\u00e8cles, mais aussi acteur de premier plan durant la p\u00e9riode tr\u00e8s troubl\u00e9e de la R\u00e9volution, r\u00e9gicide qui s&rsquo;engagea dans l&rsquo;\u00e9pop\u00e9e bonapartiste.<\/p>\n<p class=\"field_LQ2154C\">Plus de trente ans apr\u00e8s l\u2019exposition de 1989, le Louvre remet\u00a0\u00e0 l\u2019honneur la figure de proue du n\u00e9oclassicisme Jacques-Louis David (1748-1825) \u00e0 partir du 15 octobre et jusqu\u2019au 26 janvier 2026. Cette <a href=\"https:\/\/www.connaissancedesarts.com\/arts-expositions\/exposition-cezanne-a-aix-en-provence-130-oeuvres-exceptionnellement-reunies-au-musee-granet-11203225\/\" rel=\"nofollow noopener\" target=\"_blank\">exposition<\/a> pr\u00e9sentera des \u0153uvres du <a href=\"https:\/\/www.louvre.fr\/\" rel=\"nofollow noopener\" target=\"_blank\">Louvre<\/a> en d\u00e9p\u00f4t au ch\u00e2teau de Versailles et b\u00e9n\u00e9ficiera de pr\u00eats exceptionnels de la part des Mus\u00e9es royaux des Beaux-Arts de Bruxelles pour montrer chronologiquement les liens entre l\u2019activisme politique du peintre et ses \u0153uvres. Entre engagement sinc\u00e8re et opportunisme, David parvient toujours \u00e0 donner \u00e0 son art une puissance sensible et politique.<\/p>\n<p class=\"entry-related__title\"><strong>\u00c0 regarder aussi : <\/strong><\/p>\n<p>\t\tUn peintre engag\u00e9<\/p>\n<p class=\"field_LQ2154C\">\u00a0\u00ab\u00a0Regarder l\u2019\u0153uvre de David, c\u2019est poser la question de l\u2019engagement dans une soci\u00e9t\u00e9 en pleine mutation \u00bb, d\u00e9clare le commissaire de l\u2019exposition <a href=\"https:\/\/www.connaissancedesarts.com\/depeches-art\/nominations\/sebastien-allard-prend-la-direction-du-departement-des-peintures-du-louvre-113161\/\" rel=\"nofollow noopener\" target=\"_blank\">S\u00e9bastien Allard<\/a>. L\u2019ambition de cette exposition est de r\u00e9actualiser le travail visionnaire de David. \u00c0 travers la trajectoire lib\u00e9rale et moderne de ce peintre, l\u2019art se r\u00e9v\u00e9lera \u00eatre plus qu\u2019un simple \u00e9cho des id\u00e9aux, mais un v\u00e9ritable moyen d\u2019action : \u00ab\u00a0Peindre, c\u2019est agir \u00bb, disait l\u2019artiste. Par exemple, Le Serment des Horaces (1784) est un v\u00e9ritable manifeste des id\u00e9es des <a href=\"https:\/\/www.connaissancedesarts.com\/musees\/musee-carnavalet\/exposition-a-paris-le-musee-carnavalet-raconte-a-merveille-laube-des-lumieres-11188802\/\" rel=\"nofollow noopener\" target=\"_blank\">Lumi\u00e8res<\/a>. La peinture repr\u00e9sente pr\u00e9cis\u00e9ment le moment o\u00f9 les Horaces se soumettent \u00e0 l\u2019int\u00e9r\u00eat g\u00e9n\u00e9ral en acceptant de s\u2019engager dans une guerre fratricide. Par cette toile novatrice,\u00a0David exalte les valeurs r\u00e9publicaines : la Patrie passe avant les int\u00e9r\u00eats personnels, mais se fonde sur des citoyens, des individus raisonnables et responsables.<\/p>\n<p><img loading=\"lazy\" width=\"653\" height=\"507\" decoding=\"async\" aria-describedby=\"caption-attachment-203562\" src=\"data:image\/svg+xml,%3Csvg%20xmlns=\" http:=\"\" alt=\"Jacques-Louis-David,\u00a0Le Serment des Horaces,\u00a01784, huile sur toile\u00a0330\u00a0\u00d7\u00a0425 cm (\u00a9 GrandPalaisRmn (mus\u00e9e du Louvre), Michel Urtado)\" class=\"size-medium wp-image-203562\" data-lazy-src=\"https:\/\/www.europesays.com\/fr\/wp-content\/uploads\/2025\/07\/5-le-serment-des-horaces-grandpalaisrmn-musee-du-louvre-michel-urtado-tt-width-653-height-507-fill-0.jpeg\"\/><\/p>\n<p id=\"caption-attachment-203562\" class=\"wp-caption-text\">Jacques-Louis-David,\u00a0Le Serment des Horaces, 1784, huile sur toile 330 \u00d7 425 cm \u00a9 GrandPalaisRmn (mus\u00e9e du Louvre), Michel Urtado<\/p>\n<p>L\u2019art au service de la politique<\/p>\n<p class=\"field_LQ2154C\">L\u2019exposition s\u2019attardera \u00e0 montrer comment la peinture devient un vecteur de communication politique puissant. Marat assassin\u00e9 fusionne parfaitement la <a href=\"https:\/\/www.connaissancedesarts.com\/arts-expositions\/exposition-au-chateau-de-versailles-lhyperrealisme-de-guillaume-bresson-reinvente-la-peinture-dhistoire-11198960\/\" rel=\"nofollow noopener\" target=\"_blank\">peinture d\u2019histoire<\/a> et la peinture religieuse, faisant de la figure historique de Marat, dont la posture rappelle celle d\u2019une <a href=\"https:\/\/www.connaissancedesarts.com\/arts-expositions\/pieta-de-rogier-van-der-weyden-focus-sur-un-chef-doeuvre-11137438\/\" rel=\"nofollow noopener\" target=\"_blank\">pi\u00e9ta<\/a>, un v\u00e9ritable martyr. La toile sera d\u2019ailleurs rapidement consid\u00e9r\u00e9e comme une ic\u00f4ne de la R\u00e9volution. L\u2019autre tableau ayant un profond ancrage politique est Napol\u00e9on franchissant les Alpes au Grand-Saint-Bernard. L\u2019image de <a href=\"https:\/\/www.connaissancedesarts.com\/arts-expositions\/napoleon-bonaparte-de-z-11100681\/\" rel=\"nofollow noopener\" target=\"_blank\">Bonaparte<\/a>, conqu\u00e9rant, sur les traces d\u2019Hannibal, habite encore notre imaginaire.<\/p>\n<p><img loading=\"lazy\" width=\"653\" height=\"764\" decoding=\"async\" aria-describedby=\"caption-attachment-203645\" src=\"data:image\/svg+xml,%3Csvg%20xmlns=\" http:=\"\" alt=\"Jacques-Louis David, Bonaparte franchissant les Alpes au Grand Saint-Bernard \u00a9 GrandPalaisRmn - mus\u00e9es des ch\u00e2teaux de Malmaison et de Bois-Pr\u00e9au. Photo : Franck Raux\" class=\"size-medium wp-image-203645\" data-lazy-src=\"https:\/\/www.europesays.com\/fr\/wp-content\/uploads\/2025\/07\/cda25_annonce_expo_david_louvre_bonaparte-tt-width-653-height-764-fill-0-crop-0-bgcolor-eeeeee.jpg\"\/><\/p>\n<p id=\"caption-attachment-203645\" class=\"wp-caption-text\">Jacques-Louis David, Bonaparte franchissant les Alpes au Grand Saint-Bernard \u00a9 GrandPalaisRmn \u2013 mus\u00e9es des ch\u00e2teaux de Malmaison et de Bois-Pr\u00e9au. Photo : Franck Raux<\/p>\n<p>Jacques-Louis David : peintre et exp\u00e9rimentateur<\/p>\n<p class=\"field_LQ2154C\">En plus de cette dimension politique qui semble in\u00e9dite pour l\u2019\u00e9poque, l\u2019exposition veut pr\u00e9senter un\u00a0David innovant en ce qui concerne le traitement de ses \u0153uvres. Malgr\u00e9 le choix de sujets classiques pris \u00e0 l\u2019Antiquit\u00e9 et \u00e0 ses <a href=\"https:\/\/www.connaissancedesarts.com\/arts-expositions\/idee-lecture-les-grands-mythes-decryptes-1193794\/\" rel=\"nofollow noopener\" target=\"_blank\">mythes<\/a>, il parvient \u00e9galement \u00e0 \u00e9laborer des compositions originales en faisant cohabiter des d\u00e9cors tr\u00e8s structur\u00e9s avec des \u00e9l\u00e9ments plus baroques et des touches picturales laiss\u00e9es visibles. Ainsi, on peut penser \u00e0 L\u2019Intervention des Sabines, ou \u00e0\u00a0La Mort de Socrate, ou encore aux\u00a0Amours de P\u00e2ris et d\u2019H\u00e9l\u00e8ne.\u00a0David s\u2019int\u00e9resse beaucoup au <a href=\"https:\/\/www.connaissancedesarts.com\/arts-expositions\/londres\/fussli-et-le-theatre-de-shakespeare-le-feu-des-passions-11176307\/\" rel=\"nofollow noopener\" target=\"_blank\">th\u00e9\u00e2tre<\/a>, et son go\u00fbt pour cet art transpara\u00eet toujours dans la composition de ses toiles. Il cr\u00e9a la premi\u00e8re \u00ab\u00a0installation immersive\u00a0\u00bb de l\u2019histoire de l\u2019art en exposant ses peintures face \u00e0 d\u2019immenses miroirs, pour que le visiteur y f\u00fbt immerg\u00e9.<\/p>\n<p><img loading=\"lazy\" width=\"653\" height=\"485\" decoding=\"async\" aria-describedby=\"caption-attachment-203559\" src=\"data:image\/svg+xml,%3Csvg%20xmlns=\" http:=\"\" alt=\"Jacques-Louis-David,\u00a0L'intervention des Sabines, 1799, huile sur toile\u00a0385\u00a0\u00d7\u00a0522 cm (\u00a9GrandPalaisRmn (mus\u00e9e du Louvre), Mathieu Rabeau, Sylvie Chan-Liat)\" class=\"size-medium wp-image-203559\" data-lazy-src=\"https:\/\/www.europesays.com\/fr\/wp-content\/uploads\/2025\/07\/1-david-les-sabines-grandpalaisrmn-musee-du-louvre-mathieu-rabeau-sylvie-chan-liat-tt-width-653-heig.jpeg\"\/><\/p>\n<p id=\"caption-attachment-203559\" class=\"wp-caption-text\">Jacques-Louis-David,\u00a0L\u2019intervention des Sabines, 1799, huile sur toile 385 \u00d7 522 cm \u00a9GrandPalaisRmn (mus\u00e9e du Louvre \/ Mathieu Rabeau, Sylvie Chan-Liat<\/p>\n<p>L\u2019h\u00e9ritage de David<\/p>\n<p class=\"field_LQ2154C\">L\u2019exposition insiste finalement sur la place centrale qu\u2019occupe David dans l\u2019histoire de l\u2019art, et notamment sur son influence sur la <a href=\"https:\/\/www.connaissancedesarts.com\/arts-expositions\/la-peinture-moderne-sous-le-soleil-du-midi-111092\/\" rel=\"nofollow noopener\" target=\"_blank\">peinture moderne<\/a>. Ses tableaux seront mis\u00a0en regard avec certaines \u0153uvres de ses \u00e9l\u00e8ves comme Jean-Auguste-Dominique Ingres (1780-1867). On se rendra ainsi compte de la double\u00a0logique d\u2019\u00e9mulation et d\u2019opposition entre David et ses contemporains.<\/p>\n<p><img loading=\"lazy\" width=\"653\" height=\"496\" decoding=\"async\" aria-describedby=\"caption-attachment-203570\" src=\"data:image\/svg+xml,%3Csvg%20xmlns=\" http:=\"\" alt=\"Jacques-Louis-David,\u00a0La Mort du jeune Bara\u00a0(inachev\u00e9), 1794, huile sur toile\u00a0119\u00a0\u00d7\u00a0156 cm (\u00a9Ville d\u2019Avignon, Mus\u00e9e Calvet)\" class=\"wp-image-203570 size-medium\" data-lazy-src=\"https:\/\/www.europesays.com\/fr\/wp-content\/uploads\/2025\/07\/13-la-mort-du-jeune-bara-ville-davignon-musee-calvet-e1752051773291-tt-width-653-height-496-fill-0-c.jpeg\"\/><\/p>\n<p id=\"caption-attachment-203570\" class=\"wp-caption-text\">Jacques-Louis-David,\u00a0La Mort du jeune Bara\u00a0 (inachev\u00e9), 1794, huile sur toile 119 \u00d7 156 cm \u00a9 Ville d\u2019Avignon, Mus\u00e9e Calvet<\/p>\n<p class=\"field_LQ2154C\">On reviendra enfin sur l\u2019atelier qu\u2019il a dirig\u00e9 et qui a \u00e9t\u00e9 le plus grand atelier de l\u2019histoire de la peinture. Il y r\u00e9gnait la promotion d\u2019une libert\u00e9 totale de l\u2019artiste et une opposition \u00e0 <a href=\"https:\/\/www.connaissancedesarts.com\/arts-expositions\/de-lacademie-a-lacademisme-11152713\/\" rel=\"nofollow noopener\" target=\"_blank\">l\u2019acad\u00e9misme<\/a> qui entravait, selon David, l\u2019\u00e9volution de l\u2019art. L\u2019ouverture aux femmes \u00e9tait aussi une mani\u00e8re de s\u2019opposer \u00e0 l\u2019Acad\u00e9mie et d\u00e9montrait la modernit\u00e9 de cet artiste majeur.<\/p>\n<p>L&rsquo;HISTOIRE PAR L&rsquo;IMAGE | Le Serment du Jeu de paume<\/p>\n","protected":false},"excerpt":{"rendered":"Le mus\u00e9e du Louvre organise une r\u00e9trospective exceptionnelle pour le bicentenaire de la mort de Jacques-Louis David, peintre&hellip;\n","protected":false},"author":2,"featured_media":253902,"comment_status":"","ping_status":"","sticky":false,"template":"","format":"standard","meta":{"footnotes":""},"categories":[1358],"tags":[1348,1384,1385,1386,58,59,1011,27],"class_list":{"0":"post-253901","1":"post","2":"type-post","3":"status-publish","4":"format-standard","5":"has-post-thumbnail","7":"category-arts-et-design","8":"tag-arts","9":"tag-arts-and-design","10":"tag-arts-et-design","11":"tag-design","12":"tag-divertissement","13":"tag-entertainment","14":"tag-fr","15":"tag-france"},"share_on_mastodon":{"url":"https:\/\/pubeurope.com\/@fr\/114868613681499334","error":""},"_links":{"self":[{"href":"https:\/\/www.europesays.com\/fr\/wp-json\/wp\/v2\/posts\/253901","targetHints":{"allow":["GET"]}}],"collection":[{"href":"https:\/\/www.europesays.com\/fr\/wp-json\/wp\/v2\/posts"}],"about":[{"href":"https:\/\/www.europesays.com\/fr\/wp-json\/wp\/v2\/types\/post"}],"author":[{"embeddable":true,"href":"https:\/\/www.europesays.com\/fr\/wp-json\/wp\/v2\/users\/2"}],"replies":[{"embeddable":true,"href":"https:\/\/www.europesays.com\/fr\/wp-json\/wp\/v2\/comments?post=253901"}],"version-history":[{"count":0,"href":"https:\/\/www.europesays.com\/fr\/wp-json\/wp\/v2\/posts\/253901\/revisions"}],"wp:featuredmedia":[{"embeddable":true,"href":"https:\/\/www.europesays.com\/fr\/wp-json\/wp\/v2\/media\/253902"}],"wp:attachment":[{"href":"https:\/\/www.europesays.com\/fr\/wp-json\/wp\/v2\/media?parent=253901"}],"wp:term":[{"taxonomy":"category","embeddable":true,"href":"https:\/\/www.europesays.com\/fr\/wp-json\/wp\/v2\/categories?post=253901"},{"taxonomy":"post_tag","embeddable":true,"href":"https:\/\/www.europesays.com\/fr\/wp-json\/wp\/v2\/tags?post=253901"}],"curies":[{"name":"wp","href":"https:\/\/api.w.org\/{rel}","templated":true}]}}