{"id":253903,"date":"2025-07-17T12:38:16","date_gmt":"2025-07-17T12:38:16","guid":{"rendered":"https:\/\/www.europesays.com\/fr\/253903\/"},"modified":"2025-07-17T12:38:16","modified_gmt":"2025-07-17T12:38:16","slug":"lecture-de-plage-2-6-ecotopia-dernest-callenbach","status":"publish","type":"post","link":"https:\/\/www.europesays.com\/fr\/253903\/","title":{"rendered":"Lecture de plage (2\/6) : \u00ab Ecotopia \u00bb d\u2019Ernest Callenbach"},"content":{"rendered":"<p>Prendre du bon temps et se pr\u00e9lasser au soleil un bouquin \u00e0 la main. Mais lequel prendre au moment de boucler ses valises ? La r\u00e9daction de RTN vous propose chaque jeudi des vacances scolaires de d\u00e9couvrir un ouvrage dans le cadre de sa s\u00e9rie \u00ab lecture de plage \u00bb. Mathias Jaquenod, libraire chez Payot Neuch\u00e2tel, a \u00e9t\u00e9 invit\u00e9 \u00e0 partager ses go\u00fbts personnels et \u00e0 choisir six livres coups de c\u0153ur. <\/p>\n<p>Pour ce deuxi\u00e8me volet, direction les Etats-Unis avec un roman sign\u00e9 Ernest Callenbach qui s\u2019intitule \u00ab Ecotopia \u00bb. C\u2019est l\u2019histoire d\u2019un journaliste qui va explorer trois \u00e9tats am\u00e9ricains : la Californie, l\u2019Oregon et Washington qui ont d\u00e9cid\u00e9 de se s\u00e9parer des Etats-Unis. D\u2019abord sceptique, il d\u00e9couvre, gr\u00e2ce \u00e0 l\u2019amour, un mode de vie \u00e9cologique et bienveillant. \u00ab C\u2019est la premi\u00e8re fois qu\u2019un journaliste a le droit d\u2019aller dans ce nouveau pays. Au d\u00e9but, il va \u00e9crire des articles assez ironiques et m\u00e9chants, et au fur et \u00e0 mesure, son \u00e9tat d\u2019esprit va changer\u2026 il va trouver l\u2019amour \u00bb, r\u00e9sume Mathias Jaquenod. <\/p>\n<p>La th\u00e9matique de ce livre int\u00e9resse particuli\u00e8rement Mathias Jaquenod, \u00ab surtout quand on voit maintenant les diff\u00e9rentes politiques ! \u00bb <\/p>\n<p>Ernest Callenbach \u00ab vient plut\u00f4t du monde du cin\u00e9ma et il \u00e9tait aussi journaliste, c\u2019est pour \u00e7a que son personnage principal est un journaliste \u00bb, pr\u00e9cise Mathias Jaquenod. \u00ab Il a vu l\u2019av\u00e8nement du capitalisme (\u2026) et il s\u2019est dit \u2018mais l\u00e0 on part dans une direction un peu bizarre\u2019 \u00bb<\/p>\n<p>Jeudi prochain, place au 3e volet de notre s\u00e9rie d\u2019\u00e9t\u00e9 \u00ab lecture de plage \u00bb avec un nouvel ouvrage propos\u00e9 par Mathias Jaquenod, libraire chez Payot Neuch\u00e2tel. \/lgn<\/p>\n<p class=\"wysiwyg-h1\">Les autres \u00e9pisodes de notre s\u00e9rie :<\/p>\n","protected":false},"excerpt":{"rendered":"Prendre du bon temps et se pr\u00e9lasser au soleil un bouquin \u00e0 la main. Mais lequel prendre au&hellip;\n","protected":false},"author":2,"featured_media":253904,"comment_status":"","ping_status":"","sticky":false,"template":"","format":"standard","meta":{"footnotes":""},"categories":[1357],"tags":[1829,1832,1836,1379,1827,58,59,1011,27,1830,1831,1826,1844,1840,1380,1839,1841,1838,1843,1828,1834,1825,1833,1822,1823,1824,1837,1835,1842],"class_list":{"0":"post-253903","1":"post","2":"type-post","3":"status-publish","4":"format-standard","5":"has-post-thumbnail","7":"category-livres","8":"tag-ajoie","9":"tag-animation","10":"tag-bienne","11":"tag-books","12":"tag-delemont","13":"tag-divertissement","14":"tag-entertainment","15":"tag-fr","16":"tag-france","17":"tag-franches-montagnes","18":"tag-frequence","19":"tag-jura","20":"tag-jura-bernois","21":"tag-la-chaux-de-fonds","22":"tag-livres","23":"tag-moutier","24":"tag-neuchatel","25":"tag-neuveville","26":"tag-payerne","27":"tag-porrentruy","28":"tag-publicite","29":"tag-radio","30":"tag-redaction","31":"tag-rfj","32":"tag-rjb","33":"tag-rtn","34":"tag-tavannes","35":"tag-vallon-de-st-imier","36":"tag-yverdon"},"share_on_mastodon":{"url":"https:\/\/pubeurope.com\/@fr\/114868617471644865","error":""},"_links":{"self":[{"href":"https:\/\/www.europesays.com\/fr\/wp-json\/wp\/v2\/posts\/253903","targetHints":{"allow":["GET"]}}],"collection":[{"href":"https:\/\/www.europesays.com\/fr\/wp-json\/wp\/v2\/posts"}],"about":[{"href":"https:\/\/www.europesays.com\/fr\/wp-json\/wp\/v2\/types\/post"}],"author":[{"embeddable":true,"href":"https:\/\/www.europesays.com\/fr\/wp-json\/wp\/v2\/users\/2"}],"replies":[{"embeddable":true,"href":"https:\/\/www.europesays.com\/fr\/wp-json\/wp\/v2\/comments?post=253903"}],"version-history":[{"count":0,"href":"https:\/\/www.europesays.com\/fr\/wp-json\/wp\/v2\/posts\/253903\/revisions"}],"wp:featuredmedia":[{"embeddable":true,"href":"https:\/\/www.europesays.com\/fr\/wp-json\/wp\/v2\/media\/253904"}],"wp:attachment":[{"href":"https:\/\/www.europesays.com\/fr\/wp-json\/wp\/v2\/media?parent=253903"}],"wp:term":[{"taxonomy":"category","embeddable":true,"href":"https:\/\/www.europesays.com\/fr\/wp-json\/wp\/v2\/categories?post=253903"},{"taxonomy":"post_tag","embeddable":true,"href":"https:\/\/www.europesays.com\/fr\/wp-json\/wp\/v2\/tags?post=253903"}],"curies":[{"name":"wp","href":"https:\/\/api.w.org\/{rel}","templated":true}]}}