{"id":253905,"date":"2025-07-17T12:39:21","date_gmt":"2025-07-17T12:39:21","guid":{"rendered":"https:\/\/www.europesays.com\/fr\/253905\/"},"modified":"2025-07-17T12:39:21","modified_gmt":"2025-07-17T12:39:21","slug":"claire-keim-ne-reviendra-pas-dans-la-suite-avec-francis-huster-decouvrez-le-casting-du-retour-de-la-saga-culte-sur-tf1","status":"publish","type":"post","link":"https:\/\/www.europesays.com\/fr\/253905\/","title":{"rendered":"Claire Keim ne reviendra pas dans la suite avec Francis Huster, d\u00e9couvrez le casting du retour de la saga culte sur TF1 !"},"content":{"rendered":"<p>20 ans apr\u00e8s avoir cartonn\u00e9 sur TF1, Zodiaque va faire son grand retour sur la premi\u00e8re cha\u00eene, sans Claire Keim mais avec plusieurs acteurs tr\u00e8s appr\u00e9ci\u00e9s des amateurs de fiction. Casting, intrigue&#8230; Les premi\u00e8res informations exclusives sur cette suite tr\u00e8s attendue ! <\/p>\n<p>Il y a 20 ans, plus de 11 millions de t\u00e9l\u00e9spectateurs d\u00e9couvraient le premier \u00e9pisode de <a href=\"https:\/\/www.programme-tv.net\/news\/series-tv\/331423-zodiaque-claire-keim-raconte-ce-detail-incongru-sur-ses-scenes-intimes-avec-francis-huster\/\" data-api-deeplink=\"teleloisirs:\/\/news\/331423\" target=\"_blank\" rel=\"noopener\"><b>Zodiaque<\/b>, saga de l&rsquo;\u00e9t\u00e9 culte<\/a> qui f\u00e9d\u00e9rait ensuite sur l&rsquo;ensemble de la saison et en moyenne pr\u00e8s de 40 % du public pr\u00e9sent devant son \u00e9cran de t\u00e9l\u00e9vision. Et bonne nouvelle : TF1 s&rsquo;appr\u00eate \u00e0 lancer le tournage d&rsquo;une (deuxi\u00e8me) suite, <a href=\"https:\/\/www.programme-tv.net\/news\/series-tv\/363461-exclu-20-ans-apres-tf1-veut-relancer-zodiaque-la-saga-de-l-ete-culte-avec-claire-keim-et-francis-huster\/\" data-api-deeplink=\"teleloisirs:\/\/news\/363461\" target=\"_blank\" rel=\"noopener\">comme annonc\u00e9 en exclusivit\u00e9 par T\u00e9l\u00e9-Loisirs<\/a>. Alors que le tournage de cette nouvelle fiction d\u00e9butera dans les prochaines semaines, on en sait un peu plus sur le casting ainsi que sur le pitch de cette suite, \u00e9crite par Franck Ollivier, Malina Detcheva, Sophie Dab et Charl\u00e8ne Galan<\/p>\n<p>Exclu. Zodiaque : Sans Claire Keim mais avec Francis Huster&#8230; D\u00e9couvrez le casting de la suite sur TF1<\/p>\n<p>Ainsi, <b>selon nos informations exclusives<\/b>, si <a href=\"https:\/\/www.programme-tv.net\/biographie\/3022-keim-claire\/\" data-link-people=\"4f6a1c41-99d8-40ac-b099-cdebeb367d82\" target=\"_blank\" rel=\"noopener\">Claire Keim<\/a> ne sera pas de la partie, le r\u00f4le-titre f\u00e9minin sera tenu par <a href=\"https:\/\/www.programme-tv.net\/news\/series-tv\/373062-exclu-cest-vraiment-ma-soeur-olivier-marchal-se-confie-sur-cette-actrice-dont-il-est-tres-proche\/\" data-api-deeplink=\"teleloisirs:\/\/news\/373062\" target=\"_blank\" rel=\"noopener\">l&rsquo;une des actrices pr\u00e9f\u00e9r\u00e9es d&rsquo;Olivier Marchal (qui ne tarit pas d&rsquo;\u00e9loges sur elle)<\/a> : <b>Erika Sainte<\/b>. \u00c0 ses c\u00f4t\u00e9s, les fans de la premi\u00e8re heure de Zodiaque auront le plaisir de retrouver l&rsquo;in\u00e9branlable <b>Francis Huster<\/b>. \u00c0 ces deux noms s&rsquo;ajoutent ceux de deux acteurs que les t\u00e9l\u00e9spectateurs de TF1 connaissent bien : <a href=\"https:\/\/www.programme-tv.net\/biographie\/67049-gautry-lannick\/\" data-link-people=\"6a1d95f5-f3ab-43e2-b764-5f9b0ccc7d82\" target=\"_blank\" rel=\"noopener\"><b>Lannick Gautry<\/b><\/a> et <a href=\"https:\/\/www.programme-tv.net\/biographie\/8481-delterme-marine\/\" data-link-people=\"8001b918-3a97-4b09-96de-d94aac68220e\" target=\"_blank\" rel=\"noopener\"><b>Marine Delterme<\/b><\/a> (bient\u00f4t de retour \u00e0 l&rsquo;antenne dans la peau d&rsquo;Alice Nevers). Le casting comptera \u00e9galement <a href=\"https:\/\/www.programme-tv.net\/biographie\/1464-barrault-marie-christine\/\" data-link-people=\"32007137-9699-472c-954e-4aa1e87b6224\" target=\"_blank\" rel=\"noopener\"><b>Marie-Christine Barrault<\/b><\/a>, <a href=\"https:\/\/www.programme-tv.net\/biographie\/889676-severin-zoi\/\" data-link-people=\"d3914db8-2370-434b-8117-1f43de433d89\" target=\"_blank\" rel=\"noopener\"><b>Zo\u00ef Severin<\/b><\/a> (alias <a href=\"https:\/\/www.programme-tv.net\/news\/series-tv\/379594-ici-tout-commence-javais-ete-appelee-pour-passer-le-casting-dambre-zoi-severin-jasmine-se-confie-sur-ses-debuts-dans-la-serie-de-tf1\/\" data-api-deeplink=\"teleloisirs:\/\/news\/379594\" target=\"_blank\" rel=\"noopener\">Jasmine dans Ici tout commence<\/a>), <b>Philypa Phoenix<\/b> (vue notamment dans Balthazar et plus r\u00e9cemment dans Commandant Saint-Barth), <a href=\"https:\/\/www.programme-tv.net\/biographie\/59105-jugnot-arthur\/\" data-link-people=\"603747d6-48fa-4c2b-a425-3ce9a7e43e11\" target=\"_blank\" rel=\"noopener\"><b>Arthur Jugnot<\/b><\/a>, <b>Anne-Lise Hesme<\/b> ainsi qu&rsquo;<b>Alex Doux<\/b> qui retrouvera donc son camarade de Tout pour la lumi\u00e8re Lannick Gautry.<\/p>\n<p>                        Exclu. Zodiaque : D\u00e9couvrez de quoi va parler la suite de la s\u00e9rie culte 20 ans apr\u00e8s<\/p>\n<p>Quant \u00e0 savoir ce dont parlera cette suite de Zodiaque r\u00e9alis\u00e9e par Bruno Garcia (Broc\u00e9liande), les t\u00e9l\u00e9spectateurs suivront La riche famille Escoffier, dont le son quotidien va \u00eatre \u00e9branl\u00e9 par une s\u00e9rie de meurtres. Des crimes portant la marque du Zodiaque, ce tueur en s\u00e9rie que tous croyaient mort et qui s\u00e9vissait dans la r\u00e9gion vingt ans plus t\u00f4t&#8230;<\/p>\n","protected":false},"excerpt":{"rendered":"20 ans apr\u00e8s avoir cartonn\u00e9 sur TF1, Zodiaque va faire son grand retour sur la premi\u00e8re cha\u00eene, sans&hellip;\n","protected":false},"author":2,"featured_media":253906,"comment_status":"","ping_status":"","sticky":false,"template":"","format":"standard","meta":{"footnotes":""},"categories":[1356],"tags":[244,58,59,4832,8644,1011,27,1195,252,199,1364,39161],"class_list":{"0":"post-253905","1":"post","2":"type-post","3":"status-publish","4":"format-standard","5":"has-post-thumbnail","7":"category-television","8":"tag-commentaire","9":"tag-divertissement","10":"tag-entertainment","11":"tag-erika-sainte","12":"tag-exclu","13":"tag-fr","14":"tag-france","15":"tag-francis-huster","16":"tag-television","17":"tag-tf1","18":"tag-tv","19":"tag-zodiaque"},"share_on_mastodon":{"url":"https:\/\/pubeurope.com\/@fr\/114868621354343244","error":""},"_links":{"self":[{"href":"https:\/\/www.europesays.com\/fr\/wp-json\/wp\/v2\/posts\/253905","targetHints":{"allow":["GET"]}}],"collection":[{"href":"https:\/\/www.europesays.com\/fr\/wp-json\/wp\/v2\/posts"}],"about":[{"href":"https:\/\/www.europesays.com\/fr\/wp-json\/wp\/v2\/types\/post"}],"author":[{"embeddable":true,"href":"https:\/\/www.europesays.com\/fr\/wp-json\/wp\/v2\/users\/2"}],"replies":[{"embeddable":true,"href":"https:\/\/www.europesays.com\/fr\/wp-json\/wp\/v2\/comments?post=253905"}],"version-history":[{"count":0,"href":"https:\/\/www.europesays.com\/fr\/wp-json\/wp\/v2\/posts\/253905\/revisions"}],"wp:featuredmedia":[{"embeddable":true,"href":"https:\/\/www.europesays.com\/fr\/wp-json\/wp\/v2\/media\/253906"}],"wp:attachment":[{"href":"https:\/\/www.europesays.com\/fr\/wp-json\/wp\/v2\/media?parent=253905"}],"wp:term":[{"taxonomy":"category","embeddable":true,"href":"https:\/\/www.europesays.com\/fr\/wp-json\/wp\/v2\/categories?post=253905"},{"taxonomy":"post_tag","embeddable":true,"href":"https:\/\/www.europesays.com\/fr\/wp-json\/wp\/v2\/tags?post=253905"}],"curies":[{"name":"wp","href":"https:\/\/api.w.org\/{rel}","templated":true}]}}