{"id":253907,"date":"2025-07-17T12:40:15","date_gmt":"2025-07-17T12:40:15","guid":{"rendered":"https:\/\/www.europesays.com\/fr\/253907\/"},"modified":"2025-07-17T12:40:15","modified_gmt":"2025-07-17T12:40:15","slug":"les-punchlines-du-rap-marseillais-detournees-pour-une-campagne-anti-dechets","status":"publish","type":"post","link":"https:\/\/www.europesays.com\/fr\/253907\/","title":{"rendered":"Les punchlines du rap marseillais d\u00e9tourn\u00e9es pour une campagne anti-d\u00e9chets"},"content":{"rendered":"<p>Le studio de cr\u00e9ation graphique Parade a install\u00e9 d\u00e9but juillet des affiches dans la cit\u00e9 phoc\u00e9enne reprenant de c\u00e9l\u00e8bres phrases de la culture hip-hop.<\/p>\n<p class=\"fig-paragraph\">\u00ab\u00a0Marseille, c\u2019est la bouffe, le foot, le rap\u00a0\u00bb. Anatole Royer, fondateur du studio de cr\u00e9ation graphique Parade l\u2019a bien compris\u00a0:\u00a0pour s\u2019adresser aux habitants de la\u00a0<a href=\"http:\/\/www.lefigaro.fr\/culture\/paris-marseille-montpellier-le-nouvel-hollywood-francais-a-vu-trop-grand-20250206\" data-fig-type=\"Article\" data-gtm-custom-categorie=\"navigation\" data-gtm-custom-action=\"crossclick\" data-gtm-custom-label=\"Contextuel\" data-gtm-event=\"customEventSPE\" data-fig-domain=\"LEFIGARO\" target=\"_blank\" rel=\"noopener\">cit\u00e9 phoc\u00e9enne<\/a>, il faut se rattacher \u00e0 un sujet qui les passionne. Depuis plus d\u2019une semaine, une trentaine d\u2019affiches multicolores orne les abords des plages. Elles arborent des phrases inscrites en lettres capitales qui interpellent les passants. \u00ab\u00a0Oh cousine, tu clean ou je t\u2019explose\u00a0?\u00a0\u00bb, \u00ab\u00a0Ce soir j\u2019oublie tout, sauf les bouteilles vides\u00a0\u00bb&#8230;<\/p>\n<p class=\"fig-paragraph\">Ces expressions ne sortent pas de nulle part. Elles reprennent les paroles les plus c\u00e9l\u00e8bres du\u00a0<a href=\"http:\/\/www.lefigaro.fr\/culture\/jul-phenomenal-au-stade-de-france-20250427\" data-fig-type=\"Article\" data-gtm-custom-categorie=\"navigation\" data-gtm-custom-action=\"crossclick\" data-gtm-custom-label=\"Contextuel\" data-gtm-event=\"customEventSPE\" data-fig-domain=\"LEFIGARO\" target=\"_blank\" rel=\"noopener\">rap marseillais<\/a>. Un extrait d\u2019<a href=\"http:\/\/www.lefigaro.fr\/musique\/iam-a-la-conquete-du-velodrome-en-2025-dans-un-esprit-de-fete-et-de-communion-20240422\" data-fig-type=\"NewsFlash\" data-gtm-custom-categorie=\"navigation\" data-gtm-custom-action=\"crossclick\" data-gtm-custom-label=\"Contextuel\" data-gtm-event=\"customEventSPE\" data-fig-domain=\"LEFIGARO\" target=\"_blank\" rel=\"noopener\">IAM<\/a>\u00a0dans Je danse le Mia (\u00ab\u00a0Oh cousine, tu danses ou je t\u2019explose\u00a0?\u00a0\u00bb), ou encore de\u00a0<a href=\"http:\/\/www.lefigaro.fr\/musique\/jul-beyonce-black-pink-plus-de-200-millions-d-arnaques-aux-billets-de-concerts-dejouees-chaque-semaine-en-france-20250423\" data-fig-type=\"Article\" data-gtm-custom-categorie=\"navigation\" data-gtm-custom-action=\"crossclick\" data-gtm-custom-label=\"Contextuel\" data-gtm-event=\"customEventSPE\" data-fig-domain=\"LEFIGARO\" target=\"_blank\" rel=\"noopener\">Jul<\/a>\u00a0dans J\u2019oublie tout (\u00ab\u00a0Ce soir j\u2019oublie tout, je cherche mon chemin, je fais des d\u00e9tours\u00a0\u00bb). \u00ab\u00a0J\u2019adore \u00e9crire ou r\u00e9\u00e9crire des punchlines\u00a0\u00bb, admet le fondateur de Parade, un studio de graphisme de la r\u00e9gion lanc\u00e9 il y a une dizaine d\u2019ann\u00e9es.\u00a0<a href=\"http:\/\/www.lefigaro.fr\/musique\/le-rappeur-sch-donne-son-dernier-disque-d-or-pour-soutenir-stream-for-humanity-20250121\" data-fig-type=\"Article\" data-gtm-custom-categorie=\"navigation\" data-gtm-custom-action=\"crossclick\" data-gtm-custom-label=\"Contextuel\" data-gtm-event=\"customEventSPE\" data-fig-domain=\"LEFIGARO\" target=\"_blank\" rel=\"noopener\">Le rappeur SCH<\/a>, aussi, appara\u00eet sur quelques-unes des affiches\u00a0:\u00a0\u00ab\u00a0Wesh alors ma race, quand tu pars, tu ramasses\u00a0\u00bb au lieu de \u00ab\u00a0Wesh alors ma race, tranquille ou quoi\u00a0?\u00a0\u00bb, ou \u00ab\u00a0\u00c7a prend ton Audi, \u00e7a prend ta gadji (femme, NDLR), \u00e7a prend ta CB (Carte bancaire, NDLR)\u00bb paroles auxquelles on rajoute \u00ab\u00a0\u00c7a prend le reste de ton d\u00e9jeuner\u00a0\u00bb&#8230;<\/p>\n<p>    Une trentaine d\u2019affiches a \u00e9t\u00e9 appos\u00e9e dans Marseille.<br \/>\n                @p.real<\/p>\n<p>                                    <a class=\"fig-a11y-skip a11y-hidden\" href=\"#fig-a11y-skip-main-inarticle\"><br \/>\n        Passer la publicit\u00e9<br \/>\n    <\/a><\/p>\n<p>Campagne anti-d\u00e9chets<\/p>\n<p class=\"fig-paragraph\">Parmi toutes ces affiches, un \u00e9l\u00e9ment revient. Chacun des textes a \u00e9t\u00e9 chang\u00e9 en un cri d\u2019alerte \u00e9cologique. \u00ab\u00a0Ce n\u2019est pas compliqu\u00e9 de mettre ses d\u00e9chets \u00e0 la poubelle\u00a0\u00bb, interpelle Anatole Royer, sid\u00e9r\u00e9. Le graphiste dit rencontrer ce fl\u00e9au lors de chacune de ses promenades sur les plages phoc\u00e9ennes. Un grand regret dans une \u00ab\u00a0ville aussi g\u00e9niale\u00a0\u00bb que Marseille, qui est \u00ab\u00a0moins sale qu\u2019on ne le pense\u00a0\u00bb, dit-il. Le probl\u00e8me, selon lui, vient de la mani\u00e8re dont la ville communique sur le ramassage des d\u00e9chets\u00a0:\u00a0\u00ab\u00a0Les affiches de la commune sont trop institutionnelles, personne ne les lit. J\u2019ai voulu r\u00e9fl\u00e9chir \u00e0 une mani\u00e8re de dire la m\u00eame chose, mais d\u2019une fa\u00e7on plus ludique. Malheureusement, la mairie ne peut pas s\u2019exprimer comme je l\u2019ai fait.\u00a0\u00bb\u00a0<\/p>\n<blockquote class=\"fig-quote&#10;    \">\n<p class=\"fig-quote__text\">C\u2019est plus de l\u2019\u00e9ducation qu\u2019autre chose<\/p>\n<p>            Fondateur de Parade\n    <\/p><\/blockquote>\n<p class=\"fig-paragraph\">Le graphiste n\u2019a pourtant pas d\u2019attache particuli\u00e8re au mouvement \u00e9cologiste. \u00ab\u00a0J\u2019ai toujours \u00e9t\u00e9 engag\u00e9, remarque-t-il. Mais je ne suis jamais all\u00e9 manifester dans les rues pour \u00e7a.\u00a0\u00bb Selon lui, ramasser ses d\u00e9chets ne rel\u00e8ve m\u00eame pas d\u2019un geste \u00e9cologique, \u00ab\u00a0c\u2019est plus de l\u2019\u00e9ducation qu\u2019autre chose\u00a0\u00bb. Il pense aussi que \u00ab\u00a0tout le monde devrait \u00eatre \u00e9cologique \u00e0 cette \u00e9chelle\u00a0\u00bb et que c\u2019est \u00ab\u00a0simplement du bon sens\u00a0\u00bb d\u2019agir de la sorte.<\/p>\n<p class=\"fig-body-link\">\n            \u00c0 lire aussi<br \/>\n        <a class=\"fig-body-link__link\" href=\"http:\/\/www.lefigaro.fr\/musique\/a-paris-comme-a-marseille-la-ceremonie-des-flammes-s-ouvre-aux-fans-de-rap-et-de-hip-hop-20240424\" data-fig-type=\"Article\" data-gtm-custom-categorie=\"navigation\" data-gtm-custom-action=\"crossclick\" data-gtm-custom-label=\"Contextuel\" data-gtm-event=\"customEventSPE\" data-fig-domain=\"LEFIGARO\" target=\"_blank\" rel=\"noopener\">\u00c0 Paris comme \u00e0 Marseille, la c\u00e9r\u00e9monie des Flammes s\u2019ouvre aux fans de rap et de hip-hop<br \/>\n    <\/a>\n<\/p>\n<p>R\u00e9actions contrast\u00e9es<\/p>\n<p class=\"fig-paragraph\">Pour le moment, son initiative est salu\u00e9e par \u00ab\u00a099\u00a0%\u00a0 des Marseillais\u00bb. En particulier les jeunes,\u00a0<a href=\"http:\/\/www.lefigaro.fr\/musique\/les-chiffres-sont-enormes-et-ne-redescendent-jamais-la-recette-magique-de-jul-machine-a-cash-du-rap-francais-20240119\" data-fig-type=\"Article\" data-gtm-custom-categorie=\"navigation\" data-gtm-custom-action=\"crossclick\" data-gtm-custom-label=\"Contextuel\" data-gtm-event=\"customEventSPE\" data-fig-domain=\"LEFIGARO\" target=\"_blank\" rel=\"noopener\">fortement attach\u00e9s\u00a0<\/a>au rap de la R\u00e9gion. Sur Instagram, sa publication regroupe pr\u00e8s de 10\u00a0000 r\u00e9actions positives. \u00ab\u00a0Meilleure campagne de tous les temps\u00a0\u00bb, peut-on lire dans certains commentaires. \u00ab\u00a0Belle initiative, \u00e0 la marseillaise\u00a0\u00bb, \u00e9crit un internaute. \u00ab\u00a0Il faut que la jeunesse prenne conscience, j\u2019en vois trop encore jeter m\u00eame depuis les rochers\u00a0\u00bb, estime un autre. La mairie de Marseille s\u2019est m\u00eame abonn\u00e9e \u00e0 son compte.<\/p>\n<p class=\"fig-paragraph\">L\u2019initiative a aussi ses d\u00e9tracteurs dont la voix, plus minoritaire, r\u00e9sonne aussi sur les r\u00e9seaux sociaux. \u00ab\u00a0J\u2019ai surtout re\u00e7u des messages d\u2019associations f\u00e9ministes\u00a0\u00bb, confie Anatole Royer. Ces derni\u00e8res lui reprochent le collage de l\u2019affiche reprenant la punchline d\u2019IAM\u00a0:\u00a0\u00ab\u00a0Oh cousine, tu clean ou je t\u2019explose\u00a0?\u00a0\u00bb. \u00ab\u00a0C\u2019est une injure \u00e0 toutes les femmes\u00a0\u00bb, \u00ab\u00a0racisme, violence, sexisme, chantage tout y est\u00a0\u00bb, \u00ab\u00a0c\u2019est effarant d\u2019avoir choisi un extrait qui illustre les violences misogynes et rappelle aux femmes la menace constante qui p\u00e8se sur elles\u00a0\u00bb, s\u2019indignent-elles sur la Toile.<\/p>\n<p>    Une association de d\u00e9fense des cochons reproche au graphiste de \u00ab colporter une image sale des cochons\u00a0\u00bb sur cet extrait modifi\u00e9 de Bande Organis\u00e9.<br \/>\n                @p.real<\/p>\n<p class=\"fig-paragraph\">Le graphiste a publi\u00e9 un communiqu\u00e9 pour pr\u00e9senter ses excuses et expliquer qu\u2019il ne voulait pas mettre en avant le sujet des violences faites aux femmes. \u00ab\u00a0Je n\u2019y ai pas pens\u00e9 une seule seconde, dit-il. Je regrette cette lecture. C\u2019est un combat qui m\u2019est cher aussi et que je ne prends pas \u00e0 la l\u00e9g\u00e8re. Oui, c\u2019est vulgaire, mais c\u2019est la phrase qui est vulgaire. Le rap est parfois vulgaire.\u00a0\u00bb Pire encore, sa campagne de sensibilisation a attis\u00e9 la col\u00e8re d\u2019une association de d\u00e9fense des cochons qui lui reproche de \u00ab\u00a0colporter une image sale des cochons\u00a0\u00bb sur cet extrait modifi\u00e9 de Bande Organis\u00e9e:\u00a0\u00ab\u00a0Nique ta m\u00e8re sur la Canebi\u00e8re, nique les porcs sur le Vieux-Port.\u00a0\u00bb, au lieu de \u00ab\u00a0Nique tes morts sur le Vieux-Port\u00a0\u00bb. Une remarque qu\u2019il dit avoir prise avec humour, car \u00ab\u00a0c\u2019est \u00e7a la beaut\u00e9 de 2025\u00a0\u00bb.<\/p>\n","protected":false},"excerpt":{"rendered":"Le studio de cr\u00e9ation graphique Parade a install\u00e9 d\u00e9but juillet des affiches dans la cit\u00e9 phoc\u00e9enne reprenant de&hellip;\n","protected":false},"author":2,"featured_media":253908,"comment_status":"","ping_status":"","sticky":false,"template":"","format":"standard","meta":{"footnotes":""},"categories":[1355],"tags":[58,51,59,1011,27,884,1361,873,3616],"class_list":{"0":"post-253907","1":"post","2":"type-post","3":"status-publish","4":"format-standard","5":"has-post-thumbnail","7":"category-musique","8":"tag-divertissement","9":"tag-ecologie","10":"tag-entertainment","11":"tag-fr","12":"tag-france","13":"tag-marseille","14":"tag-music","15":"tag-musique","16":"tag-rap"},"share_on_mastodon":{"url":"https:\/\/pubeurope.com\/@fr\/114868625308782415","error":""},"_links":{"self":[{"href":"https:\/\/www.europesays.com\/fr\/wp-json\/wp\/v2\/posts\/253907","targetHints":{"allow":["GET"]}}],"collection":[{"href":"https:\/\/www.europesays.com\/fr\/wp-json\/wp\/v2\/posts"}],"about":[{"href":"https:\/\/www.europesays.com\/fr\/wp-json\/wp\/v2\/types\/post"}],"author":[{"embeddable":true,"href":"https:\/\/www.europesays.com\/fr\/wp-json\/wp\/v2\/users\/2"}],"replies":[{"embeddable":true,"href":"https:\/\/www.europesays.com\/fr\/wp-json\/wp\/v2\/comments?post=253907"}],"version-history":[{"count":0,"href":"https:\/\/www.europesays.com\/fr\/wp-json\/wp\/v2\/posts\/253907\/revisions"}],"wp:featuredmedia":[{"embeddable":true,"href":"https:\/\/www.europesays.com\/fr\/wp-json\/wp\/v2\/media\/253908"}],"wp:attachment":[{"href":"https:\/\/www.europesays.com\/fr\/wp-json\/wp\/v2\/media?parent=253907"}],"wp:term":[{"taxonomy":"category","embeddable":true,"href":"https:\/\/www.europesays.com\/fr\/wp-json\/wp\/v2\/categories?post=253907"},{"taxonomy":"post_tag","embeddable":true,"href":"https:\/\/www.europesays.com\/fr\/wp-json\/wp\/v2\/tags?post=253907"}],"curies":[{"name":"wp","href":"https:\/\/api.w.org\/{rel}","templated":true}]}}