{"id":253911,"date":"2025-07-17T12:42:12","date_gmt":"2025-07-17T12:42:12","guid":{"rendered":"https:\/\/www.europesays.com\/fr\/253911\/"},"modified":"2025-07-17T12:42:12","modified_gmt":"2025-07-17T12:42:12","slug":"une-premiere-therapie-redonne-de-lespoir-aux-patients-atteints-de-maladies-rares-cet-ete","status":"publish","type":"post","link":"https:\/\/www.europesays.com\/fr\/253911\/","title":{"rendered":"Une premi\u00e8re th\u00e9rapie redonne de l\u2019espoir aux patients atteints de maladies rares cet \u00e9t\u00e9"},"content":{"rendered":"<p><strong>Imaginez une maladie qui, en quelques ann\u00e9es \u00e0 peine,<br \/>\npeut priver un enfant ou un adulte de ses forces, transformant<br \/>\nchaque geste du quotidien en v\u00e9ritable \u00e9preuve. Cet \u00e9t\u00e9, alors que<br \/>\nde nombreuses familles en France semblaient priv\u00e9es de toute<br \/>\nperspective m\u00e9dicale, une annonce a boulevers\u00e9 le monde des<br \/>\nmaladies rares : une premi\u00e8re th\u00e9rapie est d\u00e9sormais disponible,<br \/>\noffrant, pour la premi\u00e8re fois, une lueur de changement.<br \/>\nQu\u2019implique cette avanc\u00e9e pour celles et ceux qui se battent chaque<br \/>\njour contre l\u2019amyotrophie spinale ? Voici l\u2019essentiel \u00e0 retenir<br \/>\nd\u2019un \u00e9v\u00e9nement \u00e0 la fois scientifique, humain et porteur d\u2019espoirs,<br \/>\nmais qui entra\u00eene aussi de nombreuses interrogations pour la<br \/>\nsoci\u00e9t\u00e9.<\/strong><\/p>\n<p>La maladie rare qui bouleverse des<br \/>\nvies : quand le quotidien devient combatComprendre l\u2019amyotrophie<br \/>\nspinale\u00a0: au c\u0153ur d\u2019un diagnostic redout\u00e9<\/p>\n<p>En France, plus d\u2019<strong>une personne sur 2 000<\/strong> est<br \/>\natteinte d\u2019une maladie rare. L\u2019amyotrophie spinale figure parmi les<br \/>\nplus redout\u00e9es. Elle affecte la transmission nerveuse vers les<br \/>\nmuscles, provoquant une faiblesse musculaire progressive qui, sans<br \/>\ntraitement adapt\u00e9, conduit \u00e0 une perte d\u2019autonomie et peut mettre<br \/>\nen danger la vie des enfants concern\u00e9s. Jusqu\u2019\u00e0 une p\u00e9riode tr\u00e8s<br \/>\nr\u00e9cente, l\u2019annonce de ce diagnostic marquait le d\u00e9but d\u2019un parcours<br \/>\nlong et incertain, rarement couronn\u00e9 d\u2019espoir.<\/p>\n<p>Esp\u00e9rer un traitement\u00a0: la longue<br \/>\nattente des familles<\/p>\n<p>L\u2019\u00e9preuve de l\u2019attente, ponctu\u00e9e d\u2019hospitalisations, de s\u00e9ances<br \/>\nde r\u00e9\u00e9ducation et de l\u2019incapacit\u00e9 \u00e0 planifier l\u2019avenir, \u00e9puise tant<br \/>\nmoralement que physiquement. Pourtant, cet \u00e9t\u00e9, l\u2019espoir<br \/>\ns\u2019impose \u00e0 nouveau, ravivant la volont\u00e9 des familles de croire en<br \/>\nun changement.<\/p>\n<p>Un nouveau souffle : la th\u00e9rapie<br \/>\ng\u00e9nique fait son entr\u00e9eComment un m\u00e9dicament innovant arrive<br \/>\njusqu\u2019aux patients<\/p>\n<p>Pour la premi\u00e8re fois, une <strong>th\u00e9rapie g\u00e9nique<\/strong> est<br \/>\npropos\u00e9e en France pour l\u2019amyotrophie spinale. Administr\u00e9e en une<br \/>\ninjection unique, elle vise \u00e0 corriger l\u2019anomalie g\u00e9n\u00e9tique \u00e0<br \/>\nl\u2019origine de la maladie. Cet acc\u00e8s in\u00e9dit a \u00e9t\u00e9 facilit\u00e9 par la<br \/>\nd\u00e9termination des autorit\u00e9s fran\u00e7aises et le soutien ind\u00e9fectible<br \/>\nde la communaut\u00e9 m\u00e9dicale, soucieuse d\u2019offrir des solutions<br \/>\nconcr\u00e8tes aux patients.<\/p>\n<p>R\u00e9volutions en laboratoire\u00a0: le<br \/>\nchemin exigeant de la recherche<\/p>\n<p>La mise \u00e0 disposition de ce traitement est le fruit d\u2019un long<br \/>\nparcours\u00a0: identification pr\u00e9cise du g\u00e8ne, \u00e9laboration d\u2019une<br \/>\ntechnique fiable, essais sur des groupes restreints. L\u2019engagement<br \/>\npers\u00e9v\u00e9rant des \u00e9quipes fran\u00e7aises et d\u2019ann\u00e9es de recherche<br \/>\nillustre parfaitement l\u2019alliance entre <strong>rigueur<br \/>\nscientifique<\/strong> et volont\u00e9 de transformer la vie des<br \/>\npatients. Cette avanc\u00e9e t\u00e9moigne du patient travail fourni pour<br \/>\nsortir la maladie de l\u2019impasse th\u00e9rapeutique.<\/p>\n<p>L\u2019espoir prend corps : des premiers<br \/>\npatients enfin trait\u00e9sRecevoir la premi\u00e8re injection\u00a0:<br \/>\nun jour inoubliable<\/p>\n<p>Pour les premiers b\u00e9n\u00e9ficiaires, la journ\u00e9e de l\u2019injection<br \/>\ns\u2019accompagne d\u2019une intense appr\u00e9hension, d\u2019un immense soulagement<br \/>\net d\u2019\u00e9motions difficilement descriptibles. La <strong>pr\u00e9paration<br \/>\nm\u00e9ticuleuse<\/strong> de l\u2019\u00e9quipe soignante, attentive \u00e0 chaque<br \/>\nd\u00e9tail, soutient les familles \u00e0 chaque \u00e9tape. Ce jour marque pour<br \/>\nbeaucoup un nouveau d\u00e9part, un tournant d\u00e9cisif dans leur<br \/>\nparcours.<\/p>\n<p>Premiers effets, premi\u00e8res<br \/>\nvictoires\u00a0: les signes d\u2019am\u00e9lioration<\/p>\n<p>Les premiers r\u00e9sultats, bien que trait\u00e9s avec prudence, r\u00e9v\u00e8lent<br \/>\ndes <strong>progr\u00e8s encourageants<\/strong>\u00a0: regain d\u2019\u00e9nergie,<br \/>\ngestes du quotidien facilit\u00e9s, sourire retrouv\u00e9. En 2025, seules<br \/>\nquelques personnes ont pu recevoir ce traitement, mais ces d\u00e9buts<br \/>\ninsufflent \u00e0 toute la fili\u00e8re une dynamique nouvelle, porteuse<br \/>\nd\u2019espoir.<\/p>\n<p>M\u00e9decins, familles, chercheurs : le<br \/>\nchoc d\u2019une avanc\u00e9eChanger le regard sur la maladie<br \/>\nrare\u00a0: un nouveau discours s\u2019impose<\/p>\n<p>\u00c0 l\u2019\u00e9chelle nationale, l\u2019arriv\u00e9e de cette th\u00e9rapie red\u00e9finit la<br \/>\nperception des maladies rares. Jadis synonymes d\u2019absence de<br \/>\nsolutions, elles deviennent d\u00e9sormais symbole d\u2019<strong>espoir<br \/>\nv\u00e9ritable<\/strong>. Les \u00e9changes entre m\u00e9decins, familles et<br \/>\npatients \u00e9voluent enfin\u00a0: le sentiment d\u2019impuissance c\u00e8de la<br \/>\nplace \u00e0 une prudente confiance.<\/p>\n<p>Les professionnels de sant\u00e9 face \u00e0 une<br \/>\navanc\u00e9e in\u00e9dite<\/p>\n<p>Les \u00e9quipes m\u00e9dicales se retrouvent \u00e0 innover\u00a0:<br \/>\npr\u00e9paration, administration de l\u2019injection, suivi sur le long<br \/>\nterme. Un nouveau r\u00f4le se dessine, exigeant d\u2019assurer une<br \/>\n<strong>prise en charge globale<\/strong>, attentive tant \u00e0 la<br \/>\nprogression physique qu\u2019au v\u00e9cu \u00e9motionnel des familles.<\/p>\n<p>Entre enthousiasme et prudence : quels<br \/>\nd\u00e9fis restent \u00e0 relever\u00a0?Les obstacles actuels\u00a0: acc\u00e8s,<br \/>\nsuivi et co\u00fbt du traitement<\/p>\n<p>L\u2019acc\u00e8s \u00e0 cette th\u00e9rapie g\u00e9nique demeure<br \/>\n<strong>restreint<\/strong>\u00a0: tous les patients ne peuvent en<br \/>\nb\u00e9n\u00e9ficier imm\u00e9diatement. Un co\u00fbt s\u2019\u00e9levant \u00e0 plusieurs centaines<br \/>\nde milliers d\u2019euros suscite bien des interrogations sur la<br \/>\nviabilit\u00e9 du mod\u00e8le. Les familles attendent des mesures<br \/>\nd\u2019accompagnement, tandis que les pouvoirs publics \u0153uvrent \u00e0 une<br \/>\nmeilleure \u00e9quit\u00e9 d\u2019acc\u00e8s.<\/p>\n<p>Questions \u00e9thiques et perspectives \u00e0<br \/>\nlong terme\u00a0: quels choix s\u2019imposent\u00a0?<\/p>\n<p>Bien que <strong>salutaires<\/strong>, ces avanc\u00e9es m\u00e9dicales<br \/>\nsoul\u00e8vent d\u2019importants questionnements \u00e9thiques\u00a0: faut-il<br \/>\nr\u00e9server ce traitement aux enfants ou l\u2019ouvrir aussi aux<br \/>\nadultes\u00a0? Que faire lorsque les b\u00e9n\u00e9fices tardent \u00e0 se<br \/>\nmanifester\u00a0? La soci\u00e9t\u00e9, dans son ensemble, doit r\u00e9fl\u00e9chir \u00e0<br \/>\nla meilleure mani\u00e8re d\u2019encadrer ce nouvel espoir, tout en<br \/>\nprot\u00e9geant chaque patient.<\/p>\n<p>Vers un nouvel horizon pour les<br \/>\nmaladies raresSynth\u00e8se des enjeux et espoirs<br \/>\nsuscit\u00e9s par cette avanc\u00e9e<\/p>\n<p>La mise \u00e0 disposition du m\u00e9dicament contre l\u2019amyotrophie spinale<br \/>\nmarque la transition d\u2019une p\u00e9riode sans solution vers un futur<br \/>\nguid\u00e9 par la recherche et l\u2019innovation. Pour la premi\u00e8re fois, la<br \/>\n<strong>th\u00e9rapie g\u00e9nique<\/strong> sort du laboratoire et devient<br \/>\nune r\u00e9alit\u00e9, transformant le quotidien des malades. Il ne s\u2019agit<br \/>\npas d\u2019un point final, mais d\u2019une \u00e9tape o\u00f9 la science et<br \/>\nl\u2019humain conjuguent leurs forces pour offrir une v\u00e9ritable<br \/>\nperspective de gu\u00e9rison.<\/p>\n<p>Et apr\u00e8s\u00a0? Un espoir renouvel\u00e9<br \/>\npour les autres maladies rares<\/p>\n<p>D\u00e9sormais, l\u2019amyotrophie spinale n\u2019est plus la seule au centre<br \/>\nde toutes les attentes\u00a0: la recherche se tourne d\u00e9j\u00e0 vers<br \/>\nd\u2019autres maladies rares encore sans solutions. L\u2019enjeu\u00a0?<br \/>\nAcc\u00e9l\u00e9rer l\u2019innovation, \u00e9tendre les b\u00e9n\u00e9fices \u00e0 l\u2019ensemble des<br \/>\nfamilles, et permettre \u00e0 chacun d\u2019acc\u00e9der \u00e0 un traitement<br \/>\npersonnalis\u00e9. Plus que jamais, la <strong>patience<\/strong>, une<br \/>\ninformation claire et le soutien moral sont essentiels pour<br \/>\naccompagner les familles dans cette course vers l\u2019avenir.<\/p>\n<p>L\u2019\u00e9t\u00e9 2025 marquera une \u00e9tape d\u00e9cisive, ayant vu la th\u00e9rapie<br \/>\ng\u00e9nique offrir une lueur aux familles confront\u00e9es \u00e0 l\u2019impasse. Plus<br \/>\nqu\u2019une prouesse technique, c\u2019est une transformation profonde de<br \/>\nl\u2019\u00e9tat d\u2019esprit\u00a0: la certitude grandit que la lutte contre les<br \/>\nmaladies rares ne rel\u00e8ve plus de la fatalit\u00e9. Il s\u2019agit d\u00e9sormais<br \/>\nd\u2019un mouvement collectif impuls\u00e9 par la science, la solidarit\u00e9 et<br \/>\nla volont\u00e9 in\u00e9branlable de changer le destin de nombreux enfants et<br \/>\nadultes. D\u2019autres avanc\u00e9es majeures pourraient na\u00eetre dans les<br \/>\nann\u00e9es \u00e0 venir : rester attentif \u00e0 cette dynamique s\u2019imposera \u00e0<br \/>\nl\u2019ensemble de la soci\u00e9t\u00e9.<\/p>\n","protected":false},"excerpt":{"rendered":"Imaginez une maladie qui, en quelques ann\u00e9es \u00e0 peine, peut priver un enfant ou un adulte de ses&hellip;\n","protected":false},"author":2,"featured_media":253912,"comment_status":"","ping_status":"","sticky":false,"template":"","format":"standard","meta":{"footnotes":""},"categories":[10],"tags":[1011,27,72,71],"class_list":{"0":"post-253911","1":"post","2":"type-post","3":"status-publish","4":"format-standard","5":"has-post-thumbnail","7":"category-sante","8":"tag-fr","9":"tag-france","10":"tag-health","11":"tag-sante"},"share_on_mastodon":{"url":"https:\/\/pubeurope.com\/@fr\/114868633161989834","error":""},"_links":{"self":[{"href":"https:\/\/www.europesays.com\/fr\/wp-json\/wp\/v2\/posts\/253911","targetHints":{"allow":["GET"]}}],"collection":[{"href":"https:\/\/www.europesays.com\/fr\/wp-json\/wp\/v2\/posts"}],"about":[{"href":"https:\/\/www.europesays.com\/fr\/wp-json\/wp\/v2\/types\/post"}],"author":[{"embeddable":true,"href":"https:\/\/www.europesays.com\/fr\/wp-json\/wp\/v2\/users\/2"}],"replies":[{"embeddable":true,"href":"https:\/\/www.europesays.com\/fr\/wp-json\/wp\/v2\/comments?post=253911"}],"version-history":[{"count":0,"href":"https:\/\/www.europesays.com\/fr\/wp-json\/wp\/v2\/posts\/253911\/revisions"}],"wp:featuredmedia":[{"embeddable":true,"href":"https:\/\/www.europesays.com\/fr\/wp-json\/wp\/v2\/media\/253912"}],"wp:attachment":[{"href":"https:\/\/www.europesays.com\/fr\/wp-json\/wp\/v2\/media?parent=253911"}],"wp:term":[{"taxonomy":"category","embeddable":true,"href":"https:\/\/www.europesays.com\/fr\/wp-json\/wp\/v2\/categories?post=253911"},{"taxonomy":"post_tag","embeddable":true,"href":"https:\/\/www.europesays.com\/fr\/wp-json\/wp\/v2\/tags?post=253911"}],"curies":[{"name":"wp","href":"https:\/\/api.w.org\/{rel}","templated":true}]}}