{"id":253919,"date":"2025-07-17T12:46:10","date_gmt":"2025-07-17T12:46:10","guid":{"rendered":"https:\/\/www.europesays.com\/fr\/253919\/"},"modified":"2025-07-17T12:46:10","modified_gmt":"2025-07-17T12:46:10","slug":"des-capsules-de-cafe-rappelees-dans-toute-la-france-pour-un-risque-sanitaire","status":"publish","type":"post","link":"https:\/\/www.europesays.com\/fr\/253919\/","title":{"rendered":"des capsules de caf\u00e9 rappel\u00e9es dans toute la France pour un \u00ab\u00a0risque sanitaire\u00a0\u00bb"},"content":{"rendered":"<p>La raison est forc\u00e9ment sanitaire. Les autorit\u00e9s expliquent que des capsules peuvent avoir une \u00ab\u00a0teneur en ochratoxine A (mycotoxine) sup\u00e9rieure \u00e0 la r\u00e9glementation en vigueur. Les mycotoxines sont des substances produites par des champignons microscopiques. Ces substances peuvent pr\u00e9senter un risque sanitaire en cas de consommation importante et r\u00e9p\u00e9t\u00e9e sur le long terme.\u00a0\u00bb<\/p>\n<p>Les capsules \u00ab\u00a0Expresso forte\u00a0\u00bb concern\u00e9es\u00a0<\/p>\n<p>Au total, 6 r\u00e9f\u00e9rences du produit \u00ab\u00a0Expresso forte\u00a0\u00bb vendu chez Aldi sont concern\u00e9es. Elles ont \u00e9t\u00e9 commercialis\u00e9es depuis le 11 mars dernier. Il s&rsquo;agit de bo\u00eete de 520g.<\/p>\n<p>&#8211; GTIN : 2006050119707, lot C0404425, date de durabilit\u00e9 minimale 13\/02\/2027<\/p>\n<p>&#8211; GTIN 2006050119707, lot C0404525, date de durabilit\u00e9 minimale 14\/02\/2027<\/p>\n<p>&#8211; GTIN 2006050119707, lot C0404825, date de durabilit\u00e9 minimale 17\/02\/2027<\/p>\n<p>&#8211; GTIN 2006050119707, lot C0404925, date de durabilit\u00e9 minimale 18\/02\/2027<\/p>\n<p>&#8211; GTIN 2006050119707, lot C0405025, date de durabilit\u00e9 minimale 19\/02\/2027<\/p>\n<p>&#8211; GTIN 2006050119707, lot C0405125, date de durabilit\u00e9 minimale 20\/02\/2027<\/p>\n<p>Il ne faut pas les consommer. Le consommateur est invit\u00e9 \u00e0 rapporter le produit \u00e0 son point de vente pour un remboursement&gt;.<\/p>\n","protected":false},"excerpt":{"rendered":"La raison est forc\u00e9ment sanitaire. Les autorit\u00e9s expliquent que des capsules peuvent avoir une \u00ab\u00a0teneur en ochratoxine A&hellip;\n","protected":false},"author":2,"featured_media":253920,"comment_status":"","ping_status":"","sticky":false,"template":"","format":"standard","meta":{"footnotes":""},"categories":[6],"tags":[17,1102,35,4586,39424,254,1446,154,33,34,1011,27,39423,39425,71],"class_list":{"0":"post-253919","1":"post","2":"type-post","3":"status-publish","4":"format-standard","5":"has-post-thumbnail","7":"category-economie","8":"tag-17","9":"tag-breakingnews","10":"tag-business","11":"tag-cafe","12":"tag-capsules","13":"tag-conso","14":"tag-dans","15":"tag-des","16":"tag-economie","17":"tag-economy","18":"tag-fr","19":"tag-france","20":"tag-rappel","21":"tag-rappelees","22":"tag-sante"},"share_on_mastodon":{"url":"https:\/\/pubeurope.com\/@fr\/114868648916433549","error":""},"_links":{"self":[{"href":"https:\/\/www.europesays.com\/fr\/wp-json\/wp\/v2\/posts\/253919","targetHints":{"allow":["GET"]}}],"collection":[{"href":"https:\/\/www.europesays.com\/fr\/wp-json\/wp\/v2\/posts"}],"about":[{"href":"https:\/\/www.europesays.com\/fr\/wp-json\/wp\/v2\/types\/post"}],"author":[{"embeddable":true,"href":"https:\/\/www.europesays.com\/fr\/wp-json\/wp\/v2\/users\/2"}],"replies":[{"embeddable":true,"href":"https:\/\/www.europesays.com\/fr\/wp-json\/wp\/v2\/comments?post=253919"}],"version-history":[{"count":0,"href":"https:\/\/www.europesays.com\/fr\/wp-json\/wp\/v2\/posts\/253919\/revisions"}],"wp:featuredmedia":[{"embeddable":true,"href":"https:\/\/www.europesays.com\/fr\/wp-json\/wp\/v2\/media\/253920"}],"wp:attachment":[{"href":"https:\/\/www.europesays.com\/fr\/wp-json\/wp\/v2\/media?parent=253919"}],"wp:term":[{"taxonomy":"category","embeddable":true,"href":"https:\/\/www.europesays.com\/fr\/wp-json\/wp\/v2\/categories?post=253919"},{"taxonomy":"post_tag","embeddable":true,"href":"https:\/\/www.europesays.com\/fr\/wp-json\/wp\/v2\/tags?post=253919"}],"curies":[{"name":"wp","href":"https:\/\/api.w.org\/{rel}","templated":true}]}}