{"id":25393,"date":"2025-04-14T23:07:11","date_gmt":"2025-04-14T23:07:11","guid":{"rendered":"https:\/\/www.europesays.com\/fr\/25393\/"},"modified":"2025-04-14T23:07:11","modified_gmt":"2025-04-14T23:07:11","slug":"devenir-francais-est-un-acte-grave-et-ca-se-merite-pour-bruno-retailleau","status":"publish","type":"post","link":"https:\/\/www.europesays.com\/fr\/25393\/","title":{"rendered":"Devenir fran\u00e7ais \u00ab\u00a0est un acte grave\u00a0\u00bb et \u00ab\u00a0\u00e7a se m\u00e9rite\u00a0\u00bb pour Bruno Retailleau"},"content":{"rendered":"<p>Le Ministre de l\u2019Int\u00e9rieur s\u2019est exprim\u00e9 ce dimanche sur LCI sur son souhait de durcir les conditions d\u2019acquisition de la nationalit\u00e9 fran\u00e7aise et sur la facilitation du renvoi des personnes en situation irr\u00e9guli\u00e8re en France.<\/p>\n<p>La Commission europ\u00e9enne a mis au point le 11\u00a0mars \u00ab\u00a0un r\u00e8glement retour [\u2026] qui va pr\u00e9voir la criminalisation, la p\u00e9nalisation du s\u00e9jour irr\u00e9gulier qui devient un d\u00e9lit\u00a0\u00bb, a rappel\u00e9 le <a href=\"https:\/\/www.20minutes.fr\/dossier\/ministre_de_l_interieur\" class=\"color-ultramarine c-link\" target=\"_blank\" rel=\"noopener\">ministre de l\u2019Int\u00e9rieur<\/a>.<\/p>\n<p>\u00ab\u00a0On va n\u00e9gocier maintenant le texte l\u00e9gislatif de la Commission qui est sur la table, je veux qu\u2019il y ait la possibilit\u00e9 de fouiller les t\u00e9l\u00e9phones, parce que les t\u00e9l\u00e9phones, c\u2019est ce qui nous permet de voir d\u2019o\u00f9 vient le ressortissant, le <a href=\"https:\/\/www.20minutes.fr\/dossier\/immigration_clandestine\" class=\"color-ultramarine c-link\" target=\"_blank\" rel=\"noopener\">clandestin<\/a> ou l\u2019\u00e9tranger en s\u00e9jour irr\u00e9gulier\u00a0\u00bb, a-t-il dit.<\/p>\n<p>La naturalisation doit \u00eatre \u00ab\u00a0un acte volontaire\u00a0\u00bb<\/p>\n<p>Concernant l\u2019acquisition de la nationalit\u00e9 fran\u00e7aise, <a href=\"https:\/\/www.20minutes.fr\/dossier\/bruno_retailleau\" class=\"color-ultramarine c-link\" target=\"_blank\" rel=\"noopener\">Bruno Retailleau<\/a> a souhait\u00e9 que, sur l\u2019ensemble du territoire fran\u00e7ais, \u00ab\u00a0un jeune, n\u00e9 de parents \u00e9trangers, ne devienne pas automatiquement fran\u00e7ais \u00e0 sa majorit\u00e9 mais qu\u2019il y ait une d\u00e9claration, que ce soit un acte volontaire\u00a0\u00bb de la part du postulant.<\/p>\n<p>Devenir fran\u00e7ais \u00ab\u00a0est un acte grave\u00a0\u00bb et \u00ab\u00a0\u00e7a se m\u00e9rite\u00a0\u00bb, \u00ab\u00a0il faut aimer la France\u00a0\u00bb, a insist\u00e9 le ministre, par ailleurs \u00ab\u00a0favorable\u00a0\u00bb au durcissement \u00ab\u00a0du droit du sol\u00a0\u00bb sur l\u2019ensemble du territoire.<\/p>\n<\/p>\n<p>Le d\u00e9bat sur les <a href=\"https:\/\/www.20minutes.fr\/societe\/4137985-20250211-durcir-droit-sol-fait-comment-ca-fonctionne-combien-personnes-beneficient-vraiment\" target=\"_blank\" class=\"color-ultramarine c-link\" rel=\"noopener\">proc\u00e9dures de naturalisation<\/a> a \u00e9t\u00e9 relanc\u00e9 en d\u00e9but d\u2019ann\u00e9e, montrant une certaine divergence au sein du gouvernement.<\/p>\n<p>Actuellement, le droit du sol permet d\u2019attribuer la nationalit\u00e9 fran\u00e7aise d\u00e8s l\u2019\u00e2ge de 13 ans \u00e0 un enfant n\u00e9 en France de parents \u00e9trangers, \u00e0 condition d\u2019avoir r\u00e9sid\u00e9 dans le pays depuis au moins cinq ans.<\/p>\n<p>Le Premier ministre a par la suite annonc\u00e9 l\u2019organisation d\u2019un d\u00e9bat sur \u00ab\u00a0qu\u2019est-ce qu\u2019\u00eatre fran\u00e7ais\u00a0\u00bb, dont l\u2019organisation a \u00e9t\u00e9 confi\u00e9e d\u00e9but avril au Conseil \u00e9conomique, social et environnemental (Cese).<\/p>\n","protected":false},"excerpt":{"rendered":"Le Ministre de l\u2019Int\u00e9rieur s\u2019est exprim\u00e9 ce dimanche sur LCI sur son souhait de durcir les conditions d\u2019acquisition&hellip;\n","protected":false},"author":2,"featured_media":25394,"comment_status":"","ping_status":"","sticky":false,"template":"","format":"standard","meta":{"footnotes":""},"categories":[4],"tags":[47,11,1013,2196,1011,27,1061,6734,9109,9110,7088,9112,9111,12,316,25],"class_list":{"0":"post-25393","1":"post","2":"type-post","3":"status-publish","4":"format-standard","5":"has-post-thumbnail","7":"category-france","8":"tag-actualite","9":"tag-actualites","10":"tag-bruno-retailleau","11":"tag-commission-europeenne","12":"tag-fr","13":"tag-france","14":"tag-immigration","15":"tag-immigration-clandestine","16":"tag-lci","17":"tag-loi-immigration","18":"tag-ministre-de-linterieur","19":"tag-nationalite","20":"tag-naturalisation","21":"tag-news","22":"tag-politique","23":"tag-republique-francaise"},"share_on_mastodon":{"url":"https:\/\/pubeurope.com\/@fr\/114338833561906169","error":""},"_links":{"self":[{"href":"https:\/\/www.europesays.com\/fr\/wp-json\/wp\/v2\/posts\/25393","targetHints":{"allow":["GET"]}}],"collection":[{"href":"https:\/\/www.europesays.com\/fr\/wp-json\/wp\/v2\/posts"}],"about":[{"href":"https:\/\/www.europesays.com\/fr\/wp-json\/wp\/v2\/types\/post"}],"author":[{"embeddable":true,"href":"https:\/\/www.europesays.com\/fr\/wp-json\/wp\/v2\/users\/2"}],"replies":[{"embeddable":true,"href":"https:\/\/www.europesays.com\/fr\/wp-json\/wp\/v2\/comments?post=25393"}],"version-history":[{"count":0,"href":"https:\/\/www.europesays.com\/fr\/wp-json\/wp\/v2\/posts\/25393\/revisions"}],"wp:featuredmedia":[{"embeddable":true,"href":"https:\/\/www.europesays.com\/fr\/wp-json\/wp\/v2\/media\/25394"}],"wp:attachment":[{"href":"https:\/\/www.europesays.com\/fr\/wp-json\/wp\/v2\/media?parent=25393"}],"wp:term":[{"taxonomy":"category","embeddable":true,"href":"https:\/\/www.europesays.com\/fr\/wp-json\/wp\/v2\/categories?post=25393"},{"taxonomy":"post_tag","embeddable":true,"href":"https:\/\/www.europesays.com\/fr\/wp-json\/wp\/v2\/tags?post=25393"}],"curies":[{"name":"wp","href":"https:\/\/api.w.org\/{rel}","templated":true}]}}