{"id":253934,"date":"2025-07-17T12:54:11","date_gmt":"2025-07-17T12:54:11","guid":{"rendered":"https:\/\/www.europesays.com\/fr\/253934\/"},"modified":"2025-07-17T12:54:11","modified_gmt":"2025-07-17T12:54:11","slug":"il-transforme-son-combat-contre-la-maladie-en-force-creatrice-jules-more-barsotti-un-artiste-toulonnais-a-decouvrir-au-port-des-createurs","status":"publish","type":"post","link":"https:\/\/www.europesays.com\/fr\/253934\/","title":{"rendered":"Il transforme son combat contre la maladie en force cr\u00e9atrice: Jules-Mor\u00e9 Barsotti, un artiste toulonnais \u00e0 d\u00e9couvrir au Port des cr\u00e9ateurs"},"content":{"rendered":"<p>Fauch\u00e9 en plein vol. Alors qu\u2019il m\u00e8ne tranquillement sa vie parisienne et d\u00e9croche ses premiers boulots dans le design de v\u00eatements, Jules-Mor\u00e9 Barsotti d\u00e9couvre qu\u2019il est atteint de la maladie de Berger, une affection qui s\u2019attaque aux reins. Affaibli, apr\u00e8s une hospitalisation, il d\u00e9cide alors de rentrer chez lui, aupr\u00e8s des siens, entre Toulon et La Seyne.<\/p>\n<p>\u00ab\u00a0Au d\u00e9but, je n\u2019avais plus envie de cr\u00e9er\u00a0\u00bb, confie-t-il. Mais apr\u00e8s quelques mois de jach\u00e8re artistique, il finit par retrouver la flamme. \u00ab\u00a0Un ami m\u2019a propos\u00e9 de me pr\u00eater son atelier. J\u2019ai commenc\u00e9 \u00e0 peindre, et je me suis senti bien. Je ne pensais \u00e0 plus rien d\u2019autre. C\u2019est un exutoire.\u00a0\u00bb<\/p>\n<p> Sur ses toiles, il retrace son histoire, depuis ce jour o\u00f9 sa m\u00e9decin lui a demand\u00e9 de se rendre en urgence \u00e0 l\u2019h\u00f4pital. Ce moment o\u00f9 sa vie a bascul\u00e9, et o\u00f9 il a fallu apprendre \u00e0 vivre autrement. C\u2019est tout ce travail qu\u2019il pr\u00e9sente au Port des cr\u00e9ateurs, \u00e0 Toulon, \u00e0 travers une dizaine de peintures r\u00e9unies dans l\u2019exposition Painting without rules.<\/p>\n<p>Des \u0153uvres qu\u2019il d\u00e9finit comme \u00ab\u00a0instinctives\u00a0\u00bb. \u00ab\u00a0Mes toiles ressemblent parfois \u00e0 des collages. Je fais plusieurs couches, il y a un travail sur l\u2019accumulation. M\u00eame si le sujet peut para\u00eetre triste ou angoissant, j\u2019utilise beaucoup de couleurs. C\u2019est une fa\u00e7on de dire que l\u2019art peut permettre de se sortir de ces \u00e9nergies n\u00e9gatives.\u00a0\u00bb<\/p>\n<p><strong>\u00ab\u00a0Comme dans un r\u00eave\u00a0\u00bb<\/strong><\/p>\n<p>Pour sa premi\u00e8re exposition, il a voulu recr\u00e9er l\u2019atmosph\u00e8re d\u2019une chambre d\u2019h\u00f4pital, \u00ab\u00a0comme si c\u2019\u00e9tait un r\u00eave\u00a0\u00bb. Clin d\u2019\u0153il personnel: sur la porte de l\u2019atelier o\u00f9 il pr\u00e9pare l\u2019accrochage, il a coll\u00e9 le num\u00e9ro 407\u2026 le m\u00eame que celui de sa chambre d\u2019h\u00f4pital.<\/p>\n<p>Dans ses tableaux, les formes demeurent parfois abstraites et s\u2019imbriquent les unes dans les autres, flirtant avec le cubisme. Il utilise la peinture, l\u2019encre de Chine, ou encore des bombes a\u00e9rosols.<\/p>\n<p>\u00ab\u00a0La ligne directrice, c\u2019est de dire: je suis mort, je reviens \u00e0 la vie, et je r\u00e9apprends \u00e0 vivre. L\u2019id\u00e9e est de montrer une partie de moi. Apr\u00e8s, que \u00e7a plaise ou non, c\u2019est une autre question\u00a0\u00bb, sourit-il.<\/p>\n<p>Dans l\u2019une des toiles, deux boxeurs se font face: all\u00e9gorie de son combat contre la maladie. Tout cela est aussi le fruit de son parcours artistique.<\/p>\n<p>Au-del\u00e0 de ses \u00e9tudes de design, Jules Barsotti a toujours baign\u00e9 dans la cr\u00e9ation, nourri par la musique de ses parents ou encore les arts d\u00e9coratifs.<\/p>\n<p><strong>Un univers \u00e0 part enti\u00e8re<\/strong><\/p>\n<p>En parall\u00e8le de l\u2019exposition au Port des cr\u00e9ateurs, il investit \u00e9galement la boutique Vibes, en plein centre de Toulon. En plus de ses toiles, il y proposera des v\u00eatements cr\u00e9\u00e9s pour l\u2019occasion. \u00ab\u00a0J\u2019aime l\u2019id\u00e9e de cr\u00e9er tout un univers, de ne pas \u00eatre cantonn\u00e9 \u00e0 une seule discipline. Tout s\u2019assemble.\u00a0\u00bb <\/p>\n<p>Pour pr\u00e9senter son installation, il a r\u00e9alis\u00e9 une vid\u00e9o dans laquelle il se met en sc\u00e8ne et donne les cl\u00e9s pour comprendre son travail. Apr\u00e8s Toulon, il pr\u00e9sentera \u00e9galement cette s\u00e9rie \u00e0 Paris. Un artiste total, pour qui il \u00e9tait important de montrer cette renaissance \u00e0 Toulon, l\u00e0 o\u00f9 tout a commenc\u00e9.<\/p>\n<p>Au port des Cr\u00e9ateurs, place des Savonni\u00e8res \u00e0 Toulon. Du 17 au 26 juillet. Mardi au samedi, de 10h \u00e0 18h.<\/p>\n","protected":false},"excerpt":{"rendered":"Fauch\u00e9 en plein vol. Alors qu\u2019il m\u00e8ne tranquillement sa vie parisienne et d\u00e9croche ses premiers boulots dans le&hellip;\n","protected":false},"author":2,"featured_media":253935,"comment_status":"","ping_status":"","sticky":false,"template":"","format":"standard","meta":{"footnotes":""},"categories":[9619],"tags":[1111,11,1348,251,1777,674,8202,1011,27,12,882,25,2310],"class_list":{"0":"post-253934","1":"post","2":"type-post","3":"status-publish","4":"format-standard","5":"has-post-thumbnail","7":"category-toulon","8":"tag-actu","9":"tag-actualites","10":"tag-arts","11":"tag-culture","12":"tag-eu","13":"tag-europe","14":"tag-expos","15":"tag-fr","16":"tag-france","17":"tag-news","18":"tag-provence-alpes-cote-dazur","19":"tag-republique-francaise","20":"tag-toulon"},"share_on_mastodon":{"url":"https:\/\/pubeurope.com\/@fr\/114868680349173432","error":""},"_links":{"self":[{"href":"https:\/\/www.europesays.com\/fr\/wp-json\/wp\/v2\/posts\/253934","targetHints":{"allow":["GET"]}}],"collection":[{"href":"https:\/\/www.europesays.com\/fr\/wp-json\/wp\/v2\/posts"}],"about":[{"href":"https:\/\/www.europesays.com\/fr\/wp-json\/wp\/v2\/types\/post"}],"author":[{"embeddable":true,"href":"https:\/\/www.europesays.com\/fr\/wp-json\/wp\/v2\/users\/2"}],"replies":[{"embeddable":true,"href":"https:\/\/www.europesays.com\/fr\/wp-json\/wp\/v2\/comments?post=253934"}],"version-history":[{"count":0,"href":"https:\/\/www.europesays.com\/fr\/wp-json\/wp\/v2\/posts\/253934\/revisions"}],"wp:featuredmedia":[{"embeddable":true,"href":"https:\/\/www.europesays.com\/fr\/wp-json\/wp\/v2\/media\/253935"}],"wp:attachment":[{"href":"https:\/\/www.europesays.com\/fr\/wp-json\/wp\/v2\/media?parent=253934"}],"wp:term":[{"taxonomy":"category","embeddable":true,"href":"https:\/\/www.europesays.com\/fr\/wp-json\/wp\/v2\/categories?post=253934"},{"taxonomy":"post_tag","embeddable":true,"href":"https:\/\/www.europesays.com\/fr\/wp-json\/wp\/v2\/tags?post=253934"}],"curies":[{"name":"wp","href":"https:\/\/api.w.org\/{rel}","templated":true}]}}