{"id":253948,"date":"2025-07-17T13:03:19","date_gmt":"2025-07-17T13:03:19","guid":{"rendered":"https:\/\/www.europesays.com\/fr\/253948\/"},"modified":"2025-07-17T13:03:19","modified_gmt":"2025-07-17T13:03:19","slug":"un-corps-en-decomposition-retrouve-dans-un-fosse-pres-de-rennes","status":"publish","type":"post","link":"https:\/\/www.europesays.com\/fr\/253948\/","title":{"rendered":"Un corps en d\u00e9composition retrouv\u00e9 dans un foss\u00e9 pr\u00e8s de Rennes"},"content":{"rendered":"<p>La police a fait une macabre d\u00e9couverte, ce jeudi 17\u00a0juillet 2025, dans la matin\u00e9e. Un corps a \u00e9t\u00e9 trouv\u00e9 dans un foss\u00e9, route de Domloup \u00e0 Cesson-S\u00e9vign\u00e9, une commune situ\u00e9e \u00e0 l\u2019est de Rennes (Ille-et-Vilaine).<\/p>\n<p><strong>Lire aussi : <\/strong> <a href=\"https:\/\/rennes.maville.com\/actu\/actudet_-le-corps-sans-vie-d-un-homme-decouvert-dans-un-square-a-rennes-_7-6900767_actu.Htm\" rel=\"nofollow noopener\" target=\"_blank\">Le corps sans vie d\u2019un homme d\u00e9couvert dans un square \u00e0 Rennes<\/a><\/p>\n<p>Le corps est en \u00e9tat de d\u00e9composition avanc\u00e9e et pas identifiable \u00e0 ce stade. La police nationale est venue faire des constatations, avant de transporter le corps \u00e0 l\u2019institut m\u00e9dico-l\u00e9gal pour identification et autopsie.<\/p>\n<p>Une enqu\u00eate est en cours.<\/p>\n<p>\u00a0<\/p>\n","protected":false},"excerpt":{"rendered":"La police a fait une macabre d\u00e9couverte, ce jeudi 17\u00a0juillet 2025, dans la matin\u00e9e. Un corps a \u00e9t\u00e9&hellip;\n","protected":false},"author":2,"featured_media":253949,"comment_status":"","ping_status":"","sticky":false,"template":"","format":"standard","meta":{"footnotes":""},"categories":[2821],"tags":[1111,11,829,6725,39426,1777,674,13367,1011,27,12,3762,584,25,4256,3165],"class_list":{"0":"post-253948","1":"post","2":"type-post","3":"status-publish","4":"format-standard","5":"has-post-thumbnail","7":"category-rennes","8":"tag-actu","9":"tag-actualites","10":"tag-bretagne","11":"tag-corps","12":"tag-decomposition","13":"tag-eu","14":"tag-europe","15":"tag-fosse","16":"tag-fr","17":"tag-france","18":"tag-news","19":"tag-pres","20":"tag-rennes","21":"tag-republique-francaise","22":"tag-retrouve","23":"tag-vannes"},"share_on_mastodon":{"url":"https:\/\/pubeurope.com\/@fr\/114868715708926305","error":""},"_links":{"self":[{"href":"https:\/\/www.europesays.com\/fr\/wp-json\/wp\/v2\/posts\/253948","targetHints":{"allow":["GET"]}}],"collection":[{"href":"https:\/\/www.europesays.com\/fr\/wp-json\/wp\/v2\/posts"}],"about":[{"href":"https:\/\/www.europesays.com\/fr\/wp-json\/wp\/v2\/types\/post"}],"author":[{"embeddable":true,"href":"https:\/\/www.europesays.com\/fr\/wp-json\/wp\/v2\/users\/2"}],"replies":[{"embeddable":true,"href":"https:\/\/www.europesays.com\/fr\/wp-json\/wp\/v2\/comments?post=253948"}],"version-history":[{"count":0,"href":"https:\/\/www.europesays.com\/fr\/wp-json\/wp\/v2\/posts\/253948\/revisions"}],"wp:featuredmedia":[{"embeddable":true,"href":"https:\/\/www.europesays.com\/fr\/wp-json\/wp\/v2\/media\/253949"}],"wp:attachment":[{"href":"https:\/\/www.europesays.com\/fr\/wp-json\/wp\/v2\/media?parent=253948"}],"wp:term":[{"taxonomy":"category","embeddable":true,"href":"https:\/\/www.europesays.com\/fr\/wp-json\/wp\/v2\/categories?post=253948"},{"taxonomy":"post_tag","embeddable":true,"href":"https:\/\/www.europesays.com\/fr\/wp-json\/wp\/v2\/tags?post=253948"}],"curies":[{"name":"wp","href":"https:\/\/api.w.org\/{rel}","templated":true}]}}