{"id":253950,"date":"2025-07-17T13:04:34","date_gmt":"2025-07-17T13:04:34","guid":{"rendered":"https:\/\/www.europesays.com\/fr\/253950\/"},"modified":"2025-07-17T13:04:34","modified_gmt":"2025-07-17T13:04:34","slug":"un-programme-vitamine-pour-les-6-17-ans","status":"publish","type":"post","link":"https:\/\/www.europesays.com\/fr\/253950\/","title":{"rendered":"un programme vitamin\u00e9 pour les 6-17 ans"},"content":{"rendered":"<p>Pr\u00e8s d\u2019une centaine d\u2019enfants, huit animateurs et un chef, voici la troupe qui a joyeusement envahi les installations sportives de Reichstett pour ce mois de juillet.<\/p>\n<p>Plan d\u2019eau et multi-activit\u00e9s<\/p>\n<p>La session a d\u00e9marr\u00e9 avec une m\u00e9t\u00e9o un peu maussade, mais avec le beau temps revenu, les plus jeunes partent au plan d\u2019eau le matin \u00e0 la fra\u00eeche pour des jeux d\u2019eau, baignades, beach-volley et ch\u00e2teaux de sable, les plus grands y vont les apr\u00e8s-midi, surveill\u00e9s de pr\u00e8s par le trio Marine, Pierre&#8230;<\/p>\n","protected":false},"excerpt":{"rendered":"Pr\u00e8s d\u2019une centaine d\u2019enfants, huit animateurs et un chef, voici la troupe qui a joyeusement envahi les installations&hellip;\n","protected":false},"author":2,"featured_media":253951,"comment_status":"","ping_status":"","sticky":false,"template":"","format":"standard","meta":{"footnotes":""},"categories":[2820],"tags":[1111,11,1687,2880,1777,674,1011,27,775,12,7092,25,640,3265],"class_list":{"0":"post-253950","1":"post","2":"type-post","3":"status-publish","4":"format-standard","5":"has-post-thumbnail","7":"category-strasbourg","8":"tag-actu","9":"tag-actualites","10":"tag-culture-loisirs","11":"tag-edition-strasbourg","12":"tag-eu","13":"tag-europe","14":"tag-fr","15":"tag-france","16":"tag-grand-est","17":"tag-news","18":"tag-reichstett","19":"tag-republique-francaise","20":"tag-strasbourg","21":"tag-strasbourg-nord"},"share_on_mastodon":{"url":"https:\/\/pubeurope.com\/@fr\/114868719664187065","error":""},"_links":{"self":[{"href":"https:\/\/www.europesays.com\/fr\/wp-json\/wp\/v2\/posts\/253950","targetHints":{"allow":["GET"]}}],"collection":[{"href":"https:\/\/www.europesays.com\/fr\/wp-json\/wp\/v2\/posts"}],"about":[{"href":"https:\/\/www.europesays.com\/fr\/wp-json\/wp\/v2\/types\/post"}],"author":[{"embeddable":true,"href":"https:\/\/www.europesays.com\/fr\/wp-json\/wp\/v2\/users\/2"}],"replies":[{"embeddable":true,"href":"https:\/\/www.europesays.com\/fr\/wp-json\/wp\/v2\/comments?post=253950"}],"version-history":[{"count":0,"href":"https:\/\/www.europesays.com\/fr\/wp-json\/wp\/v2\/posts\/253950\/revisions"}],"wp:featuredmedia":[{"embeddable":true,"href":"https:\/\/www.europesays.com\/fr\/wp-json\/wp\/v2\/media\/253951"}],"wp:attachment":[{"href":"https:\/\/www.europesays.com\/fr\/wp-json\/wp\/v2\/media?parent=253950"}],"wp:term":[{"taxonomy":"category","embeddable":true,"href":"https:\/\/www.europesays.com\/fr\/wp-json\/wp\/v2\/categories?post=253950"},{"taxonomy":"post_tag","embeddable":true,"href":"https:\/\/www.europesays.com\/fr\/wp-json\/wp\/v2\/tags?post=253950"}],"curies":[{"name":"wp","href":"https:\/\/api.w.org\/{rel}","templated":true}]}}