{"id":253960,"date":"2025-07-17T13:09:09","date_gmt":"2025-07-17T13:09:09","guid":{"rendered":"https:\/\/www.europesays.com\/fr\/253960\/"},"modified":"2025-07-17T13:09:09","modified_gmt":"2025-07-17T13:09:09","slug":"a-nantes-le-restaurant-dune-ex-candidate-de-top-chef-ferme","status":"publish","type":"post","link":"https:\/\/www.europesays.com\/fr\/253960\/","title":{"rendered":"\u00e0 Nantes, le restaurant d&rsquo;une ex-candidate de Top Chef ferme"},"content":{"rendered":"<p>            Par<br \/>\n        <strong><br \/>\n            <a href=\"https:\/\/actu.fr\/auteur\/thomas-bernard\" title=\"Consulter tous les articles de Thomas Bernard\" rel=\"nofollow noopener\" target=\"_blank\">Thomas Bernard<\/a><br \/>\n        <\/strong><\/p>\n<p>        Publi\u00e9 le<\/p>\n<p>            17 juil. 2025 \u00e0 14h36        <\/p>\n<p>Sept ans apr\u00e8s son ouverture, <a href=\"https:\/\/vacarme-nantes.com\/\" rel=\"nofollow noopener\" target=\"_blank\">le restaurant Vacarme<\/a> de la cheffe nantaise <strong>Sarah Mainguy<\/strong> va servir ses derniers couverts. Dans un message post\u00e9 sur son compte <a href=\"https:\/\/www.instagram.com\/p\/DL8OJMtM5Ji\/?img_index=5\" rel=\"nofollow noopener\" target=\"_blank\">Instagram<\/a>, ce jeudi 10 juillet 2025, <a href=\"https:\/\/actu.fr\/pays-de-la-loire\/nantes_44109\/nantes-la-cheffe-sarah-mainguy-du-restaurant-vacarme-au-casting-de-top-chef_38907226.html\" rel=\"nofollow noopener\" target=\"_blank\">la finaliste de l\u2019\u00e9mission Top Chef en 2021<\/a>, a annonc\u00e9 <strong>la fermeture de son \u00e9tablissement du centre-ville<\/strong>.<\/p>\n<p class=\" wall-content\">Les Nantais pourront venir d\u00e9guster une derni\u00e8re fois les mets du Vacarme, au 5 rue des Bons Fran\u00e7ais, <strong>le samedi 19 juillet 2025<\/strong>.\u00a0<\/p>\n<p>\u00ab\u00a0Les temps sont durs\u00a0\u00bb<\/p>\n<p class=\" wall-content\">\u00ab\u00a0On ne racontera jamais suffisamment \u00e0 quel point \u00eatre commer\u00e7ant, restaurateur est un m\u00e9tier \u00e9prouvant\u00a0\u00bb, \u00e9crit la Nantaise dans son message post\u00e9 sur les r\u00e9seaux sociaux. La cheffe \u00e9voque le contexte \u00e9conomique qui impacte les commer\u00e7ants.\u00a0<\/p>\n<blockquote class=\"ac-article-quote wall-content\">\n<p>Apr\u00e8s avoir v\u00e9cu le covid on pensait avoir v\u00e9cu le pire mais malheureusement les temps sont durs. Aujourd\u2019hui non seulement les commerces traversent une crise sans pr\u00e9c\u00e9dent mais en plus nos bailleurs \/ copro ne nous permettent plus de pouvoir travailler dans de bonnes conditions.<\/p>\n<p>    <strong>Sarah Mainguy<\/strong>\n            <\/p><\/blockquote>\n<p class=\" wall-content\">Dans sa publication, Sarah Mainguy incite \u00e0 \u00ab\u00a0soutenir vos commerces de proximit\u00e9s\u00a0\u00bb.\u00a0<\/p>\n<p>Vid\u00e9os : en ce moment sur Actu<\/p>\n<p class=\" wall-content\">La Nantaise continuera de proposer ses cr\u00e9ations culinaires chez Freia, <a href=\"https:\/\/actu.fr\/pays-de-la-loire\/nantes_44109\/nantes-freia-le-nouveau-restaurant-de-sarah-mainguy-ouvrira-en-fevrier-2024_60521885.html\" rel=\"nofollow noopener\" target=\"_blank\">son deuxi\u00e8me restaurant install\u00e9 boulevard de Berlin<\/a>, pr\u00e8s de la gare SNCF, <a href=\"https:\/\/actu.fr\/pays-de-la-loire\/nantes_44109\/guide-michelin-2025-deux-nouveaux-restaurants-etoiles-a-nantes_62447207.html\" rel=\"nofollow noopener\" target=\"_blank\">r\u00e9cemment r\u00e9compens\u00e9 d\u2019une \u00e9toile au Guide Michelin<\/a>.\u00a0<\/p>\n<p class=\" wall-content\">Suivez toute l\u2019actualit\u00e9 de vos villes et m\u00e9dias favoris en vous inscrivant \u00e0 <a href=\"https:\/\/moncompte.actu.fr\" title=\"D\u00e9couvez Mon Actu\" rel=\"nofollow noopener\" data-trk=\"{&quot;cta&quot;:{&quot;action&quot;:&quot;https:\\\/\\\/moncompte.actu.fr&quot;,&quot;category&quot;:&quot;mon compte&quot;,&quot;from&quot;:&quot;article footer&quot;,&quot;name&quot;:&quot;Mon actu&quot;,&quot;type&quot;:&quot;cta&quot;}}\" target=\"_blank\">Mon Actu<\/a>.<\/p>\n<p>                    <script async src=\"\/\/www.instagram.com\/embed.js\"><\/script><\/p>\n","protected":false},"excerpt":{"rendered":"Par Thomas Bernard Publi\u00e9 le 17 juil. 2025 \u00e0 14h36 Sept ans apr\u00e8s son ouverture, le restaurant Vacarme&hellip;\n","protected":false},"author":2,"featured_media":253961,"comment_status":"","ping_status":"","sticky":false,"template":"","format":"standard","meta":{"footnotes":""},"categories":[2818],"tags":[1111,11,215,1777,674,1011,27,766,12,2636,25,1340,104],"class_list":{"0":"post-253960","1":"post","2":"type-post","3":"status-publish","4":"format-standard","5":"has-post-thumbnail","7":"category-nantes","8":"tag-actu","9":"tag-actualites","10":"tag-commerce","11":"tag-eu","12":"tag-europe","13":"tag-fr","14":"tag-france","15":"tag-nantes","16":"tag-news","17":"tag-pays-de-la-loire","18":"tag-republique-francaise","19":"tag-restaurant","20":"tag-societe"},"share_on_mastodon":{"url":"https:\/\/pubeurope.com\/@fr\/114868739337729776","error":""},"_links":{"self":[{"href":"https:\/\/www.europesays.com\/fr\/wp-json\/wp\/v2\/posts\/253960","targetHints":{"allow":["GET"]}}],"collection":[{"href":"https:\/\/www.europesays.com\/fr\/wp-json\/wp\/v2\/posts"}],"about":[{"href":"https:\/\/www.europesays.com\/fr\/wp-json\/wp\/v2\/types\/post"}],"author":[{"embeddable":true,"href":"https:\/\/www.europesays.com\/fr\/wp-json\/wp\/v2\/users\/2"}],"replies":[{"embeddable":true,"href":"https:\/\/www.europesays.com\/fr\/wp-json\/wp\/v2\/comments?post=253960"}],"version-history":[{"count":0,"href":"https:\/\/www.europesays.com\/fr\/wp-json\/wp\/v2\/posts\/253960\/revisions"}],"wp:featuredmedia":[{"embeddable":true,"href":"https:\/\/www.europesays.com\/fr\/wp-json\/wp\/v2\/media\/253961"}],"wp:attachment":[{"href":"https:\/\/www.europesays.com\/fr\/wp-json\/wp\/v2\/media?parent=253960"}],"wp:term":[{"taxonomy":"category","embeddable":true,"href":"https:\/\/www.europesays.com\/fr\/wp-json\/wp\/v2\/categories?post=253960"},{"taxonomy":"post_tag","embeddable":true,"href":"https:\/\/www.europesays.com\/fr\/wp-json\/wp\/v2\/tags?post=253960"}],"curies":[{"name":"wp","href":"https:\/\/api.w.org\/{rel}","templated":true}]}}