{"id":253970,"date":"2025-07-17T13:14:38","date_gmt":"2025-07-17T13:14:38","guid":{"rendered":"https:\/\/www.europesays.com\/fr\/253970\/"},"modified":"2025-07-17T13:14:38","modified_gmt":"2025-07-17T13:14:38","slug":"cette-peinture-dexcellence-est-fabriquee-depuis-200-ans-pres-de-lille","status":"publish","type":"post","link":"https:\/\/www.europesays.com\/fr\/253970\/","title":{"rendered":"Cette peinture d\u2019excellence est fabriqu\u00e9e depuis 200 ans pr\u00e8s de Lille"},"content":{"rendered":"<p>            Par<br \/>\n        <strong><br \/>\n            <a href=\"https:\/\/actu.fr\/auteur\/amandine-vachez\" title=\"Consulter tous les articles de Amandine Vachez\" target=\"_blank\" rel=\"noopener\">Amandine Vachez<\/a><br \/>\n        <\/strong><\/p>\n<p>        Publi\u00e9 le<\/p>\n<p>            15 juil. 2025 \u00e0 12h40        <\/p>\n<p>En 1825, la soci\u00e9t\u00e9 \u00ab\u2009Th\u00e9odore Lefebvre &amp; Cie\u2009\u00bb ouvre \u00e0 <a href=\"https:\/\/actu.fr\/lille\/\" target=\"_blank\" rel=\"noopener\">Lille<\/a> (Nord), dans le quartier Moulins. La <b>fabrique de c\u00e9ruse<\/b> va, au fil des d\u00e9cennies, devenir <b>productrice de peintures <\/b>pour les professionnels, puis accessibles au grand public. <b>200\u00a0ans plus tard<\/b>, son<b> site de production de Noyelles-l\u00e8s-Seclin<\/b>, pr\u00e8s de Lille, peut sortir<b> 20\u2009000\u00a0tonnes de peinture par an<\/b>, et sa seconde usine, situ\u00e9e pr\u00e8s de <a href=\"https:\/\/actu.fr\/toulouse\/\" target=\"_blank\" rel=\"noopener\">Toulouse<\/a> \u00e0 Colomiers, 15\u2009000. Les co-dirigeants actuels du groupe pr\u00e9sentent l\u2019entreprise et ses grandes ambitions.<\/p>\n<p>\u00ab\u2009On con\u00e7oit, on fabrique et on vend des peintures d\u2019excellence\u2009\u00bb<\/p>\n<p class=\" wall-content\">Vous avez sans doute d\u00e9j\u00e0 vu ces pots de peinture, floqu\u00e9s \u00ab\u2009Th\u00e9olaur peintures\u2009\u00bb, terme n\u00e9 de la fusion de Th\u00e9odore et de Lauragais peintures survenue au d\u00e9but du si\u00e8cle. En 2025, pour vous situer, le groupe nordiste Th\u00e9odore centralise plusieurs activit\u00e9s\u2009: la<b> conception et fabrication de peintures<\/b> (Th\u00e9olaur peintures), les <b>espaces de vente<\/b> (Th\u00e9odore Maison de peinture), un <b>outil digital <\/b>(Monsieur peinture) et <b>PALM<\/b> (service d\u00e9di\u00e9 aux fresques murales).<\/p>\n<p class=\" wall-content\">Cette pluridisciplinarit\u00e9 permet au groupe d\u2019avoir \u00ab\u2009une compl\u00e9mentarit\u00e9 naturelle\u2009\u00bb, comme le dit Hugo Robardey, co-dirigeant du groupe. Con\u00e7ues dans un laboratoire R&amp;D situ\u00e9 \u00e0 Noyelles, les peintures sont fabriqu\u00e9es en France, sur les deux sites de production, dont chacun a sa sp\u00e9cificit\u00e9. Puis elles sont distribu\u00e9es dans des points de vente physiques (plus de 80 en France) et sur Internet.<\/p>\n<blockquote class=\"ac-article-quote wall-content\">\n<p>\u00ab\u2009On con\u00e7oit, on fabrique et on vend de la peinture d\u2019excellence.\u2009\u00bb<\/p>\n<p>Hugo Robardey, co-dirigeant du groupe Th\u00e9odore.<\/p><\/blockquote>\n<p>    <img   decoding=\"async\" loading=\"lazy\" class=\"size-large\" src=\"https:\/\/www.europesays.com\/fr\/wp-content\/uploads\/2025\/07\/1338e271167863738e27116782b38ev-960x640.jpeg\" alt=\"En 2025, le groupe Th\u00e9odore f\u00eate ses 200 ans. L'entreprise est n\u00e9e en 1825 \u00e0 Lille (Nord) et a depuis connu de nombreuses \u00e9volutions, comme le d\u00e9voile cette fresque r\u00e9alis\u00e9e pour cet anniversaire.\" width=\"960\" height=\"640\"\/><br \/>\n    En 2025, le groupe Th\u00e9odore f\u00eate ses 200\u00a0ans. L\u2019entreprise est n\u00e9e en 1825 \u00e0 Lille (Nord) et a depuis connu de nombreuses \u00e9volutions, comme le d\u00e9voile cette fresque r\u00e9alis\u00e9e pour cet anniversaire. \u00a9Amandine VachezToujours s\u2019adapter<\/p>\n<p class=\" wall-content\">Quel est le secret de long\u00e9vit\u00e9 d\u2019un tel groupe\u2009? \u00ab\u2009S\u2019adapter, toujours innover\u2009\u00bb, r\u00e9pond Hugo Robardey. \u00ab\u2009Il suffit de regarder notre histoire. Initialement, on \u00e9tait fabricant de c\u00e9ruse\u2009\u00bb. Depuis plusieurs ann\u00e9es, le <b>d\u00e9fi est directement li\u00e9 au r\u00e9chauffement climatique<\/b>. Il a fallu par exemple imaginer une peinture qui isole davantage les b\u00e2timents. \u00ab\u2009Notre produit Theoterm\u00ae, mis en vente en 2018, a un r\u00e9el<b> impact sur le r\u00e9chauffement du b\u00e2timent<\/b>, par un renvoi des UV dans l\u2019atmosph\u00e8re\u2009\u00bb, explique Laurent Letort, co-digireant du groupe. Cela a \u00e9t\u00e9 mesur\u00e9\u2009: ce produit permet d\u2019\u00e9conomiser 4 kg de CO2 par m2 et par an, est-il avanc\u00e9 par l\u2019entreprise.<\/p>\n<p>\u00ab\u2009Terroir, la plus fran\u00e7aise des peintures fran\u00e7aises\u2009\u00bb<\/p>\n<p class=\" wall-content\">\u00ab\u2009Nous travaillons toujours \u00e0 aller plus loin, avec des mati\u00e8res biosourc\u00e9es, naturelles ou recycl\u00e9es\u2009\u00bb, met en exergue Hugo Robardey. Pour mettre un coup de projecteur sur l\u2019entreprise, un <b>nouveau produit est lanc\u00e9, pour le bicentenaire<\/b>\u2009: la <b>peinture \u00ab\u2009Terroir\u2009\u00bb<\/b>, vendue comme \u00ab\u2009la plus fran\u00e7aise des peintures fran\u00e7aises\u2009\u00bb. Hugo Robardey explique\u2009: <b>\u00ab\u200980\u2009% des composants de cette peinture sont d\u2019origine France. <\/b>Nous avons cherch\u00e9 longtemps comment construire ce circuit, trouver des fournisseurs\u2026 Et trouver la formule pour que le produit fini soit satisfaisant et tienne dans le temps. Tout a \u00e9t\u00e9 r\u00e9fl\u00e9chi.\u2009\u00bb En guise de comparaison, sur les produits \u00ab\u2009classiques\u2009\u00bb, environ 50\u2009% des composants sont d\u2019origine fran\u00e7aise, et 40\u2009% europ\u00e9enne. Hugo Robardey insiste sur le fait que \u00ab\u2009toute la production est faite en France, \u00e0 Noyelles et \u00e0 Colomiers.\u2009\u00bb<\/p>\n<blockquote class=\"ac-article-quote wall-content\">\n<p>\u00ab\u2009Aujourd\u2019hui, on se rapproche de la biochimie v\u00e9g\u00e9tale, dans l\u2019\u00e9laboration de nos formules. Pour le produit Terroir par exemple, on utilise de la coquille d\u2019\u0153uf.\u2009\u00bb<\/p>\n<p>Hugo Robardey, co-dirigeant du groupe Th\u00e9odore.<\/p><\/blockquote>\n<p>    <img   decoding=\"async\" loading=\"lazy\" class=\"size-large\" src=\"https:\/\/www.europesays.com\/fr\/wp-content\/uploads\/2025\/07\/1d96e27116786d5a6e27116784aa6ev-960x640.jpeg\" alt=\"Le site de production de Noyelles-l\u00e8s-Seclin (Nord) a une capacit\u00e9 de production de 20 000 tonnes par an.\" width=\"960\" height=\"640\"\/><br \/>\n    Le site de production de Noyelles-l\u00e8s-Seclin (Nord) a une capacit\u00e9 de production de 20\u2009000\u00a0tonnes par an. \u00a9Amandine VachezPour 2030, miser sur l\u2019innovation et la proximit\u00e9 avec les clients<\/p>\n<p class=\" wall-content\">\u00c0 l\u2019horizon 2030, le groupe a pour objectif d\u2019<b>injecter 20\u2009% de son chiffre d\u2019affaires<\/b> (110\u00a0millions d\u2019euros actuellement)<b> dans l\u2019innovation<\/b>. Il veut aussi renforcer son maillage sur le territoire, avec l\u2019ouverture de <b>40 points de vente suppl\u00e9mentaires<\/b>, o\u00f9 sera propos\u00e9 un service de click and collect et un dispositif de r\u00e9alit\u00e9 augment\u00e9e, pour que le client se projette plus facilement. \u00ab\u2009Il est important pour nous de parfaire notre service de proximit\u00e9\u2009\u00bb, appuie Laurent Letort.<\/p>\n<p class=\" wall-content\">Suivez toute l\u2019actualit\u00e9 de vos villes et m\u00e9dias favoris en vous inscrivant \u00e0 <a href=\"https:\/\/moncompte.actu.fr\" title=\"D\u00e9couvez Mon Actu\" rel=\"nofollow noopener\" data-trk=\"{&quot;cta&quot;:{&quot;action&quot;:&quot;https:\\\/\\\/moncompte.actu.fr&quot;,&quot;category&quot;:&quot;mon compte&quot;,&quot;from&quot;:&quot;article footer&quot;,&quot;name&quot;:&quot;Mon actu&quot;,&quot;type&quot;:&quot;cta&quot;}}\" target=\"_blank\">Mon Actu<\/a>.<\/p>\n","protected":false},"excerpt":{"rendered":"Par Amandine Vachez Publi\u00e9 le 15 juil. 2025 \u00e0 12h40 En 1825, la soci\u00e9t\u00e9 \u00ab\u2009Th\u00e9odore Lefebvre &amp; Cie\u2009\u00bb&hellip;\n","protected":false},"author":2,"featured_media":253971,"comment_status":"","ping_status":"","sticky":false,"template":"","format":"standard","meta":{"footnotes":""},"categories":[2815],"tags":[1111,11,33,2855,1777,674,1011,27,811,1307,12,25],"class_list":{"0":"post-253970","1":"post","2":"type-post","3":"status-publish","4":"format-standard","5":"has-post-thumbnail","7":"category-lille","8":"tag-actu","9":"tag-actualites","10":"tag-economie","11":"tag-entrepreneuriat","12":"tag-eu","13":"tag-europe","14":"tag-fr","15":"tag-france","16":"tag-hauts-de-france","17":"tag-lille","18":"tag-news","19":"tag-republique-francaise"},"share_on_mastodon":{"url":"https:\/\/pubeurope.com\/@fr\/114868759112271615","error":""},"_links":{"self":[{"href":"https:\/\/www.europesays.com\/fr\/wp-json\/wp\/v2\/posts\/253970","targetHints":{"allow":["GET"]}}],"collection":[{"href":"https:\/\/www.europesays.com\/fr\/wp-json\/wp\/v2\/posts"}],"about":[{"href":"https:\/\/www.europesays.com\/fr\/wp-json\/wp\/v2\/types\/post"}],"author":[{"embeddable":true,"href":"https:\/\/www.europesays.com\/fr\/wp-json\/wp\/v2\/users\/2"}],"replies":[{"embeddable":true,"href":"https:\/\/www.europesays.com\/fr\/wp-json\/wp\/v2\/comments?post=253970"}],"version-history":[{"count":0,"href":"https:\/\/www.europesays.com\/fr\/wp-json\/wp\/v2\/posts\/253970\/revisions"}],"wp:featuredmedia":[{"embeddable":true,"href":"https:\/\/www.europesays.com\/fr\/wp-json\/wp\/v2\/media\/253971"}],"wp:attachment":[{"href":"https:\/\/www.europesays.com\/fr\/wp-json\/wp\/v2\/media?parent=253970"}],"wp:term":[{"taxonomy":"category","embeddable":true,"href":"https:\/\/www.europesays.com\/fr\/wp-json\/wp\/v2\/categories?post=253970"},{"taxonomy":"post_tag","embeddable":true,"href":"https:\/\/www.europesays.com\/fr\/wp-json\/wp\/v2\/tags?post=253970"}],"curies":[{"name":"wp","href":"https:\/\/api.w.org\/{rel}","templated":true}]}}