{"id":253972,"date":"2025-07-17T13:15:24","date_gmt":"2025-07-17T13:15:24","guid":{"rendered":"https:\/\/www.europesays.com\/fr\/253972\/"},"modified":"2025-07-17T13:15:24","modified_gmt":"2025-07-17T13:15:24","slug":"au-coeur-du-championnat-deurope-u18-a-lille","status":"publish","type":"post","link":"https:\/\/www.europesays.com\/fr\/253972\/","title":{"rendered":"Au c\u0153ur du championnat d\u2019Europe U18 \u00e0 Lille"},"content":{"rendered":"<p>Dix nations, seinze \u00e9quipes, une quarantaine d\u2019officiels, plus de 80 b\u00e9n\u00e9voles, le c\u0153ur du hockey europ\u00e9en bat \u00e0 Lille jusqu\u2019au 19 juillet. Avec des objectifs diff\u00e9rents, l\u2019apprentissage du haut niveau chez les Filles et l\u2019intention de bousculer la hi\u00e9rarchie \u00e9tablie pour les Gar\u00e7ons, nos 2 \u00e9quipes de France U18 participent \u00e0 cette comp\u00e9tition du plus haut niveau europ\u00e9en. <\/p>\n<p style=\"text-align: center;\"><img loading=\"lazy\" decoding=\"async\" src=\"https:\/\/www.europesays.com\/fr\/wp-content\/uploads\/2025\/07\/U18BELGIUM-18_copie_2.jpg\" alt=\"U18BELGIUM-18_copie_2.jpg\" width=\"578\" height=\"385\"\/><br \/><strong>(C) C\u00e9dric Martin<\/strong><\/p>\n<p>Fort de ses 2 terrains aux normes internationales, le Lille M\u00e9tropole Hockey Club re\u00e7oit cette semaine le gratin du hockey europ\u00e9en en U18. Une impressionnante organisation orchestr\u00e9e par des b\u00e9n\u00e9voles issus du LillHoc, des clubs des Hauts de France, de l\u2019\u00cele de France et m\u00eame de la proche Belgique, en coordination avec les f\u00e9d\u00e9rations europ\u00e9enne et fran\u00e7aise. Plus de 1000 visiteurs par jour ont ainsi assist\u00e9 \u00e0 des rencontres disput\u00e9es, comme ce match nul (1\/1) entre les Pays-Bas et l\u2019Allemagne chez les Filles ou ce 3\/3 entre l\u2019Allemagne et l\u2019Angleterre chez les Gar\u00e7ons.<\/p>\n<p>C\u00f4t\u00e9 tricolores, les jeunes fran\u00e7aises se sont battues \u00e0 chaque match, mais n\u2019ont rien pu faire contre la Belgique (1\/7) ou contre l\u2019Espagne (0\/7). Elles ont cependant r\u00e9pondu aux attentes du nombreux public en proposant une belle opposition aux Polonaises (match perdu 1\/0 sur PC marqu\u00e9 \u00e0 la toute derni\u00e8re minute du match). Une d\u00e9ception pour les Bleuettes qui n\u2019\u00e9taient cependant pas favorites et qui vont avoir l\u2019occasion de relever la t\u00eate d\u00e8s demain, vendredi 18 juillet \u00e0 14h30, contre l\u2019Italie, puis samedi 19 \u00e0 14h50 contre l\u2019Angleterre.<\/p>\n<p style=\"text-align: center;\"><img loading=\"lazy\" decoding=\"async\" src=\"https:\/\/www.europesays.com\/fr\/wp-content\/uploads\/2025\/07\/U18BELGIUM-53_copie.jpg\" alt=\"U18BELGIUM-53_copie.jpg\" width=\"575\" height=\"383\"\/><br \/><strong>(C) C\u00e9dric Martin<\/strong><\/p>\n<p>Plus de sourires chez les Bleuets qui ont battu d\u2019entr\u00e9e les Pays-Bas, une des \u00e9quipes favorites de la comp\u00e9tition. Les Fran\u00e7ais menaient 2 buts \u00e0 0 avant de trembler, mais de tenir bon dans un 4\u00e8me quart-temps irrespirable. Une bonne entr\u00e9e en mati\u00e8re et la confirmation des grands progr\u00e8s effectu\u00e9s par cette \u00e9quipe coach\u00e9 par Fr\u00e9d\u00e9ric Soyez et Fabien Tornabene. Suivie d\u2019une victoire sans appel (6\/1) contre l\u2019Ecosse. Enfin, dernier match de la poule avec 2 \u00e9quipes d\u00e9j\u00e0 qualifi\u00e9es pour les demi-finales, la France U18 s\u2019est inclin\u00e9e d\u2019un seul but d\u2019\u00e9cart (1\/2) contre les Belges, d\u00e9sormais grand favori de cette coupe europ\u00e9enne. Les Bleuets vont rencontrer l\u2019Espagne demain vendredi \u00e0 12h35, avec des Espagnols qui ont impressionn\u00e9 le public hier avec leur victoire par 4 buts \u00e0 0 contre les jeunes Anglais.<\/p>\n<p style=\"text-align: center;\"><img loading=\"lazy\" decoding=\"async\" src=\"https:\/\/www.europesays.com\/fr\/wp-content\/uploads\/2025\/07\/U18SCOT-317_copie.jpg\" alt=\"U18SCOT-317_copie.jpg\" width=\"582\" height=\"388\" style=\"display: block; margin-left: auto; margin-right: auto;\"\/><strong>(C) C\u00e9dric Martin<\/strong><\/p>\n<p><strong>Le programme de vendredi 18 juillet<\/strong><\/p>\n<p>Chez les Gar\u00e7ons\u00a0:<\/p>\n<p>Pool C\u00a0\u00a0\u00a0\u00a0\u00a0\u00a0\u00a0\u00a0\u00a0\u00a0\u00a0\u00a0 R\u00e9p Tch\u00e8que\/Ecosse\u00a0 10h00<\/p>\n<p>\u00bd finale\u00a0\u00a0\u00a0\u00a0\u00a0\u00a0\u00a0\u00a0\u00a0\u00a0 Belgique\/Allemagne\u00a0\u00a0 10h20<\/p>\n<p>Pool C\u00a0\u00a0\u00a0\u00a0\u00a0\u00a0\u00a0\u00a0\u00a0\u00a0\u00a0\u00a0 Angleterre\/Pays-Bas\u00a0 12h15<\/p>\n<p>\u00bd finale\u00a0\u00a0\u00a0\u00a0\u00a0\u00a0\u00a0\u00a0\u00a0\u00a0 Espagne\/<strong>France\u00a0<\/strong>\u00a0 \u00a0\u00a0\u00a0\u00a0\u00a0\u00a0 12h35<\/p>\n<p>Chez les Filles\u00a0:<\/p>\n<p>Pool C\u00a0\u00a0\u00a0\u00a0\u00a0\u00a0\u00a0\u00a0\u00a0\u00a0\u00a0\u00a0 Italie\/<strong>France\u00a0\u00a0 \u00a0\u00a0\u00a0<\/strong>\u00a0\u00a0\u00a0\u00a0\u00a0\u00a0\u00a0\u00a0 14h30<\/p>\n<p>\u00bd finale\u00a0\u00a0\u00a0\u00a0\u00a0\u00a0\u00a0\u00a0\u00a0\u00a0 Pays-Bas\/Espagne \u00a0\u00a0\u00a0\u00a0 14h50<\/p>\n<p>Pool C\u00a0\u00a0\u00a0\u00a0\u00a0\u00a0\u00a0\u00a0\u00a0\u00a0\u00a0\u00a0 Angleterre\/Pologne\u00a0\u00a0 16h45<\/p>\n<p>\u00bd finale\u00a0\u00a0\u00a0\u00a0\u00a0\u00a0\u00a0\u00a0\u00a0\u00a0 Belgique\/Allemagne\u00a0\u00a0 17h05<\/p>\n<p><strong>\u00a0<\/strong><\/p>\n<p><a href=\"https:\/\/eurohockey.altiusrt.com\/\" class=\"normal\" target=\"_blank\" rel=\"noopener\">Tous les r\u00e9sultats Ici !\u00a0<\/a><\/p>\n<p>Acc\u00e8s billetterie\u00a0:<\/p>\n<p><a href=\"https:\/\/www.helloasso.com\/associations\/lille-metropole-hockey-club\" classes=\"normal\" target=\"_blank\" rel=\"noopener\">https:\/\/www.helloasso.com\/associations\/lille-metropole-hockey-club<\/a><\/p>\n<p>Acc\u00e8s streaming\u00a0: <a href=\"https:\/\/www.eurohockeytv.org\/\" target=\"_blank\" rel=\"noopener\"><a href=\"https:\/\/www.eurohockeytv.org\/\" classes=\"normal\" target=\"_blank\" rel=\"noopener\">https:\/\/www.eurohockeytv.org\/<\/a><\/p>\n<p>Article r\u00e9dig\u00e9 par <strong>Eric Delemazure<\/strong><\/p>\n","protected":false},"excerpt":{"rendered":"Dix nations, seinze \u00e9quipes, une quarantaine d\u2019officiels, plus de 80 b\u00e9n\u00e9voles, le c\u0153ur du hockey europ\u00e9en bat \u00e0&hellip;\n","protected":false},"author":2,"featured_media":253973,"comment_status":"","ping_status":"","sticky":false,"template":"","format":"standard","meta":{"footnotes":""},"categories":[2815],"tags":[1111,11,8882,37607,37608,1777,674,37605,22302,1011,26,27,37177,811,4488,1307,12,12998,9640,704,37606,25,8878],"class_list":{"0":"post-253972","1":"post","2":"type-post","3":"status-publish","4":"format-standard","5":"has-post-thumbnail","7":"category-lille","8":"tag-actu","9":"tag-actualites","10":"tag-developpement","11":"tag-diriger","12":"tag-encourager","13":"tag-eu","14":"tag-europe","15":"tag-fair-play","16":"tag-federation","17":"tag-fr","18":"tag-francaise","19":"tag-france","20":"tag-gazon","21":"tag-hauts-de-france","22":"tag-hockey","23":"tag-lille","24":"tag-news","25":"tag-non-violence","26":"tag-organisation","27":"tag-promotion","28":"tag-reglementer","29":"tag-republique-francaise","30":"tag-salle"},"share_on_mastodon":{"url":"https:\/\/pubeurope.com\/@fr\/114868763133584777","error":""},"_links":{"self":[{"href":"https:\/\/www.europesays.com\/fr\/wp-json\/wp\/v2\/posts\/253972","targetHints":{"allow":["GET"]}}],"collection":[{"href":"https:\/\/www.europesays.com\/fr\/wp-json\/wp\/v2\/posts"}],"about":[{"href":"https:\/\/www.europesays.com\/fr\/wp-json\/wp\/v2\/types\/post"}],"author":[{"embeddable":true,"href":"https:\/\/www.europesays.com\/fr\/wp-json\/wp\/v2\/users\/2"}],"replies":[{"embeddable":true,"href":"https:\/\/www.europesays.com\/fr\/wp-json\/wp\/v2\/comments?post=253972"}],"version-history":[{"count":0,"href":"https:\/\/www.europesays.com\/fr\/wp-json\/wp\/v2\/posts\/253972\/revisions"}],"wp:featuredmedia":[{"embeddable":true,"href":"https:\/\/www.europesays.com\/fr\/wp-json\/wp\/v2\/media\/253973"}],"wp:attachment":[{"href":"https:\/\/www.europesays.com\/fr\/wp-json\/wp\/v2\/media?parent=253972"}],"wp:term":[{"taxonomy":"category","embeddable":true,"href":"https:\/\/www.europesays.com\/fr\/wp-json\/wp\/v2\/categories?post=253972"},{"taxonomy":"post_tag","embeddable":true,"href":"https:\/\/www.europesays.com\/fr\/wp-json\/wp\/v2\/tags?post=253972"}],"curies":[{"name":"wp","href":"https:\/\/api.w.org\/{rel}","templated":true}]}}