{"id":253974,"date":"2025-07-17T13:16:09","date_gmt":"2025-07-17T13:16:09","guid":{"rendered":"https:\/\/www.europesays.com\/fr\/253974\/"},"modified":"2025-07-17T13:16:09","modified_gmt":"2025-07-17T13:16:09","slug":"le-tribunal-de-commerce-de-marseille-valide-la-restructuration","status":"publish","type":"post","link":"https:\/\/www.europesays.com\/fr\/253974\/","title":{"rendered":"le Tribunal de commerce de Marseille valide la restructuration"},"content":{"rendered":"<p>Confront\u00e9 \u00e0 une dette massive et \u00e0 un d\u00e9sengagement progressif des banques fran\u00e7aises, l<a href=\"https:\/\/www.laprovence.com\/article\/economie\/58099095744116\/endette-le-groupe-marseillais-bourbon-finalise-sa-restructuration-financiere\" target=\"_blank\" rel=\"noopener\">e groupe phoc\u00e9en\u00a0 <\/a>avait sollicit\u00e9 d\u00e8s mars l&rsquo;ouverture d&rsquo;une proc\u00e9dure de sauvegarde acc\u00e9l\u00e9r\u00e9e. Cet outil juridique, r\u00e9serv\u00e9 aux entreprises capables d&rsquo;obtenir un accord rapide avec leurs cr\u00e9anciers, permet de restructurer la dette dans un cadre s\u00e9curis\u00e9 et limit\u00e9 dans le temps (quatre mois maximum, renouvelables une fois).<\/p>\n","protected":false},"excerpt":{"rendered":"Confront\u00e9 \u00e0 une dette massive et \u00e0 un d\u00e9sengagement progressif des banques fran\u00e7aises, le groupe phoc\u00e9en\u00a0 avait sollicit\u00e9&hellip;\n","protected":false},"author":2,"featured_media":253975,"comment_status":"","ping_status":"","sticky":false,"template":"","format":"standard","meta":{"footnotes":""},"categories":[2814],"tags":[17,1111,11,39427,1102,215,33,1777,674,1011,27,884,12,882,25,12926,3693,29402],"class_list":{"0":"post-253974","1":"post","2":"type-post","3":"status-publish","4":"format-standard","5":"has-post-thumbnail","7":"category-marseille","8":"tag-17","9":"tag-actu","10":"tag-actualites","11":"tag-bourbon","12":"tag-breakingnews","13":"tag-commerce","14":"tag-economie","15":"tag-eu","16":"tag-europe","17":"tag-fr","18":"tag-france","19":"tag-marseille","20":"tag-news","21":"tag-provence-alpes-cote-dazur","22":"tag-republique-francaise","23":"tag-restructuration","24":"tag-tribunal","25":"tag-valide"},"share_on_mastodon":{"url":"https:\/\/pubeurope.com\/@fr\/114868766876097996","error":""},"_links":{"self":[{"href":"https:\/\/www.europesays.com\/fr\/wp-json\/wp\/v2\/posts\/253974","targetHints":{"allow":["GET"]}}],"collection":[{"href":"https:\/\/www.europesays.com\/fr\/wp-json\/wp\/v2\/posts"}],"about":[{"href":"https:\/\/www.europesays.com\/fr\/wp-json\/wp\/v2\/types\/post"}],"author":[{"embeddable":true,"href":"https:\/\/www.europesays.com\/fr\/wp-json\/wp\/v2\/users\/2"}],"replies":[{"embeddable":true,"href":"https:\/\/www.europesays.com\/fr\/wp-json\/wp\/v2\/comments?post=253974"}],"version-history":[{"count":0,"href":"https:\/\/www.europesays.com\/fr\/wp-json\/wp\/v2\/posts\/253974\/revisions"}],"wp:featuredmedia":[{"embeddable":true,"href":"https:\/\/www.europesays.com\/fr\/wp-json\/wp\/v2\/media\/253975"}],"wp:attachment":[{"href":"https:\/\/www.europesays.com\/fr\/wp-json\/wp\/v2\/media?parent=253974"}],"wp:term":[{"taxonomy":"category","embeddable":true,"href":"https:\/\/www.europesays.com\/fr\/wp-json\/wp\/v2\/categories?post=253974"},{"taxonomy":"post_tag","embeddable":true,"href":"https:\/\/www.europesays.com\/fr\/wp-json\/wp\/v2\/tags?post=253974"}],"curies":[{"name":"wp","href":"https:\/\/api.w.org\/{rel}","templated":true}]}}