{"id":253976,"date":"2025-07-17T13:17:12","date_gmt":"2025-07-17T13:17:12","guid":{"rendered":"https:\/\/www.europesays.com\/fr\/253976\/"},"modified":"2025-07-17T13:17:12","modified_gmt":"2025-07-17T13:17:12","slug":"aeroport-de-marseille-controle-aleatoire-et-saisie-spectaculaire-pour-la-douane","status":"publish","type":"post","link":"https:\/\/www.europesays.com\/fr\/253976\/","title":{"rendered":"A\u00e9roport de Marseille. Contr\u00f4le al\u00e9atoire et saisie spectaculaire pour la douane"},"content":{"rendered":"<p>            Par<br \/>\n        <strong><br \/>\n            <a href=\"https:\/\/actu.fr\/auteur\/thibault-nadal-actu-fr\" title=\"Consulter tous les articles de Thibault Nadal\" target=\"_blank\" rel=\"noopener\">Thibault Nadal<\/a><br \/>\n        <\/strong><\/p>\n<p>        Publi\u00e9 le<\/p>\n<p>            17 juil. 2025 \u00e0 15h09        <\/p>\n<p><img decoding=\"async\" loading=\"lazy\" src=\"https:\/\/www.europesays.com\/fr\/wp-content\/uploads\/2025\/07\/valise-tapis-aeroport-960x640.jpeg\" alt=\"Une passag\u00e8re d'un vol en provenance de Cayenne (Guyane) a \u00e9t\u00e9 intercept\u00e9e par les douaniers avec 20 kilos de coca\u00efne dans sa valise.\" width=\"960\" height=\"640\"\/>Une passag\u00e8re d\u2019un vol en provenance de Cayenne (Guyane) a \u00e9t\u00e9 intercept\u00e9e par les douaniers avec 20 kilos de coca\u00efne dans sa valise. (\u00a9Adobe stock)<\/p>\n<p class=\" wall-content\">Cette soci\u00e9t\u00e9 prise la main dans le sac. Alors qu\u2019elle s\u2019appr\u00eate <strong>\u00e0 embarquer pour la Tunisie<\/strong>, une entreprise a \u00e9t\u00e9 intercept\u00e9e \u00e0 <a href=\"https:\/\/actu.fr\/tag\/aeroport-de-marseille-provence\" target=\"_blank\" rel=\"noopener\">l\u2019a\u00e9roport de Marseille-Provence<\/a>, situ\u00e9 \u00e0 Marignane (<a href=\"https:\/\/actu.fr\/provence-alpes-cote-d-azur\/bouches-du-rhone_13\" target=\"_blank\" rel=\"noopener\">Bouches-du-Rh\u00f4ne<\/a>) r\u00e9v\u00e8lent les douanes \u00e0 actu Marseille.<\/p>\n<p class=\" wall-content\">La raison\u2009? Elle transportait ill\u00e9galement <strong>578 morceaux de peau d\u2019alligator<\/strong>.<\/p>\n<p>Une partie de la marchandise n\u2019\u00e9tait pas d\u00e9clar\u00e9e<\/p>\n<p class=\" wall-content\">Le 24 mars 2025, les douaniers d\u00e9cident de proc\u00e9der \u00e0 \u00ab\u2009un contr\u00f4le al\u00e9atoire d\u2019une d\u00e9claration d\u2019exportation <strong>vers la Tunisie<\/strong>\u2009\u00bb. Ce qu\u2019ils ne savent pas encore, c\u2019est qu\u2019ils vont r\u00e9aliser une \u00ab\u2009saisie spectaculaire\u2009\u00bb.<\/p>\n<p class=\" wall-content\">Lors de cette fouille, les autorit\u00e9s d\u00e9couvrent \u00ab\u20093\u2009770 d\u00e9coupes de peau et 10 morceaux de peau brute d\u2019alligator\u2009\u00bb. Probl\u00e8me\u2009: seulement \u00ab\u20093\u2009202 morceaux ont \u00e9t\u00e9 d\u00e9clar\u00e9s avec justificatifs\u2009\u00bb, pr\u00e9cisent les douanes.<\/p>\n<p>Vid\u00e9os : en ce moment sur Actu<\/p>\n<blockquote class=\"ac-article-quote wall-content\">\n<p>568 d\u00e9coupes et 10 morceaux, non d\u00e9clar\u00e9s et d\u00e9pourvus des documents exig\u00e9s par la convention Cites, qui prot\u00e8ge des esp\u00e8ces menac\u00e9es, s\u2019appr\u00eataient \u00e0 quitter le territoire en toute ill\u00e9galit\u00e9.<\/p>\n<p>    <strong>Douanes<\/strong>\n            <\/p><\/blockquote>\n<p>Une entreprise d\u00e9j\u00e0 connue pour \u00ab\u2009des irr\u00e9gularit\u00e9s similaires\u2009\u00bb<\/p>\n<p class=\" wall-content\">Selon, les douanes, cette entreprise n\u2019en \u00e9tait pas \u00e0 son coup d\u2019essai puisqu\u2019elle \u00e9tait d\u00e9j\u00e0 connue pour <strong>\u00ab\u2009des irr\u00e9gularit\u00e9s similaires\u2009\u00bb.<\/strong><\/p>\n<p class=\" wall-content\">Les douaniers rappellent que la peau d\u2019alligator est notamment utilis\u00e9e en <strong>maroquinerie de luxe<\/strong> pour la confection de \u00ab\u2009sacs, ceintures ou bracelets de montre\u2009\u00bb. Son prix \u00ab\u2009peut atteindre <strong>plusieurs milliers d\u2019euros<\/strong> sur le march\u00e9 l\u00e9gal\u2009\u00bb.<\/p>\n<p>    <img   decoding=\"async\" loading=\"lazy\" src=\"https:\/\/www.europesays.com\/fr\/wp-content\/uploads\/2025\/07\/design-sans-titre-28-960x640.png\" alt=\"Les morceaux de peau d'alligator d\u00e9couverts.\" width=\"960\" height=\"640\"\/><br \/>\n    Les morceaux de peau d\u2019alligator d\u00e9couverts. (\u00a9Douanes)Des dents et des cr\u00e2nes d\u2019esp\u00e8ces marines \u00e9galement d\u00e9couverts<\/p>\n<p class=\" wall-content\">Dans leur communiqu\u00e9, les douanes indiquent avoir proc\u00e9d\u00e9 \u00e0 une autre saisie record. Cette fois, elle a eu lieu tout r\u00e9cemment, le 10\u00a0juillet dernier \u00e0 <a href=\"https:\/\/actu.fr\/provence-alpes-cote-d-azur\/fos-sur-mer_13039\" target=\"_blank\" rel=\"noopener\">Fos-sur-Mer<\/a>.<\/p>\n<p class=\" wall-content\">Des dents et des cr\u00e2nes d\u2019esp\u00e8ces marines prot\u00e9g\u00e9es \u00ab\u2009en provenance des terres australes et antarctiques fran\u00e7aises\u2009\u00bb ont \u00e9t\u00e9 d\u00e9couverts par les autorit\u00e9s. Celles-ci expliquent que la trouvaille a \u00e9t\u00e9 r\u00e9alis\u00e9e lors du contr\u00f4le \u00ab\u2009d\u2019un conteneur maritime en provenance des \u00eeles Kerguelen\u2009\u00bb.<\/p>\n<p class=\" wall-content\">\u00c0 l\u2019int\u00e9rieur,<strong> 17 sp\u00e9cimens suspects<\/strong> sont retrouv\u00e9s, dont 11 sont \u00ab\u2009confirm\u00e9s comme relevant de la Cites (Convention sur le commerce international des esp\u00e8ces de faune et de flore sauvages menac\u00e9es d\u2019extinction)\u2009\u00bb. Parmi elles, on retrouve des cr\u00e2nes de gorfou, d\u2019albatros \u00e0 bec jaune, d\u2019otarie de Kerguelen, des m\u00e2choires d\u2019otarie, des dents de cachalot, d\u2019orque ou d\u2019\u00e9l\u00e9phant de mer.<\/p>\n<p class=\" wall-content\">Les trois personnes interpell\u00e9es n\u2019avaient \u00ab\u2009aucun permis de d\u00e9tention ou de transport\u2009\u00bb. Elles ont expliqu\u00e9 \u00ab\u2009<strong>conserv\u00e9 ces restes comme souvenirs<\/strong>, ignorant ou minimisant leur statut prot\u00e9g\u00e9\u2009\u00bb. Les \u00ab\u2009cr\u00e2nes et dents sont pourtant fr\u00e9quemment recherch\u00e9s pour des cabinets de curiosit\u00e9s\u2009\u00bb, rappellent les douanes.<\/p>\n<p>Des animaux r\u00e9guli\u00e8rement sauv\u00e9s par les douanes<\/p>\n<p class=\" wall-content\">Ces saisies d\u2019animaux sont fr\u00e9quentes dans les Bouches-du-Rh\u00f4ne. <a href=\"https:\/\/actu.fr\/provence-alpes-cote-d-azur\/marseille_13055\/marseille-ces-trafics-d-animaux-inquietent-les-douanes-une-autre-economie-du-crime_62466389.html\" target=\"_blank\" rel=\"noopener\">Lors d\u2019un point presse organis\u00e9 d\u00e9but avril\u00a02025<\/a>, les douanes avaient d\u00e9clar\u00e9\u2009: \u00ab\u2009Il n\u2019y a pas un mois o\u00f9 on n\u2019intercepte pas de tortues, des oiseaux, des reptiles, ou encore des papillons.\u2009\u00bb<\/p>\n<p class=\" wall-content\">Selon les autorit\u00e9s, <strong>la ville de Marseille serait particuli\u00e8rement expos\u00e9e<\/strong>, notamment en raison \u00ab\u2009des vols \u00e0 l\u2019international et des liaisons maritimes\u2009\u00bb en connexion avec \u00ab\u2009des pays qui sont riches en \u00e9cosyst\u00e8mes environnementaux\u2009\u00bb.<\/p>\n<p class=\" wall-content\">Suivez toute l\u2019actualit\u00e9 de vos villes et m\u00e9dias favoris en vous inscrivant \u00e0 <a href=\"https:\/\/moncompte.actu.fr\" title=\"D\u00e9couvez Mon Actu\" rel=\"nofollow noopener\" data-trk=\"{&quot;cta&quot;:{&quot;action&quot;:&quot;https:\\\/\\\/moncompte.actu.fr&quot;,&quot;category&quot;:&quot;mon compte&quot;,&quot;from&quot;:&quot;article footer&quot;,&quot;name&quot;:&quot;Mon actu&quot;,&quot;type&quot;:&quot;cta&quot;}}\" target=\"_blank\">Mon Actu<\/a>.<\/p>\n<ul class=\"ac-article-tag wall-content\">\n<li><a href=\"https:\/\/actu.fr\/tag\/aeroport-de-marseille-provence\" data-trk=\"{&quot;cta&quot;:{&quot;action&quot;:&quot;A\\u00e9roport de Marseille-Provence&quot;,&quot;category&quot;:&quot;tag&quot;,&quot;from&quot;:&quot;article footer&quot;,&quot;name&quot;:&quot;A\\u00e9roport de Marseille-Provence&quot;,&quot;type&quot;:&quot;cta&quot;}}\" target=\"_blank\" rel=\"noopener\">#A\u00e9roport de Marseille-Provence<\/a><\/li>\n<li><a href=\"https:\/\/actu.fr\/tag\/police\" data-trk=\"{&quot;cta&quot;:{&quot;action&quot;:&quot;Police&quot;,&quot;category&quot;:&quot;tag&quot;,&quot;from&quot;:&quot;article footer&quot;,&quot;name&quot;:&quot;Police&quot;,&quot;type&quot;:&quot;cta&quot;}}\" target=\"_blank\" rel=\"noopener\">#Police<\/a><\/li>\n<\/ul>\n","protected":false},"excerpt":{"rendered":"Par Thibault Nadal Publi\u00e9 le 17 juil. 2025 \u00e0 15h09 Une passag\u00e8re d\u2019un vol en provenance de Cayenne&hellip;\n","protected":false},"author":2,"featured_media":253977,"comment_status":"","ping_status":"","sticky":false,"template":"","format":"standard","meta":{"footnotes":""},"categories":[2814],"tags":[1111,11,9404,1777,674,118,1011,27,884,12,1072,882,25],"class_list":{"0":"post-253976","1":"post","2":"type-post","3":"status-publish","4":"format-standard","5":"has-post-thumbnail","7":"category-marseille","8":"tag-actu","9":"tag-actualites","10":"tag-aeroport-de-marseille-provence","11":"tag-eu","12":"tag-europe","13":"tag-faits-divers","14":"tag-fr","15":"tag-france","16":"tag-marseille","17":"tag-news","18":"tag-police","19":"tag-provence-alpes-cote-dazur","20":"tag-republique-francaise"},"share_on_mastodon":{"url":"https:\/\/pubeurope.com\/@fr\/114868770919589891","error":""},"_links":{"self":[{"href":"https:\/\/www.europesays.com\/fr\/wp-json\/wp\/v2\/posts\/253976","targetHints":{"allow":["GET"]}}],"collection":[{"href":"https:\/\/www.europesays.com\/fr\/wp-json\/wp\/v2\/posts"}],"about":[{"href":"https:\/\/www.europesays.com\/fr\/wp-json\/wp\/v2\/types\/post"}],"author":[{"embeddable":true,"href":"https:\/\/www.europesays.com\/fr\/wp-json\/wp\/v2\/users\/2"}],"replies":[{"embeddable":true,"href":"https:\/\/www.europesays.com\/fr\/wp-json\/wp\/v2\/comments?post=253976"}],"version-history":[{"count":0,"href":"https:\/\/www.europesays.com\/fr\/wp-json\/wp\/v2\/posts\/253976\/revisions"}],"wp:featuredmedia":[{"embeddable":true,"href":"https:\/\/www.europesays.com\/fr\/wp-json\/wp\/v2\/media\/253977"}],"wp:attachment":[{"href":"https:\/\/www.europesays.com\/fr\/wp-json\/wp\/v2\/media?parent=253976"}],"wp:term":[{"taxonomy":"category","embeddable":true,"href":"https:\/\/www.europesays.com\/fr\/wp-json\/wp\/v2\/categories?post=253976"},{"taxonomy":"post_tag","embeddable":true,"href":"https:\/\/www.europesays.com\/fr\/wp-json\/wp\/v2\/tags?post=253976"}],"curies":[{"name":"wp","href":"https:\/\/api.w.org\/{rel}","templated":true}]}}