{"id":253978,"date":"2025-07-17T13:18:10","date_gmt":"2025-07-17T13:18:10","guid":{"rendered":"https:\/\/www.europesays.com\/fr\/253978\/"},"modified":"2025-07-17T13:18:10","modified_gmt":"2025-07-17T13:18:10","slug":"place-publique-menace-les-verts-de-partir-seul","status":"publish","type":"post","link":"https:\/\/www.europesays.com\/fr\/253978\/","title":{"rendered":"Place publique menace les Verts de partir seul"},"content":{"rendered":"<p>Elle n\u2019est pas all\u00e9e jusqu\u2019\u00e0 dire que le torchon br\u00fblait avec la majorit\u00e9 \u00e9cologiste de Lyon. Mais la r\u00e9f\u00e9rente d\u00e9partementale de Place publique Lisa Gauthier l\u2019admet\u00a0: son parti, incarn\u00e9 par <a href=\"https:\/\/www.leprogres.fr\/p\/raphael-glucksmann\" target=\"_blank\" rel=\"noopener\">Rapha\u00ebl Glucksmann<\/a> au niveau national, a peu go\u00fbt\u00e9 les premi\u00e8res discussions engag\u00e9es avec les \u00e9quipes de Gr\u00e9gory Doucet en vue d\u2019une nouvelle alliance pour les \u00e9lections municipales 2026.<\/p>\n<p>\u00ab\u00a0\u00c0 ce jour, notre parti n\u2019est repr\u00e9sent\u00e9 \u00e0 Lyon que par Alexandre Chevalier [16 e adjoint en charge des\u00a0Liens interg\u00e9n\u00e9rationnels]. Nous voulons \u00eatre davantage entendus et consid\u00e9r\u00e9s au regard du r\u00e9sultat qui a \u00e9t\u00e9 le n\u00f4tre lors des \u00e9lections europ\u00e9ennes. Mais pour l\u2019instant, \u00e7a n\u2019en prend pas le chemin, s\u2019agace Lisa Gauthier. Il nous semble pourtant n\u00e9cessaire de s\u2019unir et de donner une vraie place \u00e0 toutes les composantes de la gauche, \u00e0 l\u2019exception de LFI, pour esp\u00e9rer gagner. Car la dynamique \u00e9lectorale est aujourd\u2019hui moins favorable aux \u00c9cologistes qu\u2019en 2020. Nous mesurons les risques d\u2019une division de la gauche, mais nous ne sacrifierons pas le fait d\u2019\u00eatre entendu sur le fond comme sur la forme.\u00a0\u00bb<\/p>\n<p>  \u00ab\u00a0Nous sommes en discusion avec Nathalie Perrin-Gilbert\u00a0\u00bb<\/p>\n<p>La menace est alors claire pour la majorit\u00e9 verte sortante\u00a0: sans davantage de consid\u00e9ration \u00e0 son endroit, Place publique &#8211; <a href=\"https:\/\/www.archives-resultats-elections.interieur.gouv.fr\/resultats\/europeennes2024\/ensemble_geographique\/84\/69\/index.php\" target=\"_blank\" rel=\"noopener\">qui a obtenu 14,54\u00a0% dans le Rh\u00f4ne avec le PS aux Europ\u00e9ennes<\/a> &#8211; pourrait y aller seul. Il l\u2019exprime d\u2019ailleurs sans d\u00e9tour dans un communiqu\u00e9 de presse datant du 10\u00a0juillet\u00a0: \u00ab\u00a0Place Publique se tient pr\u00eat \u00e0 porter une liste autonome aux \u00e9lections municipales lyonnaises. Une liste ind\u00e9pendante, int\u00e8gre, \u00e9cologiste et sociale pour barrer la route aux ambitions des potentiels candidats Aulas et de La France Insoumise.\u00a0\u00bb \u00c0 moins que Place publique ne finisse par sceller un accord avec Nathalie Perrin-Gilbert. \u00ab\u00a0Nous sommes aussi en discussion avec elle\u00a0\u00bb, confie Lisa Gauthier, sans vouloir en dire plus.<\/p>\n","protected":false},"excerpt":{"rendered":"Elle n\u2019est pas all\u00e9e jusqu\u2019\u00e0 dire que le torchon br\u00fblait avec la majorit\u00e9 \u00e9cologiste de Lyon. Mais la&hellip;\n","protected":false},"author":2,"featured_media":253979,"comment_status":"","ping_status":"","sticky":false,"template":"","format":"standard","meta":{"footnotes":""},"categories":[1889],"tags":[1111,11,2430,1984,2757,1777,674,1011,27,3539,2428,2756,12,3541,316,25,2429],"class_list":{"0":"post-253978","1":"post","2":"type-post","3":"status-publish","4":"format-standard","5":"has-post-thumbnail","7":"category-lyon","8":"tag-actu","9":"tag-actualites","10":"tag-auvergne-rhone-alpes","11":"tag-conseil-municipal","12":"tag-edition-lyon-villeurbanne","13":"tag-eu","14":"tag-europe","15":"tag-fr","16":"tag-france","17":"tag-les-ecologistes","18":"tag-lyon","19":"tag-lyon-bassin","20":"tag-news","21":"tag-parti-socialiste","22":"tag-politique","23":"tag-republique-francaise","24":"tag-rhone"},"share_on_mastodon":{"url":"https:\/\/pubeurope.com\/@fr\/114868774848527086","error":""},"_links":{"self":[{"href":"https:\/\/www.europesays.com\/fr\/wp-json\/wp\/v2\/posts\/253978","targetHints":{"allow":["GET"]}}],"collection":[{"href":"https:\/\/www.europesays.com\/fr\/wp-json\/wp\/v2\/posts"}],"about":[{"href":"https:\/\/www.europesays.com\/fr\/wp-json\/wp\/v2\/types\/post"}],"author":[{"embeddable":true,"href":"https:\/\/www.europesays.com\/fr\/wp-json\/wp\/v2\/users\/2"}],"replies":[{"embeddable":true,"href":"https:\/\/www.europesays.com\/fr\/wp-json\/wp\/v2\/comments?post=253978"}],"version-history":[{"count":0,"href":"https:\/\/www.europesays.com\/fr\/wp-json\/wp\/v2\/posts\/253978\/revisions"}],"wp:featuredmedia":[{"embeddable":true,"href":"https:\/\/www.europesays.com\/fr\/wp-json\/wp\/v2\/media\/253979"}],"wp:attachment":[{"href":"https:\/\/www.europesays.com\/fr\/wp-json\/wp\/v2\/media?parent=253978"}],"wp:term":[{"taxonomy":"category","embeddable":true,"href":"https:\/\/www.europesays.com\/fr\/wp-json\/wp\/v2\/categories?post=253978"},{"taxonomy":"post_tag","embeddable":true,"href":"https:\/\/www.europesays.com\/fr\/wp-json\/wp\/v2\/tags?post=253978"}],"curies":[{"name":"wp","href":"https:\/\/api.w.org\/{rel}","templated":true}]}}