{"id":253984,"date":"2025-07-17T13:22:10","date_gmt":"2025-07-17T13:22:10","guid":{"rendered":"https:\/\/www.europesays.com\/fr\/253984\/"},"modified":"2025-07-17T13:22:10","modified_gmt":"2025-07-17T13:22:10","slug":"pour-la-deuxieme-fois-consecutive-la-techno-parade-naura-pas-lieu-en-2025","status":"publish","type":"post","link":"https:\/\/www.europesays.com\/fr\/253984\/","title":{"rendered":"pour la deuxi\u00e8me fois cons\u00e9cutive, la Techno Parade n&rsquo;aura pas lieu en 2025"},"content":{"rendered":"<p>            Par<br \/>\n        <strong><br \/>\n            <a href=\"https:\/\/actu.fr\/auteur\/redaction-paris\" title=\"Consulter tous les articles de R\u00e9daction Paris\" target=\"_blank\" rel=\"noopener\">R\u00e9daction Paris<\/a><br \/>\n        <\/strong><\/p>\n<p>        Publi\u00e9 le<\/p>\n<p>            17 juil. 2025 \u00e0 13h16        <\/p>\n<p>La fin de la Techno Parade ? Pour la deuxi\u00e8me fois cons\u00e9cutive, <strong>la vitrine annuelle des musiques \u00e9lectroniques \u00e0 Paris<\/strong> depuis 1998, n\u2019aura pas lieu en 2025. Des raisons financi\u00e8res sont \u00e9voqu\u00e9es ce jeudi 17 juillet 2025 par l\u2019association qui l\u2019a cr\u00e9\u00e9e.\u00a0\u00ab\u00a0L\u2019\u00e9v\u00e9nement \u00e9tant principalement soutenu par les marques priv\u00e9es, celles-ci sont de plus en plus difficiles \u00e0 mobiliser\u00a0\u00bb, indique l\u2019association Technopol dans un communiqu\u00e9.<\/p>\n<p class=\" wall-content\"><a href=\"https:\/\/actu.fr\/ile-de-france\/paris_75056\/l-emblematique-techno-parade-cette-autre-victime-collaterale-des-jo-2024-a-paris_61404727.html\" target=\"_blank\" rel=\"noopener\">En 2024, la Techno Parade avait \u00e9t\u00e9 annul\u00e9e<\/a> en raison de la tenue des JO de Paris.\u00a0<a href=\"https:\/\/actu.fr\/loisirs-culture\/a-paris-la-techno-parade-transforme-la-place-de-la-bastille-en-dance-floor_60121556.html\" target=\"_blank\" rel=\"noopener\">La derni\u00e8re \u00e9dition remonte \u00e0 2023<\/a>, avec quelque 400 000 participants \u2013 un record selon les organisateurs \u2013 \u00e0 l\u2019occasion du 25e anniversaire de cet \u00e9v\u00e9nement. Depuis la cr\u00e9ation de la Techno Parade, trois autres \u00e9ditions n\u2019ont pas eu lieu : en 2001, apr\u00e8s les attentats du 11-Septembre, et en 2020 et 2021, en raison de la crise sanitaire.<\/p>\n<p>Un retour l\u2019an prochain ?<\/p>\n<p class=\" wall-content\">\u00ab\u00a0La prochaine \u00e9dition aura lieu en 2026, cette ann\u00e9e (ndlr 2025) \u00e9tant marqu\u00e9e par <strong>une r\u00e9flexion avec les partenaires publics et priv\u00e9s<\/strong> sur un mod\u00e8le renouvel\u00e9 de la Techno Parade, plus de 25 ans apr\u00e8s sa cr\u00e9ation\u00a0\u00bb, indique Technopol.<\/p>\n<p class=\" wall-content\">\u00ab\u00a0Nous avons pris la d\u00e9cision de repenser notre mod\u00e8le de financement, travailler avec des partenaires sur le long terme, afin de pr\u00e9server notre \u00e9v\u00e9nement et le faire vivre sur la dur\u00e9e\u00a0\u00bb, ajoute l\u2019association de d\u00e9fense des musiques \u00e9lectroniques. Technopol assure \u00ab\u00a0travailler activement\u00a0\u00bb pour un retour l\u2019an prochain : \u00ab\u00a0nous avons d\u00e9j\u00e0 des marques d\u2019int\u00e9r\u00eats de la part de partenaires priv\u00e9s\u00a0\u00bb.<\/p>\n<p class=\" wall-content\">Interrog\u00e9 \u00e0 propos de cette nouvelle annulation, l\u2019ancien ministre fran\u00e7ais de la Culture Jack Lang, \u00e0 l\u2019initiative de la Techno Parade sur le mod\u00e8le de la Love Parade de Berlin, a estim\u00e9 que cette annulation est \u00ab\u00a0<strong>une humiliation pour Paris, la France et la French Touch<\/strong>, au moment m\u00eame o\u00f9 le pr\u00e9sident Macron a propos\u00e9 l\u2019inscription \u00e0 l\u2019Unesco, au patrimoine immat\u00e9riel de la French Touch, qui r\u00e9unit les grands noms de la musique \u00e9lectro\u00a0\u00bb.<\/p>\n<p>Vid\u00e9os : en ce moment sur Actu<\/p>\n<p class=\" wall-content\"><strong>Avec AFP<\/strong><\/p>\n<p class=\" wall-content\">Suivez toute l\u2019actualit\u00e9 de vos villes et m\u00e9dias favoris en vous inscrivant \u00e0 <a href=\"https:\/\/moncompte.actu.fr\" title=\"D\u00e9couvez Mon Actu\" rel=\"nofollow noopener\" data-trk=\"{&quot;cta&quot;:{&quot;action&quot;:&quot;https:\\\/\\\/moncompte.actu.fr&quot;,&quot;category&quot;:&quot;mon compte&quot;,&quot;from&quot;:&quot;article footer&quot;,&quot;name&quot;:&quot;Mon actu&quot;,&quot;type&quot;:&quot;cta&quot;}}\" target=\"_blank\">Mon Actu<\/a>.<\/p>\n","protected":false},"excerpt":{"rendered":"Par R\u00e9daction Paris Publi\u00e9 le 17 juil. 2025 \u00e0 13h16 La fin de la Techno Parade ? Pour&hellip;\n","protected":false},"author":2,"featured_media":253985,"comment_status":"","ping_status":"","sticky":false,"template":"","format":"standard","meta":{"footnotes":""},"categories":[1888],"tags":[1111,1928,11,1927,1697,1777,674,1011,27,1652,873,12,1926,626,1925,25],"class_list":{"0":"post-253984","1":"post","2":"type-post","3":"status-publish","4":"format-standard","5":"has-post-thumbnail","7":"category-paris","8":"tag-actu","9":"tag-actu-paris","10":"tag-actualites","11":"tag-actualites-paris","12":"tag-concert","13":"tag-eu","14":"tag-europe","15":"tag-fr","16":"tag-france","17":"tag-loisirs-culture","18":"tag-musique","19":"tag-news","20":"tag-news-paris","21":"tag-paris","22":"tag-paris-news","23":"tag-republique-francaise"},"share_on_mastodon":{"url":"https:\/\/pubeurope.com\/@fr\/114868790447831513","error":""},"_links":{"self":[{"href":"https:\/\/www.europesays.com\/fr\/wp-json\/wp\/v2\/posts\/253984","targetHints":{"allow":["GET"]}}],"collection":[{"href":"https:\/\/www.europesays.com\/fr\/wp-json\/wp\/v2\/posts"}],"about":[{"href":"https:\/\/www.europesays.com\/fr\/wp-json\/wp\/v2\/types\/post"}],"author":[{"embeddable":true,"href":"https:\/\/www.europesays.com\/fr\/wp-json\/wp\/v2\/users\/2"}],"replies":[{"embeddable":true,"href":"https:\/\/www.europesays.com\/fr\/wp-json\/wp\/v2\/comments?post=253984"}],"version-history":[{"count":0,"href":"https:\/\/www.europesays.com\/fr\/wp-json\/wp\/v2\/posts\/253984\/revisions"}],"wp:featuredmedia":[{"embeddable":true,"href":"https:\/\/www.europesays.com\/fr\/wp-json\/wp\/v2\/media\/253985"}],"wp:attachment":[{"href":"https:\/\/www.europesays.com\/fr\/wp-json\/wp\/v2\/media?parent=253984"}],"wp:term":[{"taxonomy":"category","embeddable":true,"href":"https:\/\/www.europesays.com\/fr\/wp-json\/wp\/v2\/categories?post=253984"},{"taxonomy":"post_tag","embeddable":true,"href":"https:\/\/www.europesays.com\/fr\/wp-json\/wp\/v2\/tags?post=253984"}],"curies":[{"name":"wp","href":"https:\/\/api.w.org\/{rel}","templated":true}]}}