{"id":253986,"date":"2025-07-17T13:23:13","date_gmt":"2025-07-17T13:23:13","guid":{"rendered":"https:\/\/www.europesays.com\/fr\/253986\/"},"modified":"2025-07-17T13:23:13","modified_gmt":"2025-07-17T13:23:13","slug":"sm-caen-apres-la-defaite-face-au-paris-13-atletico-malherbe-a-encore-du-travail","status":"publish","type":"post","link":"https:\/\/www.europesays.com\/fr\/253986\/","title":{"rendered":"SM Caen. Apr\u00e8s la d\u00e9faite face au Paris 13 Atl\u00e9tico, Malherbe a encore du travail"},"content":{"rendered":"<p>            Par<br \/>\n        <strong><br \/>\n            <a href=\"https:\/\/actu.fr\/auteur\/alexandre-gourlaouen\" title=\"Consulter tous les articles de Alexandre Gourlaouen\" target=\"_blank\" rel=\"noopener\">Alexandre Gourlaouen<\/a><br \/>\n        <\/strong><\/p>\n<p>        Publi\u00e9 le<\/p>\n<p>            17 juil. 2025 \u00e0 10h20        <\/p>\n<p>Pour sa premi\u00e8re sur le banc du <a href=\"https:\/\/actu.fr\/tag\/stade-malherbe-de-caen\" target=\"_blank\" rel=\"noopener\">Stade Malherbe Caen<\/a>, Maxime d\u2019Ornano <b>a connu la d\u00e9faite en amical<\/b> contre le Paris 13 Atl\u00e9tico vendredi 11 juillet 2025 (<a href=\"https:\/\/actu.fr\/normandie\/caen_14118\/en-images-le-sm-caen-ouvre-sa-preparation-pars-une-defaite-face-a-paris-13-atletico_62902234.html\" target=\"_blank\" rel=\"noopener\">0-1<\/a>). Si rien n\u2019est encore alarmant, il faut tout de m\u00eame <b>prendre en compte certaines choses<\/b> pour la suite de la pr\u00e9paration. Les Caennais retournent sur le terrain d\u00e8s samedi 19 juillet pour affronter le SCO Angers \u00e0 Alen\u00e7on (15h).<\/p>\n<p>Du renfort en attaque et vite !<\/p>\n<p class=\" wall-content\">D\u00e9sormais, le SM Caen s\u2019avancera <b>sans Alexandre Mendy.<\/b> Le meilleur buteur de l\u2019histoire du club <b>a sign\u00e9 \u00e0 Montpellier en Ligue 2<\/b> et laisse derri\u00e8re lui un grand vide. Malgr\u00e9 une saison individuelle d\u00e9cevante, <b>comme le reste de l\u2019effectif<\/b>, l\u2019attaquant de 31 ans pesait sur les d\u00e9fenses par sa simple pr\u00e9sence. <b>Son absence s\u2019est fait sentir contre Paris 13 Atl\u00e9tico.<\/b><\/p>\n<blockquote class=\"ac-article-quote wall-content\">\n<p>On ne va pas s\u2019alarmer maintenant. On pr\u00e9f\u00e8re gagner les matchs, c\u2019est \u00e9vident. Mais il y a de la mati\u00e8re \u00e0 travailler, c\u2019est bien.<\/p>\n<p>Maxime d\u2019Ornano, entra\u00eeneur du SM Caen<\/p><\/blockquote>\n<p class=\" wall-content\">Samuel Noireau-Doriat et Adama Diakit\u00e9, <b>deux recrues plut\u00f4t habitu\u00e9es au poste d\u2019ailier<\/b>, se sont relay\u00e9s \u00e0 la pointe de l\u2019attaque caennaise lors de ce premier match amical, sans succ\u00e8s. Maxime d\u2019Ornano a m\u00eame tent\u00e9 de faire jouer <b>Belkacem Dali-Amar en position de num\u00e9ro 9<\/b> en fin de rencontre. Mais les actions les plus dangereuses sont venues d\u2019ailleurs.<\/p>\n<p class=\" wall-content\">Leandro Morante a vu son but en premi\u00e8re mi-temps <b>refus\u00e9 pour un hors-jeu de Didi Gaucho<\/b>, qui venait de lui remettre le ballon. En deuxi\u00e8me p\u00e9riode, c\u2019est Lorenzo Rajot qui est le plus proche de trouver la mire, <b>mais sa frappe en pivot n\u2019est pas cadr\u00e9e.<\/b> Maxime d\u2019Ornano sait qu\u2019il faudra plus de poids offensif cette saison, et a d\u00e9j\u00e0 confirm\u00e9 qu\u2019il pourrait y avoir<b> une ou deux recrues \u00e0 venir dans ce secteur.<\/b><\/p>\n<p>Une d\u00e9fense \u00e0 composer<\/p>\n<p class=\" wall-content\">En premi\u00e8re mi-temps, La paire Brahim Traor\u00e9 \u2013 Leandro Morante <b>a livr\u00e9 une performance satisfaisante.<\/b> Les deux joueurs se sont bien entendus pour mettre les attaquants parisiens en position de hors-jeu et <b>n\u2019ont pas conc\u00e9d\u00e9 grand-chose.<\/b> De m\u00eame pour Maxime Etuin qui a tenu son couloir gauche. Plus largement, <b>c\u2019est l\u2019\u00e9quipe enti\u00e8re qui a fait le travail.<\/b> Le repli des milieux de terrain a \u00e9t\u00e9 efficace. Oui mais voil\u00e0, parmi les joueurs align\u00e9s au coup d\u2019envoi, <b>beaucoup ne seront probablement plus l\u00e0 \u00e0 l\u2019issue du mercato estival.<\/b>\u00a0<\/p>\n<p class=\" wall-content\">\u00c0 commencer par Brahim Traor\u00e9, <b>qui fait l\u2019objet de plusieurs rumeurs depuis des mois.<\/b> Il \u00e9tait incertain avant la rencontre contre Paris 13 Atl\u00e9tico, mais a finalement tenu sa place. Dans le couloir droit, Valentin Henry, en fin de contrat en 2026, <b>pourrait lui aussi quitter le club cet \u00e9t\u00e9.<\/b> Au milieu de terrain, le risque de d\u00e9part est encore plus grand. Didi Gaucho et No\u00e9 Lebreton d\u2019abord, Yann M\u2019Vila et Lorenzo Rajot ensuite. M\u00eame s\u2019ils sont tous encore pr\u00e9sents, <b>ils<\/b><b>\u00a0sont susceptibles de porter d\u2019autres couleurs en septembre.\u00a0<\/b><\/p>\n<p>Un \u00e9quilibre \u00e0 trouver<\/p>\n<p class=\" wall-content\">Le visage affich\u00e9 par le SM Caen en deuxi\u00e8me p\u00e9riode \u00e9tait <b>bien diff\u00e9rent<\/b> de celui montr\u00e9 en premi\u00e8re. <b>Avec dix changements \u00e0 la pause<\/b> (Maxime Etuin a \u00e9t\u00e9 d\u00e9plac\u00e9 dans l\u2019axe de la d\u00e9fense puis remplac\u00e9 par Leandro Morante \u00e0 l\u2019heure de jeu), l\u2019\u00e9nergie \u00e9tait bien diff\u00e9rente. C\u2019est d\u2019ailleurs imm\u00e9diatement apr\u00e8s la reprise que les Normands <b>ont encaiss\u00e9 l\u2019ouverture du score.\u00a0<\/b><\/p>\n<p class=\" wall-content\">Des mots m\u00eames de Maxime d\u2019Ornano, le SM Caen <b>n\u2019a \u00ab\u00a0pas optimis\u00e9 les qualit\u00e9s de chaque joueur\u00a0\u00bb<\/b> lors de cette seconde p\u00e9riode, ce qui explique la baisse de rythme notable au moment du but parisien. Il explique aussi <b>qu\u2019il est trop t\u00f4t pour avoir une \u00e9quipe type en t\u00eate<\/b>, mais qu\u2019il faut passer par ce genre de rencontre avant le d\u00e9but de la saison.<\/p>\n<blockquote class=\"ac-article-quote wall-content\">\n<p>Ce n\u2019est qu\u2019un premier match amical. Il sert \u00e0 voir ce qu\u2019on a bien et notamment ce qu\u2019on doit mieux faire. Il y a encore du travail. Il reste encore beaucoup de s\u00e9ances.<\/p>\n<p>Maxime d\u2019Ornano<\/p><\/blockquote>\n<p class=\" wall-content\">Le SM Caen sera samedi \u00e0 Alen\u00e7on <b>pour affronter le SCO Angers<\/b>. Face \u00e0 un club de Ligue 1, l\u2019\u00e9cart pourrait \u00eatre important. Mais l\u00e0 encore,<b> c\u2019est le long terme qui compte.<\/b> L\u2019\u00e9quipe prendra ensuite la direction de Plo\u00ebrmel (Morbihan) pour un stage de quelques jours.<\/p>\n<p class=\" wall-content\">Suivez toute l\u2019actualit\u00e9 de vos villes et m\u00e9dias favoris en vous inscrivant \u00e0 <a href=\"https:\/\/moncompte.actu.fr\" title=\"D\u00e9couvez Mon Actu\" rel=\"nofollow noopener\" data-trk=\"{&quot;cta&quot;:{&quot;action&quot;:&quot;https:\\\/\\\/moncompte.actu.fr&quot;,&quot;category&quot;:&quot;mon compte&quot;,&quot;from&quot;:&quot;article footer&quot;,&quot;name&quot;:&quot;Mon actu&quot;,&quot;type&quot;:&quot;cta&quot;}}\" target=\"_blank\">Mon Actu<\/a>.<\/p>\n","protected":false},"excerpt":{"rendered":"Par Alexandre Gourlaouen Publi\u00e9 le 17 juil. 2025 \u00e0 10h20 Pour sa premi\u00e8re sur le banc du Stade&hellip;\n","protected":false},"author":2,"featured_media":253987,"comment_status":"","ping_status":"","sticky":false,"template":"","format":"standard","meta":{"footnotes":""},"categories":[1888],"tags":[1111,1928,11,1927,1777,674,63,1011,27,12,1926,626,1925,25,1745,60,266,1746],"class_list":{"0":"post-253986","1":"post","2":"type-post","3":"status-publish","4":"format-standard","5":"has-post-thumbnail","7":"category-paris","8":"tag-actu","9":"tag-actu-paris","10":"tag-actualites","11":"tag-actualites-paris","12":"tag-eu","13":"tag-europe","14":"tag-football","15":"tag-fr","16":"tag-france","17":"tag-news","18":"tag-news-paris","19":"tag-paris","20":"tag-paris-news","21":"tag-republique-francaise","22":"tag-sport-caen","23":"tag-sports","24":"tag-stade-malherbe-de-caen","25":"tag-stade-michel-dornano"},"share_on_mastodon":{"url":"https:\/\/pubeurope.com\/@fr\/114868794360228873","error":""},"_links":{"self":[{"href":"https:\/\/www.europesays.com\/fr\/wp-json\/wp\/v2\/posts\/253986","targetHints":{"allow":["GET"]}}],"collection":[{"href":"https:\/\/www.europesays.com\/fr\/wp-json\/wp\/v2\/posts"}],"about":[{"href":"https:\/\/www.europesays.com\/fr\/wp-json\/wp\/v2\/types\/post"}],"author":[{"embeddable":true,"href":"https:\/\/www.europesays.com\/fr\/wp-json\/wp\/v2\/users\/2"}],"replies":[{"embeddable":true,"href":"https:\/\/www.europesays.com\/fr\/wp-json\/wp\/v2\/comments?post=253986"}],"version-history":[{"count":0,"href":"https:\/\/www.europesays.com\/fr\/wp-json\/wp\/v2\/posts\/253986\/revisions"}],"wp:featuredmedia":[{"embeddable":true,"href":"https:\/\/www.europesays.com\/fr\/wp-json\/wp\/v2\/media\/253987"}],"wp:attachment":[{"href":"https:\/\/www.europesays.com\/fr\/wp-json\/wp\/v2\/media?parent=253986"}],"wp:term":[{"taxonomy":"category","embeddable":true,"href":"https:\/\/www.europesays.com\/fr\/wp-json\/wp\/v2\/categories?post=253986"},{"taxonomy":"post_tag","embeddable":true,"href":"https:\/\/www.europesays.com\/fr\/wp-json\/wp\/v2\/tags?post=253986"}],"curies":[{"name":"wp","href":"https:\/\/api.w.org\/{rel}","templated":true}]}}