{"id":254000,"date":"2025-07-17T13:30:15","date_gmt":"2025-07-17T13:30:15","guid":{"rendered":"https:\/\/www.europesays.com\/fr\/254000\/"},"modified":"2025-07-17T13:30:15","modified_gmt":"2025-07-17T13:30:15","slug":"contrat-strategique-en-allemagne-pour-akiem","status":"publish","type":"post","link":"https:\/\/www.europesays.com\/fr\/254000\/","title":{"rendered":"Contrat \u00ab\u00a0strat\u00e9gique\u00a0\u00bb en Allemagne pour Akiem"},"content":{"rendered":"<p>Le sp\u00e9cialiste de la location de mat\u00e9riel roulant signe son entr\u00e9e sur le march\u00e9 allemand avec un train passager \u00e9lectrique.<\/p>\n<p>ODEG, l\u2019un des principaux op\u00e9rateurs du ferroviaire r\u00e9gional allemand, souhaitait remplacer sa flotte de trains diesel. Il a trouv\u00e9 la solution aupr\u00e8s d\u2019Akiem. Le loueur va faire l\u2019acquisition de 14 trains \u00e9lectriques Stadler \u00e0 batterie Akku Flirt 3L. Le contrat avec la compagnie allemande s\u2019\u00e9talera de d\u00e9cembre 2027 \u00e0 fin 2040.<\/p>\n<p>Ce train automoteur peut parcourir un minimum de 100 km en mode autonome, sans n\u00e9cessiter d\u2019infrastructures de lignes \u00e9lectriques. Il sera exploit\u00e9 par ODEG sur un r\u00e9seau r\u00e9gional (Pom\u00e9ranie occidentale), qui repr\u00e9sente un volume annuel de 2,1 millions de train-kilom\u00e8tres.<\/p>\n<p>Cette op\u00e9ration correspond pour Akiem \u00e0 un financement de 100 millions d\u2019euros, comprenant une subvention de la part du minist\u00e8re f\u00e9d\u00e9ral des Transports (BMV).<\/p>\n<p>Le sp\u00e9cialiste de la location de mat\u00e9riel projette d\u2019investir plus d\u2019un milliard d\u2019euros en Europe continentale dans les prochaines ann\u00e9es, en particulier sur les march\u00e9s allemands et fran\u00e7ais. En juin, Akiem, filiale de la caisse de d\u00e9p\u00f4ts du Qu\u00e9bec, avait annonc\u00e9 avoir lev\u00e9 285 millions d\u2019euros aupr\u00e8s d\u2019un pool bancaire pour poursuivre son d\u00e9veloppement en Europe.<\/p>\n","protected":false},"excerpt":{"rendered":"Le sp\u00e9cialiste de la location de mat\u00e9riel roulant signe son entr\u00e9e sur le march\u00e9 allemand avec un train&hellip;\n","protected":false},"author":2,"featured_media":254001,"comment_status":"","ping_status":"","sticky":false,"template":"","format":"standard","meta":{"footnotes":""},"categories":[1587],"tags":[11,672,1804,1805,1803,1777,674,1801,12,1802],"class_list":{"0":"post-254000","1":"post","2":"type-post","3":"status-publish","4":"format-standard","5":"has-post-thumbnail","7":"category-allemagne","8":"tag-actualites","9":"tag-allemagne","10":"tag-bundesrepublik-deutschland","11":"tag-de","12":"tag-deutschland","13":"tag-eu","14":"tag-europe","15":"tag-germany","16":"tag-news","17":"tag-republique-federale-dallemagne"},"share_on_mastodon":{"url":"https:\/\/pubeurope.com\/@fr\/114868821950766997","error":""},"_links":{"self":[{"href":"https:\/\/www.europesays.com\/fr\/wp-json\/wp\/v2\/posts\/254000","targetHints":{"allow":["GET"]}}],"collection":[{"href":"https:\/\/www.europesays.com\/fr\/wp-json\/wp\/v2\/posts"}],"about":[{"href":"https:\/\/www.europesays.com\/fr\/wp-json\/wp\/v2\/types\/post"}],"author":[{"embeddable":true,"href":"https:\/\/www.europesays.com\/fr\/wp-json\/wp\/v2\/users\/2"}],"replies":[{"embeddable":true,"href":"https:\/\/www.europesays.com\/fr\/wp-json\/wp\/v2\/comments?post=254000"}],"version-history":[{"count":0,"href":"https:\/\/www.europesays.com\/fr\/wp-json\/wp\/v2\/posts\/254000\/revisions"}],"wp:featuredmedia":[{"embeddable":true,"href":"https:\/\/www.europesays.com\/fr\/wp-json\/wp\/v2\/media\/254001"}],"wp:attachment":[{"href":"https:\/\/www.europesays.com\/fr\/wp-json\/wp\/v2\/media?parent=254000"}],"wp:term":[{"taxonomy":"category","embeddable":true,"href":"https:\/\/www.europesays.com\/fr\/wp-json\/wp\/v2\/categories?post=254000"},{"taxonomy":"post_tag","embeddable":true,"href":"https:\/\/www.europesays.com\/fr\/wp-json\/wp\/v2\/tags?post=254000"}],"curies":[{"name":"wp","href":"https:\/\/api.w.org\/{rel}","templated":true}]}}