{"id":254004,"date":"2025-07-17T13:32:12","date_gmt":"2025-07-17T13:32:12","guid":{"rendered":"https:\/\/www.europesays.com\/fr\/254004\/"},"modified":"2025-07-17T13:32:12","modified_gmt":"2025-07-17T13:32:12","slug":"nouveau-budget-europeen-a-2-000-milliards-deuros-dursula-von-der-leyen-six-points-cles-a-retenir","status":"publish","type":"post","link":"https:\/\/www.europesays.com\/fr\/254004\/","title":{"rendered":"Nouveau budget europ\u00e9en \u00e0 2 000 milliards d&rsquo;euros d&rsquo;Ursula von der Leyen : six points cl\u00e9s \u00e0 retenir"},"content":{"rendered":"<p>            <img decoding=\"async\" class=\"c-ad__placeholder__logo\" src=\"https:\/\/static.euronews.com\/website\/images\/logos\/logo-euronews-grey-6-180x22.svg\" width=\"180\" height=\"22\" alt=\"\" loading=\"lazy\"\/><br \/>\n            PUBLICIT\u00c9<\/p>\n<p>Pour Ursula von der Leyen, le ciel n&rsquo;est peut-\u00eatre pas la limite ! <\/p>\n<p>Sa proposition pour le prochain budget septennal de l&rsquo;Union europ\u00e9enne a pris Bruxelles d&rsquo;assaut avec son chiffre phare : <a href=\"https:\/\/fr.euronews.com\/my-europe\/2025\/07\/16\/ursula-von-der-leyen-devoile-un-nouveau-budget-europeen-strategique-et-ambitieux-de-2-000-\" target=\"_blank\" rel=\"noopener\"><strong>2 000 milliards d&rsquo;euros<\/strong><\/a>, un chiffre plus \u00e9lev\u00e9 que toutes les rumeurs ou fuites qui ont pr\u00e9c\u00e9d\u00e9 cette annonce aux enjeux consid\u00e9rables.<\/p>\n<p>Le prochain budget \u00ab\u00a0<strong>sera le plus ambitieux de l&rsquo;histoire de l&rsquo;Union<\/strong>\u00ab\u00a0, a d\u00e9clar\u00e9 la pr\u00e9sidente de la Commission europ\u00e9enne \u00e0 la presse mercredi.<\/p>\n<p>\u00ab\u00a0Il est plus strat\u00e9gique, plus flexible et plus transparent\u00a0\u00bb, a-t-elle poursuivi. \u00ab\u00a0Nous investissons davantage dans notre capacit\u00e9 de r\u00e9action et dans notre ind\u00e9pendance.\u00a0\u00bb<\/p>\n<p>Mais qu&rsquo;est-ce qui rend son projet si sp\u00e9cial et si diff\u00e9rent de ses pr\u00e9d\u00e9cesseurs ?<\/p>\n<p><strong>Voici les six points \u00e0 retenir<\/strong> du budget d&rsquo;Ursula von der Leyen, \u00e9tant entendu que les choses changeront radicalement au fur et \u00e0 mesure que les n\u00e9gociations se d\u00e9rouleront au cours des 2 prochaines ann\u00e9es. <\/p>\n<p>Un \u00e9tat d&rsquo;esprit de crise<\/p>\n<p>Ursula von der Leyen s&rsquo;est montr\u00e9e parfaitement franche quant \u00e0 l&rsquo;inspiration qui sous-tend ce budget de 2 000 milliards d&rsquo;euros : sa propre exp\u00e9rience de la lutte contre des crises successives.<\/p>\n<p>Au cours de ses six ann\u00e9es pass\u00e9es \u00e0 Bruxelles, elle a \u00e9t\u00e9 confront\u00e9e \u00e0 la pand\u00e9mie de <strong>COVID-19, \u00e0 l&rsquo;invasion de l&rsquo;Ukraine par la Russie, \u00e0 la flamb\u00e9e des prix de l&rsquo;\u00e9nergie<\/strong>, \u00e0 <strong>une inflation record<\/strong>, \u00e0 <strong>la concurrence d\u00e9loyale de la Chine<\/strong>, \u00e0 <strong>des catastrophes<\/strong> naturelles d\u00e9vastatrices, \u00e0 la <strong>perturbation des nouvelles technologies<\/strong>, \u00e0 des <strong>cyberattaques, au sabotage d&rsquo;infrastructures essentielles<\/strong> et, plus r\u00e9cemment, aux <strong>droits de douane<\/strong> impos\u00e9s par Donald Trump.<\/p>\n<p>Cette s\u00e9rie de d\u00e9fis apparemment sans fin a mis le budget commun de l&rsquo;Union europ\u00e9enne \u00e0 rude \u00e9preuve, au point que Mme von der Leyen a d\u00fb demander aux 27 dirigeants d&rsquo;approuver un <a href=\"https:\/\/fr.euronews.com\/my-europe\/2024\/02\/03\/la-verite-sur-laccord-budgetaire-de-646-milliards-deuros-conclu-par-les-27\" target=\"_blank\" rel=\"noopener\"><strong>compl\u00e9ment financier au<\/strong><\/a> milieu de son premier mandat.<\/p>\n<p>\u00ab\u00a0\u00c0 chaque fois, il a \u00e9t\u00e9 extr\u00eamement difficile de r\u00e9agir rapidement et avec la puissance de feu financi\u00e8re n\u00e9cessaire\u00a0\u00bb, a-t-elle admis, notant que 90 % des fonds existants sont d\u00e9j\u00e0 \u00ab\u00a0fixes\u00a0\u00bb et laissent donc une marge de man\u0153uvre n\u00e9gligeable.<\/p>\n<p>\u00ab\u00a0Nous voulons plus de flexibilit\u00e9. Tout ne doit pas \u00eatre d\u00e9cid\u00e9 une seule fois pour sept ans\u00a0\u00bb, a-t-elle d\u00e9clar\u00e9.<\/p>\n<p>En cons\u00e9quence, <strong>les 52 programmes du budget<\/strong> <strong>actuel<\/strong> s<strong>eront r\u00e9duits \u00e0 16<\/strong> dans le prochain budget, une partie de l&rsquo;argent n&rsquo;\u00e9tant pas du tout affect\u00e9e afin de permettre \u00e0 la Commission et aux \u00c9tats membres de r\u00e9agir plus rapidement \u00e0 l&rsquo;\u00e9volution de la situation sur le terrain.<\/p>\n<p>Dans le m\u00eame temps, Ursula von der Leyen propose un m\u00e9canisme sp\u00e9cial de pr\u00eats pouvant aller jusqu&rsquo;\u00e0 400 milliards d&rsquo;euros, \u00e0 d\u00e9ployer en cas de \u00ab\u00a0crise inconnue\u00a0\u00bb. Cet outil ne sera pas cr\u00e9\u00e9 imm\u00e9diatement ; il s&rsquo;agira plut\u00f4t d&rsquo;une r\u00e9serve en attente qui sera d\u00e9clench\u00e9e lorsque le besoin s&rsquo;en fera sentir.<\/p>\n<p>\u00ab\u00a0C&rsquo;est une possibilit\u00e9 que nous envisageons, mais qui ne doit pas \u00eatre utilis\u00e9e en temps normal\u00a0\u00bb, a-t-elle d\u00e9clar\u00e9.<\/p>\n<p><strong>Fusion controvers\u00e9e<\/strong><\/p>\n<p>Bruxelles est connue pour bloquer les fusions controvers\u00e9es sur le march\u00e9 europ\u00e9en.<\/p>\n<p>Cette fois-ci, elle va fermer les yeux. La cheffe de la Commission a envisag\u00e9 de fusionner les deux enveloppes budg\u00e9taires les plus importantes &#8211; la <a href=\"https:\/\/fr.euronews.com\/my-europe\/2024\/02\/13\/tout-ce-quil-faut-savoir-sur-la-production-agricole-dans-lunion-europeenne\" target=\"_blank\" rel=\"noopener\"><strong>politique agricole commune<\/strong><\/a> (PAC) et les fonds de coh\u00e9sion &#8211; en une seule et m\u00eame source d&rsquo;argent.<\/p>\n<p>Ce tout nouveau pilier, connu sous le nom de plans de partenariats nationaux et r\u00e9gionaux, englobera \u00e9galement les fonds destin\u00e9s \u00e0 la politique sociale, \u00e0 la p\u00eache et \u00e0 la politique maritime, aux migrations, \u00e0 la gestion des fronti\u00e8res et \u00e0 la s\u00e9curit\u00e9 int\u00e9rieure, pour un montant total de <strong>865 milliards d&rsquo;euros sur sept ans<\/strong>.<\/p>\n<p>L&rsquo;agriculture et la coh\u00e9sion sont \u00ab\u00a0les piliers centraux de la solidarit\u00e9 europ\u00e9enne et de l&rsquo;investissement dans le mod\u00e8le europ\u00e9en\u00a0\u00bb, a d\u00e9clar\u00e9 Ursula von der Leyen mercredi. <\/p>\n<p>Bien que le montant de 865 milliards d&rsquo;euros puisse sembler all\u00e9chant, le diable se cache dans les d\u00e9tails.<\/p>\n<p>Le prochain budget <a href=\"https:\/\/fr.euronews.com\/my-europe\/2025\/07\/17\/la-commission-europeenne-reduit-lenveloppe-de-la-politique-agricole-commune\" target=\"_blank\" rel=\"noopener\"><strong>r\u00e9servera<\/strong><\/a> 300 milliards d&rsquo;euros <strong>\u00e0 la PAC<\/strong>, y compris les subventions jalousement gard\u00e9es pour les agriculteurs. \u00c0 titre de comparaison, le budget actuel alloue 386,6 milliards d&rsquo;euros \u00e0 l&rsquo;ensemble de la PAC, dont 270 milliards d&rsquo;euros pour les seuls paiements directs.<\/p>\n<p>Diff\u00e9rents experts en politique agricole contact\u00e9s par Euronews estiment tous que, une fois ajust\u00e9e \u00e0 l&rsquo;inflation, la proposition d&rsquo;Ursula von der Leyen repr\u00e9sentera une r\u00e9duction de 20 \u00e0 30 % en termes r\u00e9els des d\u00e9penses agricoles de l&rsquo;Union europ\u00e9enne. Il s&rsquo;agit d&rsquo;une r\u00e9duction remarquable, compte tenu des ondes de choc provoqu\u00e9es par les manifestations agricoles de 2023-2024.<\/p>\n<p>Cette mesure a \u00e9t\u00e9 imm\u00e9diatement d\u00e9nonc\u00e9e par le secteur agroalimentaire et sera probablement contest\u00e9e par les principaux b\u00e9n\u00e9ficiaires de la PAC, comme la France, l&rsquo;Italie et l&rsquo;Espagne. Dans le m\u00eame temps, elle sera accueillie favorablement par les \u00c9tats membres du Nord, qui n&rsquo;ont cess\u00e9 de plaider en faveur d&rsquo;une r\u00e9duction de la domination durable de la PAC au profit de priorit\u00e9s modernes.<\/p>\n<p>Une autre nouveaut\u00e9 de la proposition de Ursula von der Leyen est l&rsquo;importance qu&rsquo;elle accorde \u00e0 l&rsquo;<strong>\u00c9tat de droit<\/strong>. Lors de son premier mandat, son ex\u00e9cutif a gel\u00e9 des <a href=\"https:\/\/fr.euronews.com\/my-europe\/2025\/07\/08\/rapport-sur-letat-de-droit-lue-maintient-18-milliards-deuros-geles-pour-la-hongrie\" target=\"_blank\" rel=\"noopener\"><strong>milliards de fonds europ\u00e9ens<\/strong><\/a> destin\u00e9s \u00e0 la Hongrie et \u00e0 la Pologne en raison de leur recul d\u00e9mocratique et de leurs violations persistantes de la loi.<\/p>\n<p>Le gel ne couvrait toutefois qu&rsquo;une partie des fonds allou\u00e9s \u00e0 ces pays, ce qui a aliment\u00e9 les critiques selon lesquelles la Commission laissait circuler l&rsquo;argent des contribuables sans se soucier des violations de la l\u00e9gislation europ\u00e9enne et des droits fondamentaux.<\/p>\n<p>Les diff\u00e9rends ont marqu\u00e9 Ursula von der Leyen : elle a d\u00e9sormais l&rsquo;intention de subordonner tous les fonds, des subventions agricoles \u00e0 la politique sociale, au <a href=\"https:\/\/www.euronews.com\/my-europe\/2025\/07\/16\/new-rule-of-law-conditions-proposed-for-next-eu-budget-could-hit-hungary\" target=\"_blank\" rel=\"noopener\"><strong>respect de l&rsquo;\u00c9tat de droit<\/strong><\/a>. (article en anglais) <\/p>\n<p>\u00ab\u00a0L&rsquo;\u00c9tat de droit est une condition sine qua non pour tout financement provenant du budget de l&rsquo;UE\u00a0\u00bb, a-t-elle d\u00e9clar\u00e9 mercredi.<\/p>\n<p>\u00ab\u00a0Nous veillerons \u00e0 ce que les d\u00e9penses soient effectu\u00e9es de mani\u00e8re responsable et \u00e0 ce que les responsabilit\u00e9s soient pleinement assum\u00e9es, avec des garanties tr\u00e8s solides et des incitations ad\u00e9quates. Cela sert les citoyens.\u00a0\u00bb<\/p>\n<p>Les \u00c9tats membres devront d\u00e9montrer qu&rsquo;ils respectent l&rsquo;\u00c9tat de droit avant de d\u00e9bloquer les plans de partenariats nationaux et r\u00e9gionaux. Les violations entra\u00eeneront le gel des paiements \u00ab\u00a0\u00e0 tout moment\u00a0\u00bb en fonction de \u00ab\u00a0la nature, la dur\u00e9e, la gravit\u00e9 et la port\u00e9e de la violation constat\u00e9e\u00a0\u00bb, pr\u00e9cise la Commission. L&rsquo;argent paralys\u00e9 sera canalis\u00e9 vers d&rsquo;autres priorit\u00e9s si la faute n&rsquo;est pas corrig\u00e9e.<\/p>\n<p>Alors que la plupart des Etats membres, en particulier les contributeurs nets, accueilleront favorablement ces conditions, il est pour le moins improbable que le premier ministre hongrois <strong>Viktor Orb\u00e1n<\/strong>, principal critique de la conditionnalit\u00e9 de l&rsquo;Etat de droit, approuve le syst\u00e8me remani\u00e9. L&rsquo;approbation du budget requiert l&rsquo;unanimit\u00e9, ce qui signifie que le veto s&rsquo;appliquera dans ce cas l\u00e0, et nul doute que Viktor Orb\u00e1n s&rsquo;il est encore au pouvoir apr\u00e8s les \u00e9lections g\u00e9n\u00e9rales de 2026 en usera. <\/p>\n<p><strong>Une position forte<\/strong><\/p>\n<p>Le budget massif de la pr\u00e9sidente de la Commission europ\u00e9enne, s&rsquo;inspire des bouleversements g\u00e9opolitiques du XXIe si\u00e8cle et, en particulier, de la guerre brutale de la Russie contre l&rsquo;Ukraine.<\/p>\n<p>Parmi les caract\u00e9ristiques uniques de son ambitieux projet, on trouve un fonds de <strong>100 milliards d&rsquo;euros<\/strong> consacr\u00e9 exclusivement au soutien du redressement et de la reconstruction de l&rsquo;Ukraine, dont les co\u00fbts augmentent chaque jour o\u00f9 Moscou poursuit ses bombardements.<\/p>\n<p>L&rsquo;id\u00e9e suit les \u00e9tapes de la <a href=\"https:\/\/fr.euronews.com\/my-europe\/2024\/02\/01\/accord-a-27-de-lue-sur-un-plan-daide-a-lukraine-de-50-milliards-deuros\" target=\"_blank\" rel=\"noopener\"><strong>facilit\u00e9 pour l&rsquo;Ukraine de<\/strong><\/a> 50 milliards d&rsquo;euros que les dirigeants ont approuv\u00e9e d\u00e9but 2024 pour rendre l&rsquo;aide plus fiable et pr\u00e9visible. Cette facilit\u00e9 associait des subventions non remboursables \u00e0 des pr\u00eats avantageux pour aider Kyiv \u00e0 soutenir son \u00e9conomie fragile et \u00e0 r\u00e9parer ses infrastructures.<\/p>\n<p>Cependant, ce m\u00e9canisme s&rsquo;\u00e9puise rapidement.<\/p>\n<p>\u00ab\u00a0<strong>Nous proposons 100 milliards d&rsquo;euros pour remplir \u00e0 nouveau la facilit\u00e9 pour l&rsquo;Ukraine<\/strong>\u00ab\u00a0, a d\u00e9clar\u00e9 Ursula von der Leyen.<\/p>\n<p>En outre, elle estime que le nouveau budget, dont la n\u00e9gociation pourrait prendre deux ans, devrait \u00eatre r\u00e9vis\u00e9 \u00e0 l&rsquo;avenir si l&rsquo;un des pays candidats \u00e0 l&rsquo;adh\u00e9sion \u00e0 l&rsquo;Union europ\u00e9enne, comme l&rsquo;Ukraine, la Moldavie, la Mac\u00e9doine du Nord, l&rsquo;Albanie ou le Mont\u00e9n\u00e9gro, arrive au bout du processus.<\/p>\n<p>La r\u00e9vision ad hoc tiendra compte de la taille du nouvel \u00c9tat membre, de ses besoins financiers et de sa contribution au budget commun.<\/p>\n<p>\u00ab\u00a0Cela a fonctionn\u00e9 lors des pr\u00e9c\u00e9dentes adh\u00e9sions et cela fonctionnera encore aujourd&rsquo;hui\u00a0\u00bb, a-t-elle d\u00e9clar\u00e9.<\/p>\n<p>Prendre les armes<\/p>\n<p>Une autre cons\u00e9quence \u00e9vidente de la guerre d&rsquo;agression men\u00e9e par la Russie est la volont\u00e9 de renforcer les capacit\u00e9s de d\u00e9fense dans toute l&rsquo;Europe. Les dirigeants ont fix\u00e9 \u00e0 2030 la date \u00e0 laquelle l&rsquo;Union doit \u00eatre pr\u00eate \u00e0 dissuader une \u00e9ventuelle attaque russe.<\/p>\n<p>Pour remplir cette mission, des <a href=\"https:\/\/fr.euronews.com\/my-europe\/2025\/07\/15\/lindustrie-de-la-defense-de-lue-veut-au-moins-100-milliards-deuros-dans-le-cadre-du-procha\" target=\"_blank\" rel=\"noopener\"><strong>sommes colossales doivent \u00eatre investies<\/strong><\/a> afin d&rsquo;inverser des d\u00e9cennies de complaisance, de d\u00e9velopper la production industrielle et d&rsquo;acqu\u00e9rir des \u00e9quipements l\u00e9taux de pointe.<\/p>\n<p>Dans le cadre de son plan, la pr\u00e9sidente de la Commission met sur la table <strong>131 milliards d&rsquo;euros<\/strong> pour stimuler les secteurs de la d\u00e9fense et de l&rsquo;espace, que Bruxelles consid\u00e8re comme intrins\u00e8quement li\u00e9s. Une clause \u00ab\u00a0<strong>Achetez europ\u00e9en<\/strong>\u00a0\u00bb s&rsquo;appliquera pour garantir la pr\u00e9f\u00e9rence aux entreprises nationales.<\/p>\n<p>Mais il y a un hic : selon les trait\u00e9s de l&rsquo;UE, il est strictement interdit au budget commun de financer l&rsquo;achat direct d&rsquo;armes et de munitions, ce qui, en l&rsquo;occurrence, est la priorit\u00e9 la plus urgente des \u00c9tats membres \u00e0 l&rsquo;heure actuelle.<\/p>\n<p>Ursula Von der Leyen contourne les r\u00e8gles en concentrant les fonds sur d&rsquo;autres aspects de la production d&rsquo;armes, tels que la recherche et l&rsquo;innovation, les \u00e9conomies d&rsquo;\u00e9chelle, la commercialisation de prototypes, la mobilisation d&rsquo;investissements priv\u00e9s et l&rsquo;agr\u00e9gation de la demande.<\/p>\n<p>Elle souhaite \u00e9galement consacrer davantage de fonds europ\u00e9ens aux infrastructures de transport pour la <strong>mobilit\u00e9 militaire<\/strong> \u00ab\u00a0afin que nos forces arm\u00e9es puissent se d\u00e9placer plus rapidement, mieux et ensemble\u00a0\u00bb.<\/p>\n<p>En d&rsquo;autres termes, tout sauf l&rsquo;achat des armes elles-m\u00eames.<\/p>\n<p><strong>La qu\u00eate de l&rsquo;argent<\/strong><\/p>\n<p>L&rsquo;ambition a un prix.<\/p>\n<p>Le budget de <strong>2 000 milliards d&rsquo;euros<\/strong> propos\u00e9 par Ursula Von der Leyen pour la p\u00e9riode 2028-2034 repr\u00e9sente une augmentation consid\u00e9rable par rapport au budget de <strong>1 200 milliards d&rsquo;euros<\/strong> adopt\u00e9 par les dirigeants \u00e0 l&rsquo;\u00e9t\u00e9 2020.<\/p>\n<p>Cependant, elle insiste sur le fait que cette augmentation ne devrait pas \u00eatre ressentie dans les capitales, tant que celles-ci autorisent la Commission \u00e0 lever des fonds de mani\u00e8re ind\u00e9pendante.<\/p>\n<p>Traditionnellement, Bruxelles s&rsquo;est appuy\u00e9e sur deux ressources &#8211; les droits de douane et la taxe sur la valeur ajout\u00e9e (TVA) &#8211; pour couvrir une partie du budget commun. Aujourd&rsquo;hui, elle souhaite en ajouter cinq autres.<\/p>\n<p>Deux d&rsquo;entre elles seront bas\u00e9es sur les <strong>politiques climatiques<\/strong> de l&rsquo;Union europ\u00e9enne : le syst\u00e8me d&rsquo;\u00e9change de <strong>quotas d&rsquo;\u00e9mission<\/strong> (ETS), march\u00e9 sur lequel les entreprises ach\u00e8tent et vendent des cr\u00e9dits pour compenser leurs \u00e9missions de gaz \u00e0 effet de serre, et le m\u00e9canisme d&rsquo;ajustement carbone (CBAM), qui imposera un prix suppl\u00e9mentaire aux importations \u00e0 forte intensit\u00e9 de carbone entrant sur le territoire de l&rsquo;Union europ\u00e9enne.<\/p>\n<p>En outre, Mme von der Leyen envisage <strong>trois nouvelles taxes<\/strong> sur les <strong>d\u00e9chets \u00e9lectroniques<\/strong>, les <strong>produits du tabac<\/strong> et les <strong>entreprises dont le chiffre d&rsquo;affaires annuel est sup\u00e9rieur \u00e0 100 millions d&rsquo;euros<\/strong>.<\/p>\n<p>Au total, la Commission estime que les anciennes et nouvelles ressources propres rapporteront <strong>58,5 milliards d&rsquo;euros par an<\/strong>. Ce montant sera suffisant pour couvrir les 24 milliards d&rsquo;euros de remboursements annuels de la dette de l&rsquo;\u00e8re COVID et contribuer \u00e0 d&rsquo;autres enveloppes.<\/p>\n<p>\u00ab\u00a0L&rsquo;objectif est simple : nous devons rembourser notre emprunt de redressement commun (et) r\u00e9pondre \u00e0 nos priorit\u00e9s modernes\u00a0\u00bb, a-t-elle d\u00e9clar\u00e9 mercredi. <\/p>\n<p>Toutefois, le montant de 58,5 milliards d&rsquo;euros est id\u00e9aliste, car il suppose que les cinq mesures, y compris les nouvelles taxes, seront rapidement approuv\u00e9es par les \u00c9tats membres. En r\u00e9alit\u00e9, les taxes seront extr\u00eamement controvers\u00e9es et risquent d&rsquo;\u00eatre rejet\u00e9es lors de futures \u00e2pres n\u00e9gociations.<\/p>\n<p>Fait r\u00e9v\u00e9lateur, la <a href=\"https:\/\/commission.europa.eu\/strategy-and-policy\/eu-budget\/long-term-eu-budget\/2021-2027\/revenue\/next-generation-eu-own-resources_en?prefLang=fr\" target=\"_blank\" rel=\"noreferrer noopener\"><strong>pr\u00e9c\u00e9dente proposition<\/strong><\/a> d&rsquo;Ursula von der Leyen visant \u00e0 r\u00e9organiser les ressources propres est toujours sur la table, en attente d&rsquo;une r\u00e9solution.<\/p>\n<p>Gerardo Fortuna et Paula Soler ont contribu\u00e9 au rapport.<\/p>\n","protected":false},"excerpt":{"rendered":"PUBLICIT\u00c9 Pour Ursula von der Leyen, le ciel n&rsquo;est peut-\u00eatre pas la limite ! Sa proposition pour le&hellip;\n","protected":false},"author":2,"featured_media":254005,"comment_status":"","ping_status":"","sticky":false,"template":"","format":"standard","meta":{"footnotes":""},"categories":[1586],"tags":[11,5979,2196,1777,674,1779,1011,27,12,25,1778,364,2544],"class_list":{"0":"post-254004","1":"post","2":"type-post","3":"status-publish","4":"format-standard","5":"has-post-thumbnail","7":"category-europe","8":"tag-actualites","9":"tag-budget-de-lue","10":"tag-commission-europeenne","11":"tag-eu","12":"tag-europe","13":"tag-european-union","14":"tag-fr","15":"tag-france","16":"tag-news","17":"tag-republique-francaise","18":"tag-ue","19":"tag-union-europeenne","20":"tag-ursula-von-der-leyen"},"share_on_mastodon":{"url":"https:\/\/pubeurope.com\/@fr\/114868830166757384","error":""},"_links":{"self":[{"href":"https:\/\/www.europesays.com\/fr\/wp-json\/wp\/v2\/posts\/254004","targetHints":{"allow":["GET"]}}],"collection":[{"href":"https:\/\/www.europesays.com\/fr\/wp-json\/wp\/v2\/posts"}],"about":[{"href":"https:\/\/www.europesays.com\/fr\/wp-json\/wp\/v2\/types\/post"}],"author":[{"embeddable":true,"href":"https:\/\/www.europesays.com\/fr\/wp-json\/wp\/v2\/users\/2"}],"replies":[{"embeddable":true,"href":"https:\/\/www.europesays.com\/fr\/wp-json\/wp\/v2\/comments?post=254004"}],"version-history":[{"count":0,"href":"https:\/\/www.europesays.com\/fr\/wp-json\/wp\/v2\/posts\/254004\/revisions"}],"wp:featuredmedia":[{"embeddable":true,"href":"https:\/\/www.europesays.com\/fr\/wp-json\/wp\/v2\/media\/254005"}],"wp:attachment":[{"href":"https:\/\/www.europesays.com\/fr\/wp-json\/wp\/v2\/media?parent=254004"}],"wp:term":[{"taxonomy":"category","embeddable":true,"href":"https:\/\/www.europesays.com\/fr\/wp-json\/wp\/v2\/categories?post=254004"},{"taxonomy":"post_tag","embeddable":true,"href":"https:\/\/www.europesays.com\/fr\/wp-json\/wp\/v2\/tags?post=254004"}],"curies":[{"name":"wp","href":"https:\/\/api.w.org\/{rel}","templated":true}]}}