{"id":254006,"date":"2025-07-17T13:33:12","date_gmt":"2025-07-17T13:33:12","guid":{"rendered":"https:\/\/www.europesays.com\/fr\/254006\/"},"modified":"2025-07-17T13:33:12","modified_gmt":"2025-07-17T13:33:12","slug":"le-nombre-de-foyers-de-chikungunya-grimpe-en-fleche-dans-lhexagone-les-conseils-pour-se-proteger","status":"publish","type":"post","link":"https:\/\/www.europesays.com\/fr\/254006\/","title":{"rendered":"Le nombre de foyers de chikungunya grimpe en fl\u00e8che dans l\u2019Hexagone, les conseils pour se prot\u00e9ger"},"content":{"rendered":"<p>        <img decoding=\"async\" loading=\"lazy\" src=\"https:\/\/www.europesays.com\/fr\/wp-content\/uploads\/2025\/07\/ec32c4a_1686300380801-gettyimages-1139947549.jpg\"  width=\"728\" height=\"409\" alt=\"Douze foyers de transmission du chikungunya ont \u00e9t\u00e9 recens\u00e9s en Hexagone.\"\/>  <\/p>\n<p>Joao Paulo Burini \/ Getty Images<\/p>\n<p>Douze foyers de transmission du chikungunya ont \u00e9t\u00e9 recens\u00e9s en Hexagone.<\/p>\n<p class=\"asset asset-text\">SANT\u00c9 &#8211; Douze foyers de transmission du <a href=\"https:\/\/www.huffingtonpost.fr\/politique\/article\/canicule-chikungunya-le-ministre-de-la-sante-veut-mieux-communiquer-en-vue-de-l-ete_251439.html\" target=\"_blank\" rel=\"noopener\" title=\"Nouvelle fen\u00eatre\">chikungunya<\/a> recens\u00e9s dans l\u2019Hexagone, pour une trentaine de cas au total. C\u2019est le bilan de Sant\u00e9 publique France, qui pr\u00e9vient que cette tendance \u00e0 la hausse risque de se prolonger. \u00ab\u00a0D\u2019autres cas seront vraisemblablement identifi\u00e9s y compris en dehors des zones habituelles de transmission\u00a0\u00bb, pr\u00e9vient l\u2019agence de sant\u00e9 publique dans <a href=\"https:\/\/www.santepubliquefrance.fr\/regions\/ile-de-france\/documents\/bulletin-regional\/2025\/surveillance-sanitaire-en-ile-de-france.-bulletin-du-17-juillet-2025\" target=\"_blank\" rel=\"noopener\" title=\"Nouvelle fen\u00eatre\">un bilan hebdomadaire<\/a>.<\/p>\n<p class=\"asset asset-text\">Ce niveau, exceptionnellement \u00e9lev\u00e9 dans l\u2019Hexagone, s\u2019explique par une \u00e9pid\u00e9mie outre-mer qui a frapp\u00e9 La R\u00e9union et Mayotte ces derniers mois, ainsi que par les <a href=\"https:\/\/www.huffingtonpost.fr\/france\/article\/la-canicule-a-peine-terminee-on-sait-quand-arrive-la-prochaine-vague-de-chaleur_252297.html\" target=\"_blank\" rel=\"noopener\">fortes chaleurs.<\/a> Le virus se transmet via <a href=\"https:\/\/www.huffingtonpost.fr\/france\/article\/chikungunya-le-premier-cas-autochtone-de-l-annee-detecte-en-france-metropolitaine_251324.html\" target=\"_blank\" rel=\"noopener\">des piq\u00fbres de moustique tigre<\/a> et provoque de fortes fi\u00e8vres ainsi que des douleurs musculaires.<\/p>\n<p class=\"asset asset-text\">Apparu en m\u00e9tropole en 2004, <a href=\"https:\/\/www.huffingtonpost.fr\/science\/article\/moustique-tigre-la-france-exposee-a-un-risque-d-epidemies-a-cause-de-l-insecte-dans-les-annees-a-venir_239603.html\" target=\"_blank\" rel=\"noopener\">le moustique tigre<\/a> continue son expansion sur le territoire\u00a0: d\u00e9but 2025, il \u00e9tait implant\u00e9 dans 81 d\u00e9partements, soit 84\u00a0% des d\u00e9partements m\u00e9tropolitains, selon des donn\u00e9es diffus\u00e9es mi-mai par Sant\u00e9 publique France.<\/p>\n<p>    V\u00eatements clairs et amples    <\/p>\n<p class=\"asset asset-text\">Transmis par les piq\u00fbres des femelles moustiques, le chikungunya n\u2019a g\u00e9n\u00e9ralement pas de cons\u00e9quences graves. Mais il peut \u00eatre dangereux pour certaines populations \u00e0 risque, comme les nouveau-n\u00e9s. Pour se prot\u00e9ger au mieux, Sant\u00e9 Publique France recommande de porter \u00ab\u00a0des v\u00eatements longs, amples, clairs, couvrant les bras et les jambes, surtout le matin et en fin de journ\u00e9e, lorsque les moustiques sont actifs\u00a0\u00bb. Ils diminuent l\u2019attractivit\u00e9 visuelle et thermique pour les moustiques <a href=\"https:\/\/www.huffingtonpost.fr\/life\/article\/attaque-d-abeilles-ou-piqure-isolee-comment-reagir-et-reconnaitre-les-symptomes-d-une-allergie_252308.html\" target=\"_blank\" rel=\"noopener\">et insectes en g\u00e9n\u00e9ral<\/a>.<\/p>\n<p class=\"asset asset-text\">Au niveau individuel, il est \u00e9galement pr\u00e9conis\u00e9 d\u2019appliquer un r\u00e9pulsif cutan\u00e9 efficace (DEET, icaridine ou IR3535 selon les formulations disponibles), en respectant les indications d\u2019usage sur les enfants ou femmes enceintes. La protection dure g\u00e9n\u00e9ralement entre 4 et 8\u00a0heures, selon l\u2019<a href=\"https:\/\/www.lareunion.ars.sante.fr\/comment-se-proteger-contre-le-chikungunya?utm_source=chatgpt.com\" target=\"_blank\" rel=\"noopener\" title=\"Nouvelle fen\u00eatre\">Agence R\u00e9gionale de Sant\u00e9 de La R\u00e9union<\/a>. On peut \u00e9galement installer une moustiquaire autour des lits et des grilles ou moustiquaires aux fen\u00eatres et portes.<\/p>\n<p class=\"asset asset-text\">Les dispositifs anti-moustiques (serpentins \u00e0 br\u00fbler, diffuseurs \u00e9lectriques ou raquettes) peuvent \u00eatre utilis\u00e9s, \u00e0 l\u2019int\u00e9rieur ou \u00e0 l\u2019ext\u00e9rieur, selon les consignes d\u2019a\u00e9ration et d\u2019utilisation s\u00e9curis\u00e9e. On peut aussi cr\u00e9er un courant d\u2019air avec un ventilateur ou utiliser la climatisation si possible, car les moustiques ne supportent pas bien les environnements frais.<\/p>\n<p>    Pas de r\u00e9cipients d\u2019eau stagnante    <\/p>\n<p class=\"asset asset-text\">Pour r\u00e9duire le d\u00e9veloppement des larves, le <a href=\"https:\/\/sante.gouv.fr\/soins-et-maladies\/maladies\/maladies-vectorielles-et-zoonoses\/article\/chikungunya?utm_source=chatgpt.com\" target=\"_blank\" rel=\"noopener\" title=\"Nouvelle fen\u00eatre\">Minist\u00e8re de la Sant\u00e9<\/a> recommande de vider tous les r\u00e9cipients d\u2019eau stagnante, notamment les coupelles des pots de fleurs, arrosoirs, goutti\u00e8res, seaux, pneus, etc. et de couvrir les r\u00e9ceptacles d\u2019eau de pluie, surtout en p\u00e9riode de fortes pr\u00e9cipitations.<\/p>\n<p class=\"asset asset-text\">Apr\u00e8s un s\u00e9jour dans une zone \u00e0 risque (comme La R\u00e9union ou Mayotte), le Minist\u00e8re sugg\u00e8re de surveiller les sympt\u00f4mes pendant au moins 15 jours apr\u00e8s le retour\u00a0: fi\u00e8vre, douleurs articulaires ou musculaires, fatigue, \u00e9ruption cutan\u00e9e, parfois conjonctivite ou naus\u00e9es. En cas de sympt\u00f4mes, consultez rapidement un m\u00e9decin en pr\u00e9cisant votre voyage.<\/p>\n<p class=\"asset asset-text\"><a href=\"https:\/\/www.santepubliquefrance.fr\/maladies-et-traumatismes\/maladies-a-transmission-vectorielle\/chikungunya\/la-maladie?utm_source=chatgpt.com\" target=\"_blank\" rel=\"noopener\" title=\"Nouvelle fen\u00eatre\">Sant\u00e9 Publique France<\/a> indique que deux vaccins ont r\u00e9cemment obtenu une autorisation de mise sur le march\u00e9\u00a0europ\u00e9enne\u00a0: le vaccin IXCHIQ du laboratoire Valneva et\u00a0le vaccin VIMKUNYA du laboratoire Bavarian\u00a0Nordic. La Haute Autorit\u00e9 de Sant\u00e9 (HAS) recommande actuellement l\u2019usage d\u2019IXCHIQ dans un contexte \u00e9pid\u00e9mique (La R\u00e9union, Mayotte) uniquement pour des personnes \u00e2g\u00e9es de 18 \u00e0 64\u00a0ans avec comorbidit\u00e9s, ainsi que pour les professionnels expos\u00e9s (agents de lutte antivectorielle). VIMKUNYA fait l\u2019objet d\u2019un examen en cours par la HAS.<\/p>\n","protected":false},"excerpt":{"rendered":"Joao Paulo Burini \/ Getty Images Douze foyers de transmission du chikungunya ont \u00e9t\u00e9 recens\u00e9s en Hexagone. SANT\u00c9&hellip;\n","protected":false},"author":2,"featured_media":254007,"comment_status":"","ping_status":"","sticky":false,"template":"","format":"standard","meta":{"footnotes":""},"categories":[2],"tags":[11,434,1011,27,24925,5656,2856,12,25,71],"class_list":{"0":"post-254006","1":"post","2":"type-post","3":"status-publish","4":"format-standard","5":"has-post-thumbnail","7":"category-actualites","8":"tag-actualites","9":"tag-epidemie","10":"tag-fr","11":"tag-france","12":"tag-insectes","13":"tag-life","14":"tag-moustique-tigre","15":"tag-news","16":"tag-republique-francaise","17":"tag-sante"},"share_on_mastodon":{"url":"https:\/\/pubeurope.com\/@fr\/114868833840786284","error":""},"_links":{"self":[{"href":"https:\/\/www.europesays.com\/fr\/wp-json\/wp\/v2\/posts\/254006","targetHints":{"allow":["GET"]}}],"collection":[{"href":"https:\/\/www.europesays.com\/fr\/wp-json\/wp\/v2\/posts"}],"about":[{"href":"https:\/\/www.europesays.com\/fr\/wp-json\/wp\/v2\/types\/post"}],"author":[{"embeddable":true,"href":"https:\/\/www.europesays.com\/fr\/wp-json\/wp\/v2\/users\/2"}],"replies":[{"embeddable":true,"href":"https:\/\/www.europesays.com\/fr\/wp-json\/wp\/v2\/comments?post=254006"}],"version-history":[{"count":0,"href":"https:\/\/www.europesays.com\/fr\/wp-json\/wp\/v2\/posts\/254006\/revisions"}],"wp:featuredmedia":[{"embeddable":true,"href":"https:\/\/www.europesays.com\/fr\/wp-json\/wp\/v2\/media\/254007"}],"wp:attachment":[{"href":"https:\/\/www.europesays.com\/fr\/wp-json\/wp\/v2\/media?parent=254006"}],"wp:term":[{"taxonomy":"category","embeddable":true,"href":"https:\/\/www.europesays.com\/fr\/wp-json\/wp\/v2\/categories?post=254006"},{"taxonomy":"post_tag","embeddable":true,"href":"https:\/\/www.europesays.com\/fr\/wp-json\/wp\/v2\/tags?post=254006"}],"curies":[{"name":"wp","href":"https:\/\/api.w.org\/{rel}","templated":true}]}}