{"id":254013,"date":"2025-07-17T13:38:10","date_gmt":"2025-07-17T13:38:10","guid":{"rendered":"https:\/\/www.europesays.com\/fr\/254013\/"},"modified":"2025-07-17T13:38:10","modified_gmt":"2025-07-17T13:38:10","slug":"mais-pourquoi-fabien-galthie-sentete-a-aligner-joshua-brennan-en-troisieme-ligne-contre-les-all-blacks-il-repond","status":"publish","type":"post","link":"https:\/\/www.europesays.com\/fr\/254013\/","title":{"rendered":"Mais pourquoi Fabien Galthi\u00e9 s&rsquo;ent\u00eate \u00e0 aligner Joshua Brennan en troisi\u00e8me ligne contre les All-Blacks ? Il r\u00e9pond !"},"content":{"rendered":"<p>De nombreux consultants n\u2019ont pas manqu\u00e9 de pester contre la d\u00e9cision du s\u00e9lectionneur fran\u00e7ais Fabien Galthi\u00e9 de changer les joueurs de leur poste habituel lors de cette Tourn\u00e9e estivale en Nouvelle-Z\u00e9lande.<\/p>\n<p>R\u00e9cemment, le toulonnais Esteban Abadie a \u00e9t\u00e9 essay\u00e9 au poste de num\u00e9ro 8 alors qu\u2019il est flanker.<\/p>\n<p>Ce samedi pour le dernier match contre les Blacks, Fabien Galthi\u00e9 a d\u00e9cid\u00e9 d\u2019aligner l\u2019habituel deuxi\u00e8me ligne toulousain Joshua Brennan au poste de troisi\u00e8me ligne aile.<\/p>\n<p>Interrog\u00e9 via <a href=\"https:\/\/www.lequipe.fr\/Rugby\/Actualites\/-il-n-est-pas-responsable-pas-plus-que-les-autres-fabien-galthie-sur-le-choix-de-reconduire-leo-barre-pour-le-dernier-test-de-la-france-en-nouvelle-zelande\/1578692\" rel=\"nofollow noopener\" target=\"_blank\">L\u2019\u00e9quipe<\/a>, Fabien Galthi\u00e9 explique sa d\u00e9cision.<\/p>\n<p><strong>A lire ci-dessous :\u00a0<\/strong><\/p>\n<p>\u00ab\u00a0C\u2019est un joueur en devenir. On le suit depuis un moment. Il a la capacit\u00e9 de jouer troisi\u00e8me ligne aile et, en fonction des besoins, on a construit une \u00e9quipe dans laquelle trouver sa place. Il est polyvalent. Un peu comme Pierre Bochaton ou Cameron Woki. C\u2019est le m\u00eame profil\u00a0: 4 ou 7. Il s\u2019est impos\u00e9 au Stade Toulousain et c\u2019est un joueur que l\u2019on a envie d\u2019accompagner.<\/p>\n<p>Dans le combat, il a pris un carton jaune (rire). Il n\u2019a pas pu donner tout ce qu\u2019il avait mais c\u2019\u00e9tait int\u00e9ressant parce qu\u2019il a bien compris, quand on lui en a reparl\u00e9, que les marges de man\u0153uvre \u00e9taient diff\u00e9rentes \u00e0 ce niveau-l\u00e0. Et en m\u00eame temps, \u00e7a l\u2019a frustr\u00e9. Il peut faire mieux. Prendre un carton pour sa premi\u00e8re s\u00e9lection, derri\u00e8re son \u00e9quipe encaisse 14 points. C\u2019est un tournant du match tr\u00e8s t\u00f4t pour nous. \u00c7a ne nous a pas aid\u00e9 mais tout \u00e7a, il en a conscience.<\/p>\n<p>Joshua, il est costaud, a de bonnes mains et on veut le revoir. Il a gagn\u00e9 sa place \u00e0 Toulouse. Il \u00e9tait d\u2019ailleurs titulaire en finale de Top 14. C\u2019est tout sauf anodin. Mais c\u2019est d\u2019abord un tr\u00e8s bon joueur de rugby avec des mains, plut\u00f4t costaud. \u00bb<\/p>\n<p><strong>\u00cates-vous convaincus par Fabien Galthi\u00e9 ?<\/strong><\/p>\n","protected":false},"excerpt":{"rendered":"De nombreux consultants n\u2019ont pas manqu\u00e9 de pester contre la d\u00e9cision du s\u00e9lectionneur fran\u00e7ais Fabien Galthi\u00e9 de changer&hellip;\n","protected":false},"author":2,"featured_media":247176,"comment_status":"","ping_status":"","sticky":false,"template":"","format":"standard","meta":{"footnotes":""},"categories":[1416],"tags":[1011,27,479,1468,60],"class_list":{"0":"post-254013","1":"post","2":"type-post","3":"status-publish","4":"format-standard","5":"has-post-thumbnail","7":"category-rugby","8":"tag-fr","9":"tag-france","10":"tag-rugby","11":"tag-rugby-football","12":"tag-sports"},"share_on_mastodon":{"url":"https:\/\/pubeurope.com\/@fr\/114868853387128254","error":""},"_links":{"self":[{"href":"https:\/\/www.europesays.com\/fr\/wp-json\/wp\/v2\/posts\/254013","targetHints":{"allow":["GET"]}}],"collection":[{"href":"https:\/\/www.europesays.com\/fr\/wp-json\/wp\/v2\/posts"}],"about":[{"href":"https:\/\/www.europesays.com\/fr\/wp-json\/wp\/v2\/types\/post"}],"author":[{"embeddable":true,"href":"https:\/\/www.europesays.com\/fr\/wp-json\/wp\/v2\/users\/2"}],"replies":[{"embeddable":true,"href":"https:\/\/www.europesays.com\/fr\/wp-json\/wp\/v2\/comments?post=254013"}],"version-history":[{"count":0,"href":"https:\/\/www.europesays.com\/fr\/wp-json\/wp\/v2\/posts\/254013\/revisions"}],"wp:featuredmedia":[{"embeddable":true,"href":"https:\/\/www.europesays.com\/fr\/wp-json\/wp\/v2\/media\/247176"}],"wp:attachment":[{"href":"https:\/\/www.europesays.com\/fr\/wp-json\/wp\/v2\/media?parent=254013"}],"wp:term":[{"taxonomy":"category","embeddable":true,"href":"https:\/\/www.europesays.com\/fr\/wp-json\/wp\/v2\/categories?post=254013"},{"taxonomy":"post_tag","embeddable":true,"href":"https:\/\/www.europesays.com\/fr\/wp-json\/wp\/v2\/tags?post=254013"}],"curies":[{"name":"wp","href":"https:\/\/api.w.org\/{rel}","templated":true}]}}