{"id":254014,"date":"2025-07-17T13:39:09","date_gmt":"2025-07-17T13:39:09","guid":{"rendered":"https:\/\/www.europesays.com\/fr\/254014\/"},"modified":"2025-07-17T13:39:09","modified_gmt":"2025-07-17T13:39:09","slug":"insolite-atp-roger-federer-en-visite-chez-rafael-nadal","status":"publish","type":"post","link":"https:\/\/www.europesays.com\/fr\/254014\/","title":{"rendered":"Insolite, ATP > Roger Federer en visite chez Rafael Nadal"},"content":{"rendered":"<p>Comme il en a l\u2019ha\u00adbi\u00adtude au moins une fois par an, Roger Federer a rendu visite \u00e0 son ami, Rafael Nadal, Majorque.<\/p>\n<p>Les deux hommes, ainsi que la femme et les enfants du Suisse, ont \u00e9t\u00e9 aper\u00e7us ce jeudi au sein de Rafa Nadal Academy comme le montre la vid\u00e9o ci\u2010dessous.\u00a0<\/p>\n<blockquote class=\"twitter-tweet\">\n<p lang=\"en\" dir=\"ltr\">News\u2010alert!!! Fedal and Fed family is at the academy \ud83d\ude01. via mana\u00adtogo IG story <a href=\"https:\/\/t.co\/HmghXY4HC4\" data-wpel-link=\"external\" target=\"_blank\" rel=\"nofollow external noopener\">pic.twitter.com\/HmghXY4HC4<\/a><\/p>\n<p>\u2014 \ud835\udcdd\ud835\udcea\ud835\udced\ud835\udcea\u2781\u2781\ud835\udcf2\ud835\udcec\ud835\udcea\u00b9\u2074 \ud83c\uddfa\ud83c\udde6 (@Nadallica86) <a href=\"https:\/\/twitter.com\/Nadallica86\/status\/1945802713372995680?ref_src=twsrc%5Etfw\" data-wpel-link=\"external\" target=\"_blank\" rel=\"nofollow external noopener\">July 17,\u00a02025<\/a><\/p><\/blockquote>\n<p>Reste d\u00e9sor\u00admais \u00e0 savoir si Alexander Zverev, pr\u00e9sent sur place il y a encore quelques heures aux c\u00f4t\u00e9s de Toni Nadal, est encore l\u00e0.<\/p>\n<p class=\"post-published-date\" style=\"color: silver; font-size: 75%; text-align: left;\">Publi\u00e9 le jeudi 17 juillet 2025 \u00e0 14:14<\/p>\n<p><script async src=\"https:\/\/platform.twitter.com\/widgets.js\" charset=\"utf-8\"><\/script><\/p>\n","protected":false},"excerpt":{"rendered":"Comme il en a l\u2019ha\u00adbi\u00adtude au moins une fois par an, Roger Federer a rendu visite \u00e0 son&hellip;\n","protected":false},"author":2,"featured_media":254015,"comment_status":"","ping_status":"","sticky":false,"template":"","format":"standard","meta":{"footnotes":""},"categories":[1415],"tags":[2199,1011,27,1960,60,1467,4542],"class_list":{"0":"post-254014","1":"post","2":"type-post","3":"status-publish","4":"format-standard","5":"has-post-thumbnail","7":"category-tennis","8":"tag-federer","9":"tag-fr","10":"tag-france","11":"tag-nadal","12":"tag-sports","13":"tag-tennis","14":"tag-zverev"},"share_on_mastodon":{"url":"https:\/\/pubeurope.com\/@fr\/114868857264989242","error":""},"_links":{"self":[{"href":"https:\/\/www.europesays.com\/fr\/wp-json\/wp\/v2\/posts\/254014","targetHints":{"allow":["GET"]}}],"collection":[{"href":"https:\/\/www.europesays.com\/fr\/wp-json\/wp\/v2\/posts"}],"about":[{"href":"https:\/\/www.europesays.com\/fr\/wp-json\/wp\/v2\/types\/post"}],"author":[{"embeddable":true,"href":"https:\/\/www.europesays.com\/fr\/wp-json\/wp\/v2\/users\/2"}],"replies":[{"embeddable":true,"href":"https:\/\/www.europesays.com\/fr\/wp-json\/wp\/v2\/comments?post=254014"}],"version-history":[{"count":0,"href":"https:\/\/www.europesays.com\/fr\/wp-json\/wp\/v2\/posts\/254014\/revisions"}],"wp:featuredmedia":[{"embeddable":true,"href":"https:\/\/www.europesays.com\/fr\/wp-json\/wp\/v2\/media\/254015"}],"wp:attachment":[{"href":"https:\/\/www.europesays.com\/fr\/wp-json\/wp\/v2\/media?parent=254014"}],"wp:term":[{"taxonomy":"category","embeddable":true,"href":"https:\/\/www.europesays.com\/fr\/wp-json\/wp\/v2\/categories?post=254014"},{"taxonomy":"post_tag","embeddable":true,"href":"https:\/\/www.europesays.com\/fr\/wp-json\/wp\/v2\/tags?post=254014"}],"curies":[{"name":"wp","href":"https:\/\/api.w.org\/{rel}","templated":true}]}}