{"id":254020,"date":"2025-07-17T13:43:10","date_gmt":"2025-07-17T13:43:10","guid":{"rendered":"https:\/\/www.europesays.com\/fr\/254020\/"},"modified":"2025-07-17T13:43:10","modified_gmt":"2025-07-17T13:43:10","slug":"cyclisme-tour-de-belgique-la-cofidis-sest-de-nouveau-fait-voler-ses-velos","status":"publish","type":"post","link":"https:\/\/www.europesays.com\/fr\/254020\/","title":{"rendered":"Cyclisme. Tour de Belgique &#8211; La Cofidis s&rsquo;est de nouveau fait voler ses v\u00e9los"},"content":{"rendered":"<p>La mal\u00e9diction continue pour <strong>Cofidis<\/strong>. Moins de deux semaines apr\u00e8s le vol spectaculaire de onze v\u00e9los de l\u2019\u00e9quipe masculine sur le <strong>Tour de France<\/strong>, c\u2019est au tour de la formation f\u00e9minine d\u2019\u00eatre victime de voleurs. Plusieurs v\u00e9los ont \u00e9t\u00e9 d\u00e9rob\u00e9s dans la nuit pr\u00e9c\u00e9dant le d\u00e9part du <strong><a href=\"https:\/\/www.cyclismactu.net\/..\/news-tour-de-belgique-route-zoe-backstedt-domine-d-un-rien-prologue-yerseke-89007.html\" target=\"_blank\" rel=\"nofollow noopener\">Baloise Ladies Tour<\/a><\/strong>, en Belgique. Les faits se sont produits \u00e0 Bruges, devant l\u2019h\u00f4tel de l\u2019\u00e9quipe. Des individus ont p\u00e9n\u00e9tr\u00e9 dans un camion <strong>Cofidis <\/strong>et ont emport\u00e9 un nombre non pr\u00e9cis\u00e9 de v\u00e9los. Malgr\u00e9 cet incident, l\u2019\u00e9quipe a tout de m\u00eame pris le d\u00e9part du prologue de la course mercredi soir.<\/p>\n<p>Vid\u00e9o &#8211; C\u00e9dric Vasseur, manager g\u00e9n\u00e9ral de la Cofidis Lire la suite de l&rsquo;article&#13;<\/p>\n<p>\u00a0<\/p>\n<p>&#13;<br \/>\n\u00ab\u00a0Nous travaillons sur une solution&#8230;\u00a0\u00bb&#13;<\/p>\n<p>\u00ab\u00a0La police poursuit son enqu\u00eate\u00a0\u00bb, a d\u00e9clar\u00e9 le directeur sportif Arthur Quilliec \u00e0 l\u2019agence <a href=\"https:\/\/www.dhnet.be\/sports\/cyclisme\/2025\/07\/16\/lequipe-cofidis-de-nouveau-victime-dun-vol-de-velos-R5TUQSEFHBEXJBN7RI36RHI4IU\/\" target=\"_blank\" rel=\"nofollow noopener\">Belga<\/a>. \u00ab\u00a0Je peux confirmer que certains de nos v\u00e9los ont \u00e9t\u00e9 vol\u00e9s, mais je ne peux pas donner plus de d\u00e9tails pour ne pas nuire \u00e0 l\u2019enqu\u00eate.\u00a0\u00bb\u00a0Face \u00e0 l\u2019urgence, <strong>Cofidis <\/strong>s\u2019active pour remplacer le mat\u00e9riel avant la premi\u00e8re \u00e9tape en ligne du jeudi. \u00ab\u00a0Nous travaillons sur une solution pour demain. Le vol de v\u00e9los de course devient un vrai fl\u00e9au. Nous avons pourtant tout mis en \u0153uvre pour l\u2019\u00e9viter\u00a0\u00bb, a ajout\u00e9 <strong>Quilliec<\/strong>.<\/p>\n<p>&#13;<\/p>\n<p>Pour rappel, lors du <strong>Tour de France<\/strong>, la formation masculine s\u2019\u00e9tait fait voler pour 143 000 \u20ac de v\u00e9los Look devant un h\u00f4tel de Bondues, \u00e0 la veille de la 2e \u00e9tape. Tous les v\u00e9los avaient finalement \u00e9t\u00e9 retrouv\u00e9s par la police.<\/p>\n","protected":false},"excerpt":{"rendered":"La mal\u00e9diction continue pour Cofidis. Moins de deux semaines apr\u00e8s le vol spectaculaire de onze v\u00e9los de l\u2019\u00e9quipe&hellip;\n","protected":false},"author":2,"featured_media":254021,"comment_status":"","ping_status":"","sticky":false,"template":"","format":"standard","meta":{"footnotes":""},"categories":[1411],"tags":[1154,207,211,1011,27,209,60,32478,210,212,208,213],"class_list":{"0":"post-254020","1":"post","2":"type-post","3":"status-publish","4":"format-standard","5":"has-post-thumbnail","7":"category-cyclisme","8":"tag-cycling","9":"tag-cyclisme","10":"tag-ffc","11":"tag-fr","12":"tag-france","13":"tag-route","14":"tag-sports","15":"tag-tour-de-belgique","16":"tag-tour-de-france","17":"tag-uci","18":"tag-velo","19":"tag-world-tour"},"share_on_mastodon":{"url":"https:\/\/pubeurope.com\/@fr\/114868873019000070","error":""},"_links":{"self":[{"href":"https:\/\/www.europesays.com\/fr\/wp-json\/wp\/v2\/posts\/254020","targetHints":{"allow":["GET"]}}],"collection":[{"href":"https:\/\/www.europesays.com\/fr\/wp-json\/wp\/v2\/posts"}],"about":[{"href":"https:\/\/www.europesays.com\/fr\/wp-json\/wp\/v2\/types\/post"}],"author":[{"embeddable":true,"href":"https:\/\/www.europesays.com\/fr\/wp-json\/wp\/v2\/users\/2"}],"replies":[{"embeddable":true,"href":"https:\/\/www.europesays.com\/fr\/wp-json\/wp\/v2\/comments?post=254020"}],"version-history":[{"count":0,"href":"https:\/\/www.europesays.com\/fr\/wp-json\/wp\/v2\/posts\/254020\/revisions"}],"wp:featuredmedia":[{"embeddable":true,"href":"https:\/\/www.europesays.com\/fr\/wp-json\/wp\/v2\/media\/254021"}],"wp:attachment":[{"href":"https:\/\/www.europesays.com\/fr\/wp-json\/wp\/v2\/media?parent=254020"}],"wp:term":[{"taxonomy":"category","embeddable":true,"href":"https:\/\/www.europesays.com\/fr\/wp-json\/wp\/v2\/categories?post=254020"},{"taxonomy":"post_tag","embeddable":true,"href":"https:\/\/www.europesays.com\/fr\/wp-json\/wp\/v2\/tags?post=254020"}],"curies":[{"name":"wp","href":"https:\/\/api.w.org\/{rel}","templated":true}]}}