{"id":254023,"date":"2025-07-17T13:45:12","date_gmt":"2025-07-17T13:45:12","guid":{"rendered":"https:\/\/www.europesays.com\/fr\/254023\/"},"modified":"2025-07-17T13:45:12","modified_gmt":"2025-07-17T13:45:12","slug":"joaquin-phoenix-na-jamais-oublie-cette-interview-lune-des-pires-soirees-de-sa-vie","status":"publish","type":"post","link":"https:\/\/www.europesays.com\/fr\/254023\/","title":{"rendered":"Joaquin Phoenix n\u2019a jamais oubli\u00e9 cette interview, \u00ab\u00a0l\u2019une des pires soir\u00e9es\u00a0\u00bb de sa vie"},"content":{"rendered":"<p>        <img decoding=\"async\" loading=\"lazy\" src=\"https:\/\/www.europesays.com\/fr\/wp-content\/uploads\/2025\/07\/6295a4f_upload-1-bnaveavztff0-000-473c7t2.jpg\"  width=\"728\" height=\"409\" alt=\"Joaquin Phoenix, ici au mois de mai 2025, \u00e0 Cannes.\"\/>  <\/p>\n<p>IAN LANGSDON \/ AFP<\/p>\n<p>Joaquin Phoenix, ici au mois de mai 2025, \u00e0 Cannes.<\/p>\n<p class=\"asset asset-text\">PEOPLE &#8211; Il est des souvenirs que <a href=\"https:\/\/www.huffingtonpost.fr\/culture\/article\/sur-gladiator-ridley-scott-revele-que-joaquin-phoenix-a-failli-quitter-le-tournage-au-dernier-moment_241997.html\" target=\"_blank\" rel=\"noopener\">Joaquin Phoenix<\/a> a d\u00fb mal \u00e0 rayer de sa m\u00e9moire. Son interview pour <a href=\"https:\/\/www.huffingtonpost.fr\/actualites\/article\/a-la-retraite-l-ancien-animateur-tele-david-letterman-est-meconnaissable_74416.html\" target=\"_blank\" rel=\"noopener\">David Letterman<\/a>, en 2009, est de celles-ci. Invit\u00e9 du late-night show de Stephen Colbert, ce mardi 15\u00a0juillet, l\u2019acteur am\u00e9ricain actuellement \u00e0 l\u2019affiche du dernier film d\u2019Ari Aster <a href=\"https:\/\/www.huffingtonpost.fr\/culture\/video\/l-ete-de-pedro-pascal-bat-son-plein-avec-la-sortie-d-eddington-au-cinema-et-personne-ne-s-en-plaint_252467.html\" target=\"_blank\" rel=\"noopener\">Eddington<\/a> est revenu sur cet \u00e9pisode, \u00ab\u00a0l\u2019une des pires soir\u00e9es\u00a0\u00bb de sa vie.<\/p>\n<p class=\"asset asset-text\">\u00ab\u00a0C\u2019\u00e9tait tellement inconfortable. Je le regrette, je ne le referai jamais. Je suis vraiment d\u00e9sol\u00e9\u00a0\u00bb, souffle-t-il d\u2019un air malicieux \u00e0 la t\u00e9l\u00e9vision am\u00e9ricaine. \u00ab\u00a0Je ne sais pas si David Letterman (qui est parti \u00e0 la retraite en 2015, ndlr) nous regarde\u00a0\u00bb, lui r\u00e9torque son h\u00f4te. \u00ab\u00a0Il se pourrait, esp\u00e8re Joaquin Phoenix. Et je dois juste lui dire que je suis d\u00e9sol\u00e9.\u00a0\u00bb<\/p>\n<p class=\"asset asset-text\">Retour en arri\u00e8re. Nous sommes \u00e0 la fin des ann\u00e9es 2000, et le com\u00e9dien, d\u00e9j\u00e0 aur\u00e9ol\u00e9 du Golden Globe du meilleur pour son interpr\u00e9tation de Johnny Cash dans Walk The Line de James Mangold, est bien install\u00e9 dans le paysage hollywoodien. Et pourtant, sans crier gare, celui-ci r\u00e9v\u00e8le vouloir tout abandonner pour se consacrer \u00e0 la musique.<\/p>\n<p class=\"asset asset-text\">L\u2019information est confirm\u00e9e par le Hollywood Reporter, qui pr\u00e9cise que son premier album serait produit par P. Diddy. Des mois plus tard, Joaquin Phoenix d\u00e9barque alors chez David Letterman. Grosse barbe, cheveux \u00e9bouriff\u00e9s et lunettes de soleil sur le nez\u2026 Le look d\u00e9braill\u00e9 de l\u2019homme surprend. Ses propos \u00e9gar\u00e9s, aussi. La s\u00e9quence est lunaire, et pousse \u00e0 croire qu\u2019il serait en pleine d\u00e9pression.<\/p>\n<p class=\"asset asset-text\">\u00c9videmment, rien de tout \u00e7a n\u2019\u00e9tait vrai. La sc\u00e8ne avait \u00e9t\u00e9 en r\u00e9alit\u00e9 pens\u00e9e pour les besoins d\u2019un faux documentaire baptis\u00e9 I\u2019m Still Here, une parodie r\u00e9alis\u00e9e par Casey Affleck proposant de suivre avec humour le d\u00e9but de carri\u00e8re de Joaquin Phoenix dans le hip-hop. Ce dont, toutefois, David Letterman n\u2019\u00e9tait pas officiellement au courant.<\/p>\n<p>    \u00ab\u00a0Je veux que Dave me lac\u00e8re\u00a0\u00bb    <\/p>\n<p class=\"asset asset-text\">\u00ab\u00a0Quand j\u2019ai particip\u00e9 \u00e0 cette \u00e9mission avec Dave, se souvient-il, toujours au micro de Stephen Colbert, j\u2019ai d\u2019abord fait la pr\u00e9-interview dans mon personnage, et je me suis rendu compte que c\u2019\u00e9tait un peu ridicule. Alors, j\u2019ai rappel\u00e9 les \u00e9quipes, et leur ai dit\u00a0: \u201c\u00c9coutez, je vais le faire. [\u2026] Je veux juste que Dave me lac\u00e8re. Je veux que ce soit vraiment dangereux.\u201d\u00a0\u00bb<\/p>\n<p> La lecture de ce contenu est susceptible d\u2019entra\u00eener un d\u00e9p\u00f4t de cookies de la part de l\u2019op\u00e9rateur tiers qui l\u2019h\u00e9berge. Compte-tenu des choix que vous avez exprim\u00e9s en mati\u00e8re de d\u00e9p\u00f4t de cookies, nous avons bloqu\u00e9 l\u2019affichage de ce contenu. Si vous souhaitez y acc\u00e9der, vous devez accepter la cat\u00e9gorie de cookies \u201cContenus tiers\u201d en cliquant sur le bouton ci-dessous. <\/p>\n<p> Lire la Vid\u00e9o              <\/p>\n<p class=\"asset asset-text\">Plus laconique que dangereuse, la s\u00e9quence l\u2019a marqu\u00e9e. Mais ce n\u2019est pas la premi\u00e8re fois qu\u2019il revient dessus. \u00c0 peine un an apr\u00e8s les faits, il s\u2019en \u00e9tait d\u00e9j\u00e0 excus\u00e9 aupr\u00e8s du principal int\u00e9ress\u00e9 sur le m\u00eame plateau, esp\u00e9rant \u00ab\u00a0ne pas l\u2019avoir offens\u00e9\u00a0\u00bb. \u00ab\u00a0Tu as interview\u00e9 de tr\u00e8s nombreuses personnes, et je pensais que tu saurais faire la diff\u00e9rence entre un personnage et une personne r\u00e9elle\u00a0\u00bb, lui avait-il expos\u00e9.<\/p>\n<p class=\"asset asset-text\">Fin de l\u2019histoire\u00a0? Pas vraiment. Des ann\u00e9es plus tard, David Letterman avait pour sa part reconnu un fait notoire\u00a0: il \u00e9tait au courant de ce qui se tramait en avance. Il n\u2019emp\u00eache. \u00ab\u00a0J\u2019ai ador\u00e9 ce moment, parce que c\u2019\u00e9tait comme s\u2019entra\u00eener sur un sac de musculation, a-t-il confi\u00e9 au podcast d\u2019Howard Stern, en 2017. C\u2019\u00e9tait simple. C\u2019\u00e9tait juste un entra\u00eenement \u00e0 la batte.\u00a0\u00bb<\/p>\n","protected":false},"excerpt":{"rendered":"IAN LANGSDON \/ AFP Joaquin Phoenix, ici au mois de mai 2025, \u00e0 Cannes. PEOPLE &#8211; Il est&hellip;\n","protected":false},"author":2,"featured_media":254024,"comment_status":"","ping_status":"","sticky":false,"template":"","format":"standard","meta":{"footnotes":""},"categories":[1359],"tags":[251,58,59,1011,27,22143,973],"class_list":{"0":"post-254023","1":"post","2":"type-post","3":"status-publish","4":"format-standard","5":"has-post-thumbnail","7":"category-people","8":"tag-culture","9":"tag-divertissement","10":"tag-entertainment","11":"tag-fr","12":"tag-france","13":"tag-joaquin-phoenix","14":"tag-people"},"share_on_mastodon":{"url":"https:\/\/pubeurope.com\/@fr\/114868880932634094","error":""},"_links":{"self":[{"href":"https:\/\/www.europesays.com\/fr\/wp-json\/wp\/v2\/posts\/254023","targetHints":{"allow":["GET"]}}],"collection":[{"href":"https:\/\/www.europesays.com\/fr\/wp-json\/wp\/v2\/posts"}],"about":[{"href":"https:\/\/www.europesays.com\/fr\/wp-json\/wp\/v2\/types\/post"}],"author":[{"embeddable":true,"href":"https:\/\/www.europesays.com\/fr\/wp-json\/wp\/v2\/users\/2"}],"replies":[{"embeddable":true,"href":"https:\/\/www.europesays.com\/fr\/wp-json\/wp\/v2\/comments?post=254023"}],"version-history":[{"count":0,"href":"https:\/\/www.europesays.com\/fr\/wp-json\/wp\/v2\/posts\/254023\/revisions"}],"wp:featuredmedia":[{"embeddable":true,"href":"https:\/\/www.europesays.com\/fr\/wp-json\/wp\/v2\/media\/254024"}],"wp:attachment":[{"href":"https:\/\/www.europesays.com\/fr\/wp-json\/wp\/v2\/media?parent=254023"}],"wp:term":[{"taxonomy":"category","embeddable":true,"href":"https:\/\/www.europesays.com\/fr\/wp-json\/wp\/v2\/categories?post=254023"},{"taxonomy":"post_tag","embeddable":true,"href":"https:\/\/www.europesays.com\/fr\/wp-json\/wp\/v2\/tags?post=254023"}],"curies":[{"name":"wp","href":"https:\/\/api.w.org\/{rel}","templated":true}]}}