{"id":254025,"date":"2025-07-17T13:46:11","date_gmt":"2025-07-17T13:46:11","guid":{"rendered":"https:\/\/www.europesays.com\/fr\/254025\/"},"modified":"2025-07-17T13:46:11","modified_gmt":"2025-07-17T13:46:11","slug":"entreprise-apres-paris-larchitecte-laura-chavy-voit-plus-grand-et-simplante-a-macon","status":"publish","type":"post","link":"https:\/\/www.europesays.com\/fr\/254025\/","title":{"rendered":"Entreprise. Apr\u00e8s Paris, l\u2019architecte Laura Chavy voit plus grand et s\u2019implante \u00e0 M\u00e2con"},"content":{"rendered":"<p>Elle ne vous le dira pas. Par pudeur ou par modestie. Elle tient \u00e7a de famille. Mais \u00e0 seulement 38 ans, Laura Chavy est n\u00e9e sous une bonne \u00e9toile. Aujourd\u2019hui encore, cette \u00e9toile brille au-dessus de sa t\u00eate et\u00a0l\u2019accompagne au quotidien. \u00c0 l\u2019image de sa s\u0153ur a\u00een\u00e9e Lisa, Laura Chavy est la grande fiert\u00e9 de ses parents, commer\u00e7ants bien connus sur la place m\u00e2connaise.<\/p>\n<p>Co\u00efncidence ou pur hasard, les deux s\u0153urs travaillent et prennent \u00e9norm\u00e9ment de plaisir dans le milieu artistique. Elles le doivent \u00e0 leur maman Dani\u00e8le, leur p\u00e8re Guy \u00e9tant plut\u00f4t dou\u00e9 pour le commerce. \u00ab\u00a0J\u2019ai int\u00e9gr\u00e9 l\u2019\u00e9cole des beaux-arts de M\u00e2con \u00e0 l\u2019\u00e2ge de 3 ans\u00a0\u00bb, pr\u00e9cise Laura Chavy.<\/p>\n<p>Apr\u00e8s une scolarit\u00e9 r\u00e9ussie \u00e0&#8230;<\/p>\n","protected":false},"excerpt":{"rendered":"Elle ne vous le dira pas. Par pudeur ou par modestie. Elle tient \u00e7a de famille. Mais \u00e0&hellip;\n","protected":false},"author":2,"featured_media":254026,"comment_status":"","ping_status":"","sticky":false,"template":"","format":"standard","meta":{"footnotes":""},"categories":[1358],"tags":[1477,1348,1384,1385,4406,1386,58,33,3718,59,107,1011,27,5980,5982,104,216],"class_list":{"0":"post-254025","1":"post","2":"type-post","3":"status-publish","4":"format-standard","5":"has-post-thumbnail","7":"category-arts-et-design","8":"tag-artisanat","9":"tag-arts","10":"tag-arts-and-design","11":"tag-arts-et-design","12":"tag-commerce-et-services","13":"tag-design","14":"tag-divertissement","15":"tag-economie","16":"tag-edition-macon","17":"tag-entertainment","18":"tag-fil-info","19":"tag-fr","20":"tag-france","21":"tag-macon","22":"tag-macon-ville","23":"tag-societe","24":"tag-vie-des-entreprises"},"share_on_mastodon":{"url":"https:\/\/pubeurope.com\/@fr\/114868884952240121","error":""},"_links":{"self":[{"href":"https:\/\/www.europesays.com\/fr\/wp-json\/wp\/v2\/posts\/254025","targetHints":{"allow":["GET"]}}],"collection":[{"href":"https:\/\/www.europesays.com\/fr\/wp-json\/wp\/v2\/posts"}],"about":[{"href":"https:\/\/www.europesays.com\/fr\/wp-json\/wp\/v2\/types\/post"}],"author":[{"embeddable":true,"href":"https:\/\/www.europesays.com\/fr\/wp-json\/wp\/v2\/users\/2"}],"replies":[{"embeddable":true,"href":"https:\/\/www.europesays.com\/fr\/wp-json\/wp\/v2\/comments?post=254025"}],"version-history":[{"count":0,"href":"https:\/\/www.europesays.com\/fr\/wp-json\/wp\/v2\/posts\/254025\/revisions"}],"wp:featuredmedia":[{"embeddable":true,"href":"https:\/\/www.europesays.com\/fr\/wp-json\/wp\/v2\/media\/254026"}],"wp:attachment":[{"href":"https:\/\/www.europesays.com\/fr\/wp-json\/wp\/v2\/media?parent=254025"}],"wp:term":[{"taxonomy":"category","embeddable":true,"href":"https:\/\/www.europesays.com\/fr\/wp-json\/wp\/v2\/categories?post=254025"},{"taxonomy":"post_tag","embeddable":true,"href":"https:\/\/www.europesays.com\/fr\/wp-json\/wp\/v2\/tags?post=254025"}],"curies":[{"name":"wp","href":"https:\/\/api.w.org\/{rel}","templated":true}]}}