{"id":254029,"date":"2025-07-17T13:48:23","date_gmt":"2025-07-17T13:48:23","guid":{"rendered":"https:\/\/www.europesays.com\/fr\/254029\/"},"modified":"2025-07-17T13:48:23","modified_gmt":"2025-07-17T13:48:23","slug":"morgane-convulse-apres-son-epreuve-dapnee-jennifer-contrainte-de-quitter-lappartement-de-samuel-le-resume-de-lepisode-379-du-vendredi-18-juillet-2025","status":"publish","type":"post","link":"https:\/\/www.europesays.com\/fr\/254029\/","title":{"rendered":"Morgane convulse apr\u00e8s son \u00e9preuve d&rsquo;apn\u00e9e, Jennifer contrainte de quitter l&rsquo;appartement de Samuel&#8230; Le r\u00e9sum\u00e9 de l&rsquo;\u00e9pisode 379 du vendredi 18 juillet 2025"},"content":{"rendered":"<p><b>Dans l\u2019\u00e9pisode de <\/b><b>Plus belle la vie, encore plus belle<\/b><b> du vendredi 18 juillet 2025<\/b>, <a href=\"https:\/\/www.programme-tv.net\/news\/series-tv\/344072-plus-belle-la-vie-encore-plus-belle-en-streaming-ou-regarder-la-nouvelle-serie-de-tf1-en-replay\/\" data-api-deeplink=\"teleloisirs:\/\/news\/344072\" target=\"_blank\" rel=\"noopener\">disponible en streaming<\/a>&#8230; Morgane se r\u00e9veille dans le lit de Steve et les deux amants, imm\u00e9diatement \u00e9pris de remords, paniquent \u00e0 l&rsquo;id\u00e9e que Jules n&rsquo;apprenne qu&rsquo;ils ont couch\u00e9 ensemble. Ils d\u00e9cident de s&rsquo;assurer que Jules ne le sache jamais et Morgane part en trombe pour son \u00e9preuve d&rsquo;apn\u00e9e. Mais quand elle quitte la chambre de Steve, <a href=\"https:\/\/www.programme-tv.net\/news\/series-tv\/369544-plus-belle-la-vie-jules-va-commencer-a-se-demander-qui-est-vraiment-morgane-jade-pradin-devoile-ce-qui-attend-son-personnage\/\" data-api-deeplink=\"teleloisirs:\/\/news\/369544\" target=\"_blank\" rel=\"noopener\">son petit ami est dans le couloir et comprend ce qu&rsquo;il s&rsquo;est pass\u00e9<\/a>.<\/p>\n<p><b>Plus belle la vie <\/b><b>en avance : Patrick assiste \u00e0 l&rsquo;\u00e9preuve d&rsquo;apn\u00e9e, Laura et Morgane se retrouvent en bin\u00f4me<\/b><\/p>\n<p>Chez eux, Patrick raconte \u00e0 Jean-Paul que l&rsquo;un des policiers du groupe de Morgane a tent\u00e9 de l&rsquo;\u00e9touffer \u00ab\u00a0pour rire\u00a0\u00bb et qu&rsquo;il a donc d\u00e9cid\u00e9 de surveiller l&rsquo;\u00e9preuve d&rsquo;apn\u00e9e. Quand son gendre lui propose de l&rsquo;accompagner, Patrick lui r\u00e9pond que Vadim Liotat est d\u00e9j\u00e0 dans la place et qu&rsquo;il a aussi la mission d&rsquo;observer ce qu&rsquo;il se passe.<br \/>Devant la r\u00e9sidence Massalia, <a href=\"https:\/\/www.programme-tv.net\/news\/series-tv\/382203-a-moitie-a-poil-en-train-de-faire-des-pompes-et-de-rouler-une-grosse-galoche-leo-nadler-secret-story-raconte-son-arrivee-dans-plus-belle-la-vie\/\" data-api-deeplink=\"teleloisirs:\/\/news\/382203\" target=\"_blank\" rel=\"noopener\">le groupe de policiers<\/a> attend Morgane pour se rendre \u00e0 leur \u00e9preuve d&rsquo;apn\u00e9e. Alors que les autres s&rsquo;impatientent, Laura re\u00e7oit le tirage au sort des \u00e9quipes et d\u00e9couvre qu&rsquo;elle est en bin\u00f4me avec Morgane. C&rsquo;est \u00e0 ce moment-l\u00e0 que Jules passe et que, sous les interrogations de Laura, il annonce que Morgane \u00ab\u00a0se tape\u00a0\u00bb son meilleur pote. Si elle a du mal \u00e0 y croire, Laura le convainc de rester concentrer sur l&rsquo;essentiel, en l&rsquo;occurence son article.<\/p>\n<p>                        <b>Plus belle la vie <\/b><b>en avance : Jennifer doit d\u00e9m\u00e9nager, Barbara l&rsquo;accueille temporairement<\/b><\/p>\n<p><a href=\"https:\/\/www.programme-tv.net\/news\/series-tv\/382933-plus-belle-la-vie-quelques-larmes-ont-coule-inaki-lartigue-samuel-et-diane-dassigny-jennifer-racontent-les-coulisses-de-leur-derniere-scene\/\" data-api-deeplink=\"teleloisirs:\/\/news\/382933\" target=\"_blank\" rel=\"noopener\">Jennifer apprend qu&rsquo;elle doit quitter son appartement avant la fin du mois.<\/a> Le bail \u00e9tant au nom de Samuel et arrivant \u00e0 \u00e9ch\u00e9ance, le propri\u00e9taire refuse de le renouveler et la jeune femme est forc\u00e9e de d\u00e9m\u00e9nager. Alors que Barbara est r\u00e9volt\u00e9e, Jennifer avoue ne pas avoir la force de se battre et pense m\u00eame que c&rsquo;est finalement une bonne chose, tant <a href=\"https:\/\/www.programme-tv.net\/news\/series-tv\/383336-plus-belle-la-vie-jai-assiste-a-lenterrement-de-samuel-inaki-lartigue-nous-raconte-les-obseques-tres-emouvantes-de-son-personnage-diffusees-ce-mardi-15-juillet\/\" data-api-deeplink=\"teleloisirs:\/\/news\/383336\" target=\"_blank\" rel=\"noopener\">tout dans l&rsquo;appartement actuel lui rappelle sans cesse Samuel<\/a>. Barbara d\u00e9cide alors de prendre les choses en main : elle mettra une annonce au Mistral, Jennifer peut en faire autant au cabinet, et Blanche et Luna peuvent activer leurs r\u00e9seaux. En attendant de trouver, Barbara propose \u00e0 Jennifer de l&rsquo;h\u00e9berger \u00e0 temps plein.<br \/>Plus tard, Louis d\u00e9barque au Mistral et parle \u00e0 Barbara de sa colocataire \u00e0 venir. Alors que le couple ironise sur sa pr\u00e9sence, Louis confie \u00e0 sa ch\u00e9rie qu&rsquo;il ne lui en veut \u00e9videmment pas de venir en aide \u00e0 une amie en deuil. Il ajoute qu&rsquo;il est tr\u00e8s cr\u00e9atif et qu&rsquo;il trouvera des subterfuges pour palier le d\u00e9rangement. <a href=\"https:\/\/www.programme-tv.net\/news\/series-tv\/372408-plus-belle-la-vie-elle-a-un-coup-de-coeur-incontrole-pour-lui-lea-francois-evoque-le-rapprochement-de-barbara-et-louis-guillaume-faure\/\" data-api-deeplink=\"teleloisirs:\/\/news\/372408\" target=\"_blank\" rel=\"noopener\">Il commence \u00e0 l&#8217;embrasser dans la cuisine et Barbara l&#8217;emm\u00e8ne dans le cellier.<\/a><br \/>Quand elles montent les cartons de Jennifer chez Barbara, les filles \u00e9voquent cette colocation improvis\u00e9e et le couple de Barbara et Louis. Pour la premi\u00e8re fois, la cheffe appelle ce dernier \u00ab\u00a0mon mec\u00a0\u00bb et les deux amies constatent qu&rsquo;elle est heureuse en couple, ce qui r\u00e9jouit Jennifer, consciente que \u00ab\u00a0la vie continue\u00a0\u00bb.<\/p>\n<p>            <b>Plus belle la vie <\/b><b>en avance : Apolline confronte Ulysse<\/b><\/p>\n<p>Au Mistral, Apolline apprend de la bouche de Monsieur Legendre qu&rsquo;il diffuse son contact aupr\u00e8s de nombreux clients potentiels. Alors qu&rsquo;elle se r\u00e9jouit des rentr\u00e9es d&rsquo;argent \u00e0 venir, qu&rsquo;elle s&rsquo;imagine d\u00e9j\u00e0 en vacances \u00e0 Majorque avec Aya et qu&rsquo;elle entame une danse de la joie, Ulysse d\u00e9barque au restaurant et d\u00e9cide de quitter les lieux. Apolline lui court apr\u00e8s et tente d&rsquo;expliquer son comportement enjou\u00e9. <a href=\"https:\/\/www.programme-tv.net\/news\/series-tv\/366006-plus-belle-la-vie-ils-vont-se-rapprocher-ulysse-bientot-en-couple-avec-apolline-zoe-laib-jeremy-charvet-repond\/\" data-api-deeplink=\"teleloisirs:\/\/news\/366006\" target=\"_blank\" rel=\"noopener\">Ulysse remet sur le tapis le fait qu&rsquo;elle l&rsquo;a trahi et qu&rsquo;elle s&rsquo;est servie de son cabinet.<\/a> Quand Apolline se justifie par le besoin de gagner sa vie pour pouvoir continuer de payer son loyer, l&rsquo;avocat l&rsquo;accuse de toujours trouver une bonne excuse. Apolline se d\u00e9fend par l&rsquo;attaque : \u00ab\u00a0Pardon, mais je n&rsquo;habite pas chez ma m\u00e8re, moi\u00a0\u00bb. De quoi donner une raison de plus \u00e0 Ulysse de la d\u00e9tester. Apolline r\u00e9alise que son ancien patron est en fait bless\u00e9 de la voir tourner la page.<\/p>\n<p>                        <b>Plus belle la vie <\/b><b>en avance : La m\u00e8re de Vadim s&rsquo;inqui\u00e8te \u00e0 l&rsquo;annonce du nouveau poste de son fils<\/b><\/p>\n<p>En courses avec sa m\u00e8re, Vadim lui annonce qu&rsquo;il fait des stocks de nourriture pour elle parce qu&rsquo;il ne pourra pas venir lui rendre visite la semaine suivante. D\u00e9bord\u00e9 par le travail, le jeune infirmier promet \u00e0 sa m\u00e8re de l&rsquo;appeler tous les jours. Quand elle lui demande ce qui l&rsquo;occupe tant, Vadim lui explique qu&rsquo;il est infirmier pour le concours de l&rsquo;unit\u00e9 sp\u00e9ciale des policiers. \u00c0 cette annonce, sa m\u00e8re panique : \u00ab\u00a0C&rsquo;est un endroit trop dangereux, il ne faut pas que tu ailles l\u00e0-bas\u00a0\u00bb. Alors qu&rsquo;elle lui assure avoir pris ses traitements, la m\u00e8re de Vadim dit tenter de le prot\u00e9ger.<\/p>\n<p><b>Plus belle la vie <\/b><b>en avance : Laura et Morgane r\u00e9ussissent l&rsquo;\u00e9preuve d&rsquo;apn\u00e9e mais Morgane fait un malaise<\/b><\/p>\n<p>Laura et Morgane s&rsquo;appr\u00eatent \u00e0 passer leur \u00e9preuve d&rsquo;apn\u00e9e mais leur coll\u00e8gue continue de les provoquer. Derri\u00e8re la cam\u00e9ra de Jules, Philippe r\u00e9p\u00e8te les r\u00e8gles et l&rsquo;\u00e9tudiant s&rsquo;inqui\u00e8te de la dangerosit\u00e9 de l&rsquo;\u00e9preuve. Une fois sa soeur ligot\u00e9e et install\u00e9e dans la piscine, Morgane plonge et s&rsquo;\u00e9quipe. Mais elle est retard\u00e9e par un objet coinc\u00e9 dans ses palmes. Le duo finit par r\u00e9ussir l&rsquo;\u00e9preuve en restant en apn\u00e9e 1 minute et 34 secondes ! Une fois sortie de l&rsquo;eau, Morgane suffoque et convulse<\/p>\n","protected":false},"excerpt":{"rendered":"Dans l\u2019\u00e9pisode de Plus belle la vie, encore plus belle du vendredi 18 juillet 2025, disponible en streaming&#8230;&hellip;\n","protected":false},"author":2,"featured_media":254030,"comment_status":"","ping_status":"","sticky":false,"template":"","format":"standard","meta":{"footnotes":""},"categories":[1356],"tags":[3581,244,58,1367,59,1011,27,876,5249,1368,7309,7311,7310,12682,252,199,1364],"class_list":{"0":"post-254029","1":"post","2":"type-post","3":"status-publish","4":"format-standard","5":"has-post-thumbnail","7":"category-television","8":"tag-anniversaire","9":"tag-commentaire","10":"tag-divertissement","11":"tag-encore-plus-belle","12":"tag-entertainment","13":"tag-fr","14":"tag-france","15":"tag-france-3","16":"tag-mytf1-max","17":"tag-plus-belle-la-vie","18":"tag-plus-belle-la-vie-en-avance","19":"tag-ru00e9sumu00e9-plus-belle-la-vie","20":"tag-ru00e9sumu00e9-plus-belle-la-vie-en-avance","21":"tag-tele-loisirs-fr","22":"tag-television","23":"tag-tf1","24":"tag-tv"},"share_on_mastodon":{"url":"https:\/\/pubeurope.com\/@fr\/114868892695112913","error":""},"_links":{"self":[{"href":"https:\/\/www.europesays.com\/fr\/wp-json\/wp\/v2\/posts\/254029","targetHints":{"allow":["GET"]}}],"collection":[{"href":"https:\/\/www.europesays.com\/fr\/wp-json\/wp\/v2\/posts"}],"about":[{"href":"https:\/\/www.europesays.com\/fr\/wp-json\/wp\/v2\/types\/post"}],"author":[{"embeddable":true,"href":"https:\/\/www.europesays.com\/fr\/wp-json\/wp\/v2\/users\/2"}],"replies":[{"embeddable":true,"href":"https:\/\/www.europesays.com\/fr\/wp-json\/wp\/v2\/comments?post=254029"}],"version-history":[{"count":0,"href":"https:\/\/www.europesays.com\/fr\/wp-json\/wp\/v2\/posts\/254029\/revisions"}],"wp:featuredmedia":[{"embeddable":true,"href":"https:\/\/www.europesays.com\/fr\/wp-json\/wp\/v2\/media\/254030"}],"wp:attachment":[{"href":"https:\/\/www.europesays.com\/fr\/wp-json\/wp\/v2\/media?parent=254029"}],"wp:term":[{"taxonomy":"category","embeddable":true,"href":"https:\/\/www.europesays.com\/fr\/wp-json\/wp\/v2\/categories?post=254029"},{"taxonomy":"post_tag","embeddable":true,"href":"https:\/\/www.europesays.com\/fr\/wp-json\/wp\/v2\/tags?post=254029"}],"curies":[{"name":"wp","href":"https:\/\/api.w.org\/{rel}","templated":true}]}}