{"id":25404,"date":"2025-04-14T23:13:08","date_gmt":"2025-04-14T23:13:08","guid":{"rendered":"https:\/\/www.europesays.com\/fr\/25404\/"},"modified":"2025-04-14T23:13:08","modified_gmt":"2025-04-14T23:13:08","slug":"pres-de-nice-ce-site-en-bord-de-mer-est-sous-le-coup-dun-scandale-la-baignade-interdite","status":"publish","type":"post","link":"https:\/\/www.europesays.com\/fr\/25404\/","title":{"rendered":"Pr\u00e8s de Nice. Ce site en bord de mer est sous le coup d&rsquo;un scandale, la baignade interdite"},"content":{"rendered":"<p>            Par<br \/>\n        <strong><br \/>\n            <a href=\"https:\/\/actu.fr\/auteur\/manon-reinhardt\" title=\"Consulter tous les articles de Manon Reinhardt\" target=\"_blank\" rel=\"noopener\">Manon Reinhardt<\/a><br \/>\n        <\/strong><\/p>\n<p>        Publi\u00e9 le<\/p>\n<p>            14 avr. 2025 \u00e0 7h08        <\/p>\n<p>\u00ab\u2009Les faits mettant en cause l\u2019entreprise Serex, [\u2026] sont graves\u2009\u00bb, affirment les services de la M\u00e9tropole dans un communiqu\u00e9. Le gestionnaire en charge de l\u2019exploitation de la station d\u2019\u00e9puration \u00e0 Saint-Laurent-du-Var, pr\u00e8s de <a href=\"https:\/\/actu.fr\/provence-alpes-cote-d-azur\/nice_06088\" target=\"_blank\" rel=\"noopener\">Nice<\/a> (<a href=\"https:\/\/actu.fr\/provence-alpes-cote-d-azur\/alpes-maritimes_06\" target=\"_blank\" rel=\"noopener\">Alpes-Maritimes<\/a>), est s\u00e9rieusement mis en cause.<\/p>\n<p class=\" wall-content\">Le site rejette des eaux us\u00e9es et serait \u00e0 l\u2019origine d\u2019une <strong>pollution en mer<\/strong>. Les plages Cousteau, Landsberg, des Go\u00e9lands et des Flots bleus sont interdites \u00e0 la baignade et \u00e0 la navigation depuis janvier.<\/p>\n<p>Des r\u00e9sultats \u00e9tonnamment bons<\/p>\n<p class=\" wall-content\">Les deux parties se renvoient la balle. La M\u00e9tropole de Nice C\u00f4te d\u2019Azur, \u00e0 l\u2019origine d\u2019un signalement aupr\u00e8s du tribunal de Grasse, accuse l\u2019exploitant de la station d\u2019\u00e9puration d\u2019avoir menti sur des r\u00e9sultats d\u2019analyse. Serex, l\u2019entreprise en question, jure avoir <strong>mis au courant les services m\u00e9tropolitains<\/strong> du mat\u00e9riel d\u00e9faillant et ne pas avoir \u00e9t\u00e9 \u00e9cout\u00e9.<\/p>\n<p>    <a href=\"https:\/\/www.google.com\/maps\/embed?pb=!1m18!1m12!1m3!1d3432.8468092816547!2d7.1894290467729585!3d43.6550633276655!2m3!1f0!2f0!3f0!3m2!1i1024!2i768!4f13.1!3m3!1m2!1s0x12cdd141f87e4f3f%3A0x24a867a44a8895af!2sSerex!5e0!3m2!1sfr!2sfr!4v1744378236390!5m2!1sfr!2sfr\" title=\"Ouvrie le lien\" target=\"_blank\" rel=\"noopener\">Cliquez ici pour visualiser le contenu<\/a><\/p>\n<p class=\" wall-content\">L\u2019\u00e9t\u00e9 dernier, des analyses de l\u2019eau, \u00e9trangement bonnes, posent question. D\u2019autant que l\u2019ARS alerte sur une pollution notoire dans la zone. Les plages de Saint-Laurent-du-Var sont pourtant r\u00e9guli\u00e8rement interdites \u00e0 la baignade, \u00e0 cause de la mauvaise qualit\u00e9 de l\u2019eau.<\/p>\n<p>Vid\u00e9os : en ce moment sur Actu<\/p>\n<p class=\" wall-content\">D\u2019autres enqu\u00eates sont donc lanc\u00e9es afin de d\u00e9terminer la cause de cette pollution.<\/p>\n<p>\u00ab\u2009Un by-pass d\u2019eaux non trait\u00e9es dissimul\u00e9\u2009\u00bb<\/p>\n<p class=\" wall-content\">Seulement, probl\u00e8me\u2009: \u00ab\u2009La derni\u00e8re, r\u00e9alis\u00e9e en d\u00e9cembre\u00a02024, a r\u00e9v\u00e9l\u00e9 que les r\u00e9sultats de l\u2019autosurveillance de l\u2019exploitant \u00e9taient en <strong>totale contradiction<\/strong> avec la r\u00e9alit\u00e9 de la qualit\u00e9 des eaux rejet\u00e9es par la STEP dans le milieu\u2009\u00bb, explique la M\u00e9tropole dans un communiqu\u00e9.<\/p>\n<p class=\" wall-content\">L\u2019exploitant se d\u00e9fend alors en expliquant que certains \u00e9quipements qu\u2019il consid\u00e8re comme d\u00e9faillants seraient \u00e0 l\u2019origine d\u2019une \u00ab\u2009d\u00e9gradation non d\u00e9tect\u00e9e\u2009\u00bb.<\/p>\n<blockquote class=\"ac-article-quote wall-content\">\n<p>Les investigations men\u00e9es par la r\u00e9gie m\u00e9tropolitaine remettent en cause les justifications fournies par Serex. Elles permettent, entre autres, de mettre en \u00e9vidence un positionnement non conforme du point de contr\u00f4le des rejets en sortie de station dissimulant un by-pass* d\u2019eaux non trait\u00e9es par Serex.<\/p>\n<p>    <strong>La M\u00e9tropole Nice C\u00f4te d&rsquo;Azur<\/strong>\n            <\/p><\/blockquote>\n<p>Des membranes volontairement non remplac\u00e9es\u2009?<\/p>\n<p class=\" wall-content\">Un audit interne est diligent\u00e9. Les services de la collectivit\u00e9 proc\u00e8dent \u00e0 un signalement aupr\u00e8s de procureur de la R\u00e9publique de Grasse. \u00ab\u2009L\u2019arr\u00eat de ce rejet d\u2019eaux us\u00e9es non autoris\u00e9 a subitement mis en \u00e9vidence l\u2019incapacit\u00e9 des membranes \u00e0 traiter l\u2019int\u00e9gralit\u00e9 des eaux us\u00e9es.\u2009\u00bb<\/p>\n<p class=\" wall-content\">Chez <a href=\"https:\/\/www.nicematin.com\/environnement\/-nous-avons-prevenu-la-metropole-nice-cote-d-azur-depuis-longtemps-la-station-d-epuration-de-saint-laurent-du-var-pollue-la-mediterranee-980436\" target=\"_blank\" rel=\"noopener\">Nice-Matin<\/a>, le directeur de Serex nie toute responsabilit\u00e9. \u00ab\u2009Nous avons dit \u00e0 la r\u00e9gie Eau d\u2019Azur que les membranes \u00e9taient <strong>obsol\u00e8tes depuis longtemps<\/strong>. C\u2019\u00e9tait \u00e0 eux de les changer. Ils ont demand\u00e9 un devis il y a quatre ans. Mais depuis, plus rien. Ils peuvent toujours dire qu\u2019on les a mal entretenues mais je les avais pr\u00e9venus.\u2009\u00bb<\/p>\n<p>La station d\u00e9m\u00e9nage \u00e0 Nice en 2029<\/p>\n<p>Dans le cadre du m\u00e9ga chantier d&rsquo;Haliotis 2, \u00e0 Nice, la station d&rsquo;\u00e9puration de Saint-Laurent-du-Var va dispara\u00eetre. La station ni\u00e7oise va ainsi r\u00e9cup\u00e9rer le traitement des eaux us\u00e9es de 26 communes de la M\u00e9tropole, incluant Saint-Laurent-du-Var, La Gaude, Saint-Jeannet, Gatti\u00e8res, Carros et Le Broc.<\/p>\n<p>Un faramineux projet \u00e0 700 millions d&rsquo;euros, pr\u00e9sent\u00e9 en 2023. Le d\u00e9m\u00e9nagement est pr\u00e9vu pour 2029.<\/p>\n<p class=\" wall-content\">Pourquoi n\u2019ont-elles pas \u00e9t\u00e9 chang\u00e9es si tel \u00e9tait le cas\u2009? \u00ab\u2009C\u2019est par souci d\u2019\u00e9conomies qu\u2019ils n\u2019ont pas remplac\u00e9 les membranes \u00e0 temps\u2009\u00bb, assure-t-il \u00e0 nos confr\u00e8res. C\u2019est apr\u00e8s ces propos publi\u00e9s dans le journal local que la M\u00e9tropole est sortie du silence par voie de communiqu\u00e9.<\/p>\n<p>Un \u00ab\u2009probable dysfonctionnement\u2009\u00bb pour les \u00e9colos<\/p>\n<p class=\" wall-content\">Les \u00e9colos, eux aussi, montent au cr\u00e9neau. \u00ab\u2009Ce constat tardif questionne sur la responsabilit\u00e9 et le <strong>probable dysfonctionnement<\/strong> des collectivit\u00e9s impliqu\u00e9es, d\u2019autant plus regrettable en cette ann\u00e9e de la Mer et \u00e0 la veille de la Conf\u00e9rence des Nations Unies sur l\u2019Oc\u00e9an \u00e0 Nice\u2009\u00bb, s\u2019\u00e9meut H\u00e9l\u00e8ne Granouillac, conseill\u00e8re \u00e9cologiste.<\/p>\n<p class=\" wall-content\">\n<p class=\" wall-content\">Et ne peut que constater les d\u00e9g\u00e2ts\u2009: \u00ab\u00a0La pollution de Saint-Laurent-du-Var s\u2019\u00e9tend h\u00e9las bien au-del\u00e0 de la bande des 300\u00a0m\u00e8tres\u00a0\u00bb. Elle estime que \u00ab\u00a0la cha\u00eene responsabilit\u00e9s doit \u00eatre \u00e9tablie\u00a0\u00bb et que l\u2019enqu\u00eate doit \u00ab\u00a0d\u00e9terminer lesquels des acteurs n\u2019ont pas respect\u00e9 la<br \/>proc\u00e9dure et les contr\u00f4les.\u00a0\u00bb<\/p>\n<p class=\" wall-content\">Le contrat de Serex arrive \u00e0 son terme ce mardi 15\u00a0avril 2025. C\u2019est <strong>Suez<\/strong> qui reprend les r\u00eanes de la station d\u2019\u00e9puration. La M\u00e9tropole indique par ailleurs que les membranes en question sont en cours de changement.<\/p>\n<p class=\" wall-content\">*Le by-pass de r\u00e9seaux d\u2019eaux us\u00e9es est un dispositif qui permet court-circuiter un r\u00e9seau d\u2019assainissement pluvial ou un cours d\u2019eau.<\/p>\n<p class=\" wall-content\">Suivez toute l\u2019actualit\u00e9 de vos villes et m\u00e9dias favoris en vous inscrivant \u00e0 <a href=\"https:\/\/moncompte.actu.fr\" title=\"D\u00e9couvez Mon Actu\" rel=\"nofollow noopener\" data-trk=\"{&quot;cta&quot;:{&quot;action&quot;:&quot;https:\\\/\\\/moncompte.actu.fr&quot;,&quot;category&quot;:&quot;mon compte&quot;,&quot;from&quot;:&quot;article footer&quot;,&quot;name&quot;:&quot;Mon actu&quot;,&quot;type&quot;:&quot;cta&quot;}}\" target=\"_blank\">Mon Actu<\/a>.<\/p>\n","protected":false},"excerpt":{"rendered":"Par Manon Reinhardt Publi\u00e9 le 14 avr. 2025 \u00e0 7h08 \u00ab\u2009Les faits mettant en cause l\u2019entreprise Serex, [\u2026]&hellip;\n","protected":false},"author":2,"featured_media":25405,"comment_status":"","ping_status":"","sticky":false,"template":"","format":"standard","meta":{"footnotes":""},"categories":[2819],"tags":[1111,11,1777,674,1011,27,12,2401,8302,52,1800,882,25],"class_list":{"0":"post-25404","1":"post","2":"type-post","3":"status-publish","4":"format-standard","5":"has-post-thumbnail","7":"category-nice","8":"tag-actu","9":"tag-actualites","10":"tag-eu","11":"tag-europe","12":"tag-fr","13":"tag-france","14":"tag-news","15":"tag-nice","16":"tag-plages","17":"tag-planete","18":"tag-pollution","19":"tag-provence-alpes-cote-dazur","20":"tag-republique-francaise"},"share_on_mastodon":{"url":"https:\/\/pubeurope.com\/@fr\/114338857238556462","error":""},"_links":{"self":[{"href":"https:\/\/www.europesays.com\/fr\/wp-json\/wp\/v2\/posts\/25404","targetHints":{"allow":["GET"]}}],"collection":[{"href":"https:\/\/www.europesays.com\/fr\/wp-json\/wp\/v2\/posts"}],"about":[{"href":"https:\/\/www.europesays.com\/fr\/wp-json\/wp\/v2\/types\/post"}],"author":[{"embeddable":true,"href":"https:\/\/www.europesays.com\/fr\/wp-json\/wp\/v2\/users\/2"}],"replies":[{"embeddable":true,"href":"https:\/\/www.europesays.com\/fr\/wp-json\/wp\/v2\/comments?post=25404"}],"version-history":[{"count":0,"href":"https:\/\/www.europesays.com\/fr\/wp-json\/wp\/v2\/posts\/25404\/revisions"}],"wp:featuredmedia":[{"embeddable":true,"href":"https:\/\/www.europesays.com\/fr\/wp-json\/wp\/v2\/media\/25405"}],"wp:attachment":[{"href":"https:\/\/www.europesays.com\/fr\/wp-json\/wp\/v2\/media?parent=25404"}],"wp:term":[{"taxonomy":"category","embeddable":true,"href":"https:\/\/www.europesays.com\/fr\/wp-json\/wp\/v2\/categories?post=25404"},{"taxonomy":"post_tag","embeddable":true,"href":"https:\/\/www.europesays.com\/fr\/wp-json\/wp\/v2\/tags?post=25404"}],"curies":[{"name":"wp","href":"https:\/\/api.w.org\/{rel}","templated":true}]}}