{"id":254041,"date":"2025-07-17T13:54:12","date_gmt":"2025-07-17T13:54:12","guid":{"rendered":"https:\/\/www.europesays.com\/fr\/254041\/"},"modified":"2025-07-17T13:54:12","modified_gmt":"2025-07-17T13:54:12","slug":"iphone-17-pro-un-ecran-plus-avance-que-jamais-apple-mise-gros-sur-cette-nouveaute","status":"publish","type":"post","link":"https:\/\/www.europesays.com\/fr\/254041\/","title":{"rendered":"iPhone 17 Pro : un \u00e9cran plus avanc\u00e9 que jamais, Apple mise gros sur cette nouveaut\u00e9"},"content":{"rendered":"<p class=\"ed__a-p ed__bdy__l\">Durant la semaine du 8 septembre 2025, Apple devrait annoncer une nouvelle g\u00e9n\u00e9ration de smartphones : les iPhone 17. En attendant, leur fiche technique se pr\u00e9cise au fil des rumeurs. Une bonne nouvelle est d\u2019ailleurs tomb\u00e9e au sujet des <a href=\"https:\/\/www.lesnumeriques.com\/telephone-portable\/iphone-17-pro-pro-max-4-bonnes-raisons-d-attendre-les-futurs-modeles-premium-d-apple-n238323.html\" title=\"iPhone 17 Pro &amp; Pro Max\u00a0: 4\u00a0bonnes raisons d\u2019attendre les futurs mod\u00e8les premium d\u2019Apple\" rel=\"nofollow noopener\" target=\"_blank\">mod\u00e8les Pro et Pro Max<\/a> : l\u2019arriv\u00e9e d\u2019un \u00e9cran avec verre anti-reflets\u2026 mais pas que !<\/p>\n<p>Un verre anti-reflet pour am\u00e9liorer l\u2019\u00e9cran des iPhone 17 Pro et 17 Pro Max<\/p>\n<p class=\"ed__a-p ed__bdy__l\">En mars 2025, Instant Digital \u00e9voquait l\u2019introduction d\u2019<a href=\"https:\/\/www.lesnumeriques.com\/telephone-portable\/iphone-16-voici-pourquoi-il-vaut-mieux-patienter-jusqu-aux-iphone-17-n226293.html\" title=\"iPhone 16 : voici pourquoi il vaut mieux patienter jusqu&#039;aux iPhone\u00a017\" rel=\"nofollow noopener\" target=\"_blank\">un verre anti-reflet<\/a> sur l\u2019\u00e9cran des iPhone 17 \u2014 une bonne nouvelle lorsqu\u2019on sait qu\u2019Apple fait p\u00e2le figure face \u00e0 la concurrence, et notamment face au Galaxy S25 Ultra de Samsung. En prime, la dalle serait plus r\u00e9sistante aux rayures que les g\u00e9n\u00e9rations pr\u00e9c\u00e9dentes.<\/p>\n<p class=\"ed__a-p ed__bdy__l\">Les belles promesses de cette rumeur avaient cependant <a href=\"https:\/\/www.lesnumeriques.com\/telephone-portable\/iphone-17-pro-mauvaise-nouvelle-l-ecran-anti-reflets-ne-verrait-pas-le-jour-n236117.html\" title=\"iPhone 17 Pro : mauvaise nouvelle, l\u2019\u00e9cran anti-reflets ne verrait pas le jour\" rel=\"nofollow noopener\" target=\"_blank\">\u00e9t\u00e9 \u00e9cart\u00e9es<\/a> fin avril par MacRumors, plus pr\u00e9cis\u00e9ment \u00e0 cause de probl\u00e8mes de production trop importants. L\u2019arriv\u00e9e de cette \u00e9volution majeure de l\u2019affichage devait ainsi \u00eatre report\u00e9e \u00e0 une g\u00e9n\u00e9ration ult\u00e9rieure, le temps qu\u2019une solution ad\u00e9quate soit trouv\u00e9e.<\/p>\n<p class=\"ed__a-p ed__bdy__l\">Roulement de tambours\u2026 tout aurait \u00e9t\u00e9 r\u00e9gl\u00e9 \u00e0 temps pour cette ann\u00e9e. D\u2019apr\u00e8s une nouvelle source du m\u00e9dia, \u201cles fournisseurs d\u2019Apple seraient d\u00e9sormais capables de produire le verre anti-reflet en quantit\u00e9 suffisante pour un lancement \u00e0 grande \u00e9chelle\u201d. Petit retournement de situation, seuls les iPhone 17 Pro et 17 Pro Max auraient finalement droit \u00e0 cette nouveaut\u00e9.<\/p>\n<p class=\"ed__a-p ed__bdy__l\">Une \u00e9volution logique, qui permettrait \u00e0 Apple de continuer \u00e0 bien diff\u00e9rencier ses gammes Pro et non-Pro. D\u2019ailleurs, cela collerait bien avec le fait que le taux de rafra\u00eechissement de 120 Hz, r\u00e9serv\u00e9 jusqu\u2019ici aux mod\u00e8les Pro, devrait \u00eatre \u00e9tendu en 2025 aux <a href=\"https:\/\/www.lesnumeriques.com\/telephone-portable\/iphone-17-les-trois-nouveautes-majeures-envisagees-par-apple-en-2025-n238092.html\" title=\"iPhone 17 : les trois nouveaut\u00e9s majeures envisag\u00e9es par Apple en 2025\" rel=\"nofollow noopener\" target=\"_blank\">iPhone 17<\/a> et <a href=\"https:\/\/www.lesnumeriques.com\/telephone-portable\/iphone-17-air-4-raisons-qui-vont-en-faire-le-prochain-incontournable-d-apple-n236635.html\" title=\"iPhone 17 Air : 4 raisons qui vont en faire le prochain incontournable d\u2019Apple\" rel=\"nofollow noopener\" target=\"_blank\">iPhone 17 Air<\/a> (bien que ProMotion ne soit pas au programme).<\/p>\n<p class=\"ed__a-p ed__bdy__l\">En donnant un avantage suppl\u00e9mentaire aux iPhone 17 Pro et 17 Pro Max, la firme \u00e0 la pomme s\u2019assure ainsi de maintenir une exp\u00e9rience plus avanc\u00e9e sur ces mod\u00e8les.<\/p>\n<p>En r\u00e9sum\u00e9<\/p>\n<ul class=\"ed__lists ed__bdy__l\">\n<li>Les iPhone 17 devraient finalement avoir un verre anti-reflet\u2026 mais pas tous les mod\u00e8les.<\/li>\n<li>Apple serait parvenu \u00e0 r\u00e9soudre les probl\u00e8mes de production autour de cette technologie.<\/li>\n<li>Le taux 120 Hz devrait s\u2019\u00e9tendre aux iPhone 17 et 17 Air, laissant l\u2019exclusivit\u00e9 du verre anti-reflet aux mod\u00e8les Pro.<\/li>\n<\/ul>\n","protected":false},"excerpt":{"rendered":"Durant la semaine du 8 septembre 2025, Apple devrait annoncer une nouvelle g\u00e9n\u00e9ration de smartphones : les iPhone&hellip;\n","protected":false},"author":2,"featured_media":254042,"comment_status":"","ping_status":"","sticky":false,"template":"","format":"standard","meta":{"footnotes":""},"categories":[7],"tags":[1011,27,43,40,41,39,42,44],"class_list":{"0":"post-254041","1":"post","2":"type-post","3":"status-publish","4":"format-standard","5":"has-post-thumbnail","7":"category-sciences-et-technologies","8":"tag-fr","9":"tag-france","10":"tag-science","11":"tag-science-and-technology","12":"tag-sciences","13":"tag-sciences-et-technologies","14":"tag-technologies","15":"tag-technology"},"share_on_mastodon":{"url":"https:\/\/pubeurope.com\/@fr\/114868916326408462","error":""},"_links":{"self":[{"href":"https:\/\/www.europesays.com\/fr\/wp-json\/wp\/v2\/posts\/254041","targetHints":{"allow":["GET"]}}],"collection":[{"href":"https:\/\/www.europesays.com\/fr\/wp-json\/wp\/v2\/posts"}],"about":[{"href":"https:\/\/www.europesays.com\/fr\/wp-json\/wp\/v2\/types\/post"}],"author":[{"embeddable":true,"href":"https:\/\/www.europesays.com\/fr\/wp-json\/wp\/v2\/users\/2"}],"replies":[{"embeddable":true,"href":"https:\/\/www.europesays.com\/fr\/wp-json\/wp\/v2\/comments?post=254041"}],"version-history":[{"count":0,"href":"https:\/\/www.europesays.com\/fr\/wp-json\/wp\/v2\/posts\/254041\/revisions"}],"wp:featuredmedia":[{"embeddable":true,"href":"https:\/\/www.europesays.com\/fr\/wp-json\/wp\/v2\/media\/254042"}],"wp:attachment":[{"href":"https:\/\/www.europesays.com\/fr\/wp-json\/wp\/v2\/media?parent=254041"}],"wp:term":[{"taxonomy":"category","embeddable":true,"href":"https:\/\/www.europesays.com\/fr\/wp-json\/wp\/v2\/categories?post=254041"},{"taxonomy":"post_tag","embeddable":true,"href":"https:\/\/www.europesays.com\/fr\/wp-json\/wp\/v2\/tags?post=254041"}],"curies":[{"name":"wp","href":"https:\/\/api.w.org\/{rel}","templated":true}]}}