{"id":254050,"date":"2025-07-17T13:59:13","date_gmt":"2025-07-17T13:59:13","guid":{"rendered":"https:\/\/www.europesays.com\/fr\/254050\/"},"modified":"2025-07-17T13:59:13","modified_gmt":"2025-07-17T13:59:13","slug":"auvergne-rhone-alpes-il-retrouve-laudition-grace-a-une-premiere-mondiale","status":"publish","type":"post","link":"https:\/\/www.europesays.com\/fr\/254050\/","title":{"rendered":"Auvergne-Rh\u00f4ne-Alpes : il retrouve l&rsquo;audition gr\u00e2ce \u00e0 une premi\u00e8re mondiale !"},"content":{"rendered":"<p>Au CHU de Saint-\u00c9tienne (Loire), un patient a retrouv\u00e9 l&rsquo;audition gr\u00e2ce \u00e0 une technique in\u00e9dite utilis\u00e9e au cours de l&rsquo;op\u00e9ration. Une premi\u00e8re mondiale.<\/p>\n<p>C&rsquo;est une premi\u00e8re mondiale r\u00e9alis\u00e9e dans la r\u00e9gion ! <b>Le CHU de Saint-\u00c9tienne<\/b>, dans la Loire, a r\u00e9cemment install\u00e9 <b>un implant<\/b> permettant \u00e0 un patient atteint de surdit\u00e9 de retrouver l&rsquo;audition.<\/p>\n<p>Cette op\u00e9ration, assist\u00e9e de robots, n&rsquo;est pas une nouveaut\u00e9. En revanche, ce qui est in\u00e9dit, <b>c&rsquo;est le syst\u00e8me de navigation<\/b> qui a guid\u00e9 les chirurgiens !<\/p>\n<p>Minimiser les risques lors de l&rsquo;op\u00e9ration<\/p>\n<p>Cette avanc\u00e9e permet de diminuer les risques sur la cochl\u00e9e du patient. Il s&rsquo;agit de l&rsquo;organe le plus important pour notre audition.<\/p>\n<p>Il faut donc tout faire pour \u00e9viter de l&rsquo;ab\u00eemer au cours de l&rsquo;op\u00e9ration, comme l&rsquo;explique <b>Alexandre Karkas<\/b>, le chef de service ORL (oto-rhino-laryngologiste) au CHU st\u00e9phanois :<\/p>\n<blockquote><p>\u00ab\u00a0C&rsquo;est tellement infime et microscopique qu&rsquo;on peut faire des d\u00e9g\u00e2ts en installant l&rsquo;implant. Gr\u00e2ce \u00e0 ce nouveau syst\u00e8me, on minimise les risques lors de l&rsquo;op\u00e9ration. Et puis, lorsqu&rsquo;on va op\u00e9rer un enfant pour lui mettre un implant, on sait qu&rsquo;il faudra le changer dans 40 ou 50 ans peut-\u00eatre. On aura donc pr\u00e9serv\u00e9 toutes les structures dans la cochl\u00e9e pour une future implantation.\u00a0\u00bb<\/p><\/blockquote>\n<p>Une nouvelle technologie de plus en plus utilis\u00e9e<\/p>\n<p>Depuis cette grande premi\u00e8re qui a eu lieu <b>le 16 juin 2025<\/b>, l&rsquo;op\u00e9ration a \u00e9t\u00e9 r\u00e9it\u00e9r\u00e9e au d\u00e9but du mois de juillet au CHU de Saint-\u00c9tienne.<\/p>\n<p>Un h\u00f4pital \u00e0 Li\u00e8ge, en Belgique, a aussi test\u00e9 cette nouvelle technologie il y a quelques jours. Une technique prometteuse !<\/p>\n<p><img loading=\"lazy\" decoding=\"async\" src=\"https:\/\/www.europesays.com\/fr\/wp-content\/uploads\/2025\/07\/1752760753_382_img\" width=\"350\" height=\"200\" border=\"0\" title=\"Il sera interdit de fumer dans les parcs et sur les plages \u00c3\u00a0 partir du 29 juin en France\"\/><\/p>\n<p>\u25baSant\u00e9<\/p>\n<p style=\"font-size: 22px;\"><b>Dans quels lieux est-il interdit de fumer depuis le 29 juin  ?<\/b><\/p>\n<p>Fumer \u00e0 l&rsquo;abribus, dans un parc ou sur la plage,&#8230;<\/p>\n<p><\/p>\n","protected":false},"excerpt":{"rendered":"Au CHU de Saint-\u00c9tienne (Loire), un patient a retrouv\u00e9 l&rsquo;audition gr\u00e2ce \u00e0 une technique in\u00e9dite utilis\u00e9e au cours&hellip;\n","protected":false},"author":2,"featured_media":254051,"comment_status":"","ping_status":"","sticky":false,"template":"","format":"standard","meta":{"footnotes":""},"categories":[9653],"tags":[1111,11,18944,2430,39430,1777,674,1011,27,12,21689,25,9920,4001],"class_list":{"0":"post-254050","1":"post","2":"type-post","3":"status-publish","4":"format-standard","5":"has-post-thumbnail","7":"category-saint-etienne","8":"tag-actu","9":"tag-actualites","10":"tag-audition","11":"tag-auvergne-rhone-alpes","12":"tag-chu-de-saint-tienne","13":"tag-eu","14":"tag-europe","15":"tag-fr","16":"tag-france","17":"tag-news","18":"tag-opration","19":"tag-republique-francaise","20":"tag-saint-tienne","21":"tag-saint-etienne"},"share_on_mastodon":{"url":"https:\/\/pubeurope.com\/@fr\/114868936103782811","error":""},"_links":{"self":[{"href":"https:\/\/www.europesays.com\/fr\/wp-json\/wp\/v2\/posts\/254050","targetHints":{"allow":["GET"]}}],"collection":[{"href":"https:\/\/www.europesays.com\/fr\/wp-json\/wp\/v2\/posts"}],"about":[{"href":"https:\/\/www.europesays.com\/fr\/wp-json\/wp\/v2\/types\/post"}],"author":[{"embeddable":true,"href":"https:\/\/www.europesays.com\/fr\/wp-json\/wp\/v2\/users\/2"}],"replies":[{"embeddable":true,"href":"https:\/\/www.europesays.com\/fr\/wp-json\/wp\/v2\/comments?post=254050"}],"version-history":[{"count":0,"href":"https:\/\/www.europesays.com\/fr\/wp-json\/wp\/v2\/posts\/254050\/revisions"}],"wp:featuredmedia":[{"embeddable":true,"href":"https:\/\/www.europesays.com\/fr\/wp-json\/wp\/v2\/media\/254051"}],"wp:attachment":[{"href":"https:\/\/www.europesays.com\/fr\/wp-json\/wp\/v2\/media?parent=254050"}],"wp:term":[{"taxonomy":"category","embeddable":true,"href":"https:\/\/www.europesays.com\/fr\/wp-json\/wp\/v2\/categories?post=254050"},{"taxonomy":"post_tag","embeddable":true,"href":"https:\/\/www.europesays.com\/fr\/wp-json\/wp\/v2\/tags?post=254050"}],"curies":[{"name":"wp","href":"https:\/\/api.w.org\/{rel}","templated":true}]}}