{"id":254063,"date":"2025-07-17T14:06:09","date_gmt":"2025-07-17T14:06:09","guid":{"rendered":"https:\/\/www.europesays.com\/fr\/254063\/"},"modified":"2025-07-17T14:06:09","modified_gmt":"2025-07-17T14:06:09","slug":"avec-les-enfants-dehors-un-parc-nature-pour-rever-et-construire","status":"publish","type":"post","link":"https:\/\/www.europesays.com\/fr\/254063\/","title":{"rendered":"avec Les Enfants Dehors, un parc nature pour r\u00eaver et construire"},"content":{"rendered":"<p>\n\u00c0 Montpellier, un ancien parc priv\u00e9 rena\u00eet sous l\u2019impulsion des Enfants Dehors. Un lieu de libert\u00e9, de nature et de jeu, enti\u00e8rement pens\u00e9 pour les enfants.<\/p>\n<p>\n\u00a9 Les Enfants Dehors \u2013 \u00e0 la d\u00e9couverte de ce nouveau coin de nature sp\u00e9cialement con\u00e7u pour les enfants.<\/p>\n<p>En plein c\u0153ur du <strong>quartier Ovalie<\/strong> \u00e0 <a href=\"https:\/\/infoccitanie.fr\/tag\/montpellier\/\" target=\"_blank\" rel=\"noopener\">Montpellier<\/a>, un coin de nature a repris vie. En effet, depuis un an, <strong>le parc Robinson Cruso\u00e9<\/strong>, anciennement ferm\u00e9 au public et r\u00e9serv\u00e9 aux \u00e9v\u00e9nements priv\u00e9s, a \u00e9t\u00e9 r\u00e9invent\u00e9 par l\u2019entreprise <strong>Les Enfants Dehors<\/strong>. D\u00e9sormais en acc\u00e8s libre, ce lieu est devenu un v\u00e9ritable <strong>terrain d\u2019aventure<\/strong> pour les enfants, et un <strong>havre de convivialit\u00e9<\/strong> pour les familles.<\/p>\n<p>Un espace nature pour apprendre, jouer et grandir<\/p>\n<p>Le projet \u00ab\u00a0Les Enfants Dehors\u00a0\u00bb ne se r\u00e9sume pas \u00e0 une simple aire de jeux. C\u2019est un <strong>espace d\u2019exp\u00e9rimentation<\/strong>, <strong>d\u2019apprentissage<\/strong> et de <strong>lien social <\/strong>o\u00f9 la nature est au centre de l\u2019exp\u00e9rience. Pens\u00e9 pour les enfants, il accueille chaque jour petits et grands. Familles, groupes scolaires, cr\u00e8ches ou habitants du quartier. Dans une ambiance bienveillante, chacun peut y trouver sa place. Le parc regorge d\u2019ailleurs <strong>d\u2019invitations \u00e0 jouer et \u00e0 d\u00e9couvrir<\/strong>. Les enfants peuvent s\u2019\u00e9lancer dans un d\u00f4me de paille, cultiver le go\u00fbt dans un potager collectif, ou encore b\u00e2tir cabanes et structures \u00e0 leur image sur un terrain d\u2019aventure \u00e9quip\u00e9 d\u2019outils.<\/p>\n<p>Un <strong>food-truck<\/strong> fait maison compl\u00e8te d\u2019ailleurs l\u2019offre. Trois salari\u00e9s y proposent effectivement des repas pr\u00e9par\u00e9s avec des produits locaux et de saison, et une carte de boissons rafra\u00eechissantes.<\/p>\n<p>Les Enfants Dehors : un projet engag\u00e9<\/p>\n<p>Derri\u00e8re ce projet, se trouve d\u2019ailleurs une <strong>start-up de l\u2019\u00e9conomie sociale et solidaire<\/strong> : Les Enfants Dehors. \u00ab Ce n\u2019est pas un simple projet local. C\u2019est un mod\u00e8le de gestion innovante des espaces verts d\u00e9laiss\u00e9s. Nous cr\u00e9ons des aires de jeu \u00e9cologiques, sobres, et accompagnons les collectivit\u00e9s vers un urbanisme plus inclusif\u00a0\u00bb, souligne <strong>Adriane van der Wilk<\/strong>, cofondatrice.<\/p>\n<p>Informations pratiques<\/p>\n<p>Le parc est ouvert du mercredi au dimanche, de 10h \u00e0 20h en \u00e9t\u00e9. Attention, les repas issus de la maison sont interdits. \u00c9galement, les chiens ne sont pas autoris\u00e9s. Si vous \u00eates donc curieux de d\u00e9couvrir ce coin de nature r\u00e9invent\u00e9 par Les Enfants Dehors, rendez-vous au <strong>496 avenue du Mondial de Rugby 2007<\/strong>, \u00e0 <a href=\"https:\/\/infoccitanie.fr\/tag\/montpellier\/\" target=\"_blank\" rel=\"noopener\">Montpellier<\/a>. Autre point positif\u00a0: \u00e0 partir du 20 d\u00e9cembre prochain, le site sera desservi par la <strong>ligne 5 du tramway<\/strong>. Pour en savoir plus, cliquez <a href=\"https:\/\/www.lesenfantsdehors.fr\/\" target=\"_blank\" rel=\"nofollow noopener\">ici<\/a>.<\/p>\n","protected":false},"excerpt":{"rendered":"\u00c0 Montpellier, un ancien parc priv\u00e9 rena\u00eet sous l\u2019impulsion des Enfants Dehors. Un lieu de libert\u00e9, de nature&hellip;\n","protected":false},"author":2,"featured_media":254064,"comment_status":"","ping_status":"","sticky":false,"template":"","format":"standard","meta":{"footnotes":""},"categories":[9599],"tags":[1111,11,847,1777,674,1011,27,2208,12,2680,25],"class_list":{"0":"post-254063","1":"post","2":"type-post","3":"status-publish","4":"format-standard","5":"has-post-thumbnail","7":"category-montpellier","8":"tag-actu","9":"tag-actualites","10":"tag-enfant","11":"tag-eu","12":"tag-europe","13":"tag-fr","14":"tag-france","15":"tag-montpellier","16":"tag-news","17":"tag-occitanie","18":"tag-republique-francaise"},"share_on_mastodon":{"url":"https:\/\/pubeurope.com\/@fr\/114868963498893670","error":""},"_links":{"self":[{"href":"https:\/\/www.europesays.com\/fr\/wp-json\/wp\/v2\/posts\/254063","targetHints":{"allow":["GET"]}}],"collection":[{"href":"https:\/\/www.europesays.com\/fr\/wp-json\/wp\/v2\/posts"}],"about":[{"href":"https:\/\/www.europesays.com\/fr\/wp-json\/wp\/v2\/types\/post"}],"author":[{"embeddable":true,"href":"https:\/\/www.europesays.com\/fr\/wp-json\/wp\/v2\/users\/2"}],"replies":[{"embeddable":true,"href":"https:\/\/www.europesays.com\/fr\/wp-json\/wp\/v2\/comments?post=254063"}],"version-history":[{"count":0,"href":"https:\/\/www.europesays.com\/fr\/wp-json\/wp\/v2\/posts\/254063\/revisions"}],"wp:featuredmedia":[{"embeddable":true,"href":"https:\/\/www.europesays.com\/fr\/wp-json\/wp\/v2\/media\/254064"}],"wp:attachment":[{"href":"https:\/\/www.europesays.com\/fr\/wp-json\/wp\/v2\/media?parent=254063"}],"wp:term":[{"taxonomy":"category","embeddable":true,"href":"https:\/\/www.europesays.com\/fr\/wp-json\/wp\/v2\/categories?post=254063"},{"taxonomy":"post_tag","embeddable":true,"href":"https:\/\/www.europesays.com\/fr\/wp-json\/wp\/v2\/tags?post=254063"}],"curies":[{"name":"wp","href":"https:\/\/api.w.org\/{rel}","templated":true}]}}