{"id":254065,"date":"2025-07-17T14:07:36","date_gmt":"2025-07-17T14:07:36","guid":{"rendered":"https:\/\/www.europesays.com\/fr\/254065\/"},"modified":"2025-07-17T14:07:36","modified_gmt":"2025-07-17T14:07:36","slug":"une-bretelle-de-sortie-fermee-jusquau-1er-aout","status":"publish","type":"post","link":"https:\/\/www.europesays.com\/fr\/254065\/","title":{"rendered":"une bretelle de sortie ferm\u00e9e jusqu&rsquo;au 1er ao\u00fbt"},"content":{"rendered":"<p><img decoding=\"async\" class=\"\" style=\"width:100%;max-width:100%\" src=\"https:\/\/www.europesays.com\/fr\/wp-content\/uploads\/2025\/07\/IMG_01761752660445377-format16by9.jpg\" alt=\"Fermeture bretelle sortie pont Flaubert\"\/><\/p>\n<p class=\"block date\" id=\"dateEtAuteur\">Modifi\u00e9 : 16 juillet 2025 \u00e0 12h41  par Julien  Dubois \/ cr\u00e9dit photo : Sweet FM <\/p>\n<p>Dans le cadre des travaux de raccordement du pont Flaubert \u00e0 la Sud 3, la bretelle de sortie de \u00ab\u00a0La Peupleraie\u00a0\u00bb est ferm\u00e9e depuis ce mardi 15 juillet dans le sens Rouen &#8211; Caen, de 9h \u00e0 16h. <\/p>\n<p style=\"text-align: left;\" align=\"justify\">Les perturbations observ\u00e9es ce mercredi 16 juillet \u00e0 Rouen sur le pont Flaubert semblent trouver leur origine dans la fermeture de la bretelle de sortie de \u00ab\u00a0La Peupleraie\u00a0\u00bb. Celle-ci est en effet neutralis\u00e9e jusqu&rsquo;au 1er ao\u00fbt en direction de Caen. <strong>La circulation y est interdite en journ\u00e9e, de 9h \u00e0 16h, dans le cadre des travaux de raccordement \u00e0 la Sud 3<\/strong>. Une d\u00e9viation a \u00e9t\u00e9 mise en place.<\/p>\n<p><img decoding=\"async\" class=\"\" style=\"width:100%;max-width:100%\" src=\"https:\/\/www.europesays.com\/fr\/wp-content\/uploads\/2025\/07\/travaux_pont_flaubert1752660629574-format16by9.png\" alt=\"Travaux raccordement Sud 3\"\/> <strong>Un appel \u00e0 la prudence<\/strong><\/p>\n<p align=\"justify\"><a href=\"https:\/\/www.sweetfm.fr\/un-agent-de-la-dirno-mortellement-percute-dans-l-eure\" rel=\"noopener nofollow\" target=\"_blank\">Encore endeuill\u00e9e par la mort de l&rsquo;un de ses agents,<\/a> le 24 juin dans l&rsquo;Eure, <strong>la Direction interd\u00e9partementale des routes nord-ouest appelle les usagers \u00e0 \u00ab\u00a0la plus grande prudence\u00a0\u00bb dans cette zone o\u00f9 des personnes interviennent \u00e0 proximit\u00e9 des voies<\/strong>. Un radar de chantier sanctionne \u00e9galement les automobilistes ne respectant pas la limitation de vitesse, fix\u00e9e \u00e0 50 km\/h.<\/p>\n","protected":false},"excerpt":{"rendered":"Modifi\u00e9 : 16 juillet 2025 \u00e0 12h41 par Julien Dubois \/ cr\u00e9dit photo : Sweet FM Dans le&hellip;\n","protected":false},"author":2,"featured_media":254066,"comment_status":"","ping_status":"","sticky":false,"template":"","format":"standard","meta":{"footnotes":""},"categories":[9587],"tags":[39440,1111,11,39437,1777,674,39431,39434,39433,39432,1011,27,22461,12,5161,25,39439,9590,5163,39436,39438,39435],"class_list":{"0":"post-254065","1":"post","2":"type-post","3":"status-publish","4":"format-standard","5":"has-post-thumbnail","7":"category-rouen","8":"tag-acces-rouen","9":"tag-actu","10":"tag-actualites","11":"tag-dirno","12":"tag-eu","13":"tag-europe","14":"tag-fermeture-bretelle-sud-3","15":"tag-fermeture-sortie-pont-flaubert","16":"tag-fermeture-sortie-rouen","17":"tag-fermeture-sortie-sud-3","18":"tag-fr","19":"tag-france","20":"tag-infos-rouen","21":"tag-news","22":"tag-normandie","23":"tag-republique-francaise","24":"tag-rn1338","25":"tag-rouen","26":"tag-seine-maritime","27":"tag-travaux-pont-flaubert","28":"tag-travaux-routes","29":"tag-travaux-sud-3"},"share_on_mastodon":{"url":"https:\/\/pubeurope.com\/@fr\/114868967405533755","error":""},"_links":{"self":[{"href":"https:\/\/www.europesays.com\/fr\/wp-json\/wp\/v2\/posts\/254065","targetHints":{"allow":["GET"]}}],"collection":[{"href":"https:\/\/www.europesays.com\/fr\/wp-json\/wp\/v2\/posts"}],"about":[{"href":"https:\/\/www.europesays.com\/fr\/wp-json\/wp\/v2\/types\/post"}],"author":[{"embeddable":true,"href":"https:\/\/www.europesays.com\/fr\/wp-json\/wp\/v2\/users\/2"}],"replies":[{"embeddable":true,"href":"https:\/\/www.europesays.com\/fr\/wp-json\/wp\/v2\/comments?post=254065"}],"version-history":[{"count":0,"href":"https:\/\/www.europesays.com\/fr\/wp-json\/wp\/v2\/posts\/254065\/revisions"}],"wp:featuredmedia":[{"embeddable":true,"href":"https:\/\/www.europesays.com\/fr\/wp-json\/wp\/v2\/media\/254066"}],"wp:attachment":[{"href":"https:\/\/www.europesays.com\/fr\/wp-json\/wp\/v2\/media?parent=254065"}],"wp:term":[{"taxonomy":"category","embeddable":true,"href":"https:\/\/www.europesays.com\/fr\/wp-json\/wp\/v2\/categories?post=254065"},{"taxonomy":"post_tag","embeddable":true,"href":"https:\/\/www.europesays.com\/fr\/wp-json\/wp\/v2\/tags?post=254065"}],"curies":[{"name":"wp","href":"https:\/\/api.w.org\/{rel}","templated":true}]}}