{"id":254067,"date":"2025-07-17T14:09:10","date_gmt":"2025-07-17T14:09:10","guid":{"rendered":"https:\/\/www.europesays.com\/fr\/254067\/"},"modified":"2025-07-17T14:09:10","modified_gmt":"2025-07-17T14:09:10","slug":"claix-samedi-observez-les-etoiles-avec-auroralpes","status":"publish","type":"post","link":"https:\/\/www.europesays.com\/fr\/254067\/","title":{"rendered":"Claix. Samedi, observez les \u00e9toiles avec AurorAlpes"},"content":{"rendered":"<p>L\u2019office du tourisme de Grenoble Alpes organise une soir\u00e9e d\u00e9di\u00e9e \u00e0 l\u2019astronomie, en partenariat avec l\u2019association de m\u00e9diation scientifique AurorAlpes.<\/p>\n<p>Au programme de la soir\u00e9e\u00a0? Une courte pr\u00e9sentation des organisateurs et un pique-nique (\u00e0 apporter) sous la vo\u00fbte c\u00e9leste. Ensuite, si le ciel est d\u00e9gag\u00e9, alors vous pourrez observer \u00e0 l\u2019\u0153il nu et au t\u00e9lescope \u00ab\u00a0la Lune, des n\u00e9buleuses plan\u00e9taires et amas d\u2019\u00e9toiles\u00a0\u00bb afin de \u00ab\u00a0se rendre compte de la distance entre notre Terre et les \u00e9toiles\u00a0\u00bb, comme l\u2019explique Olivier Katz, pr\u00e9sident de l\u2019association et pr\u00e9visionniste m\u00e9t\u00e9orologique de l\u2019espace.<\/p>\n<p>  Deux intervenants<\/p>\n<p>Si la m\u00e9t\u00e9o est moins cl\u00e9mente, pas d\u2019inqui\u00e9tude\u00a0: une projection de photos d\u2019aurores polaires et autres objets c\u00e9lestes aura lieu \u00e0 l\u2019abri de la pluie.<\/p>\n<p>Cette soir\u00e9e sera l\u2019occasion pour petits et grands de d\u00e9couvrir l\u2019astronomie ou d\u2019approfondir des connaissances d\u00e9j\u00e0 existantes, en posant des questions. En effet, Olivier Katz sera accompagn\u00e9 de Quentin Daveau, responsable communication de l\u2019association et m\u00e9diateur scientifique \u00e0 l\u2019Osug (Observatoire des sciences de l\u2019univers de Grenoble), pour animer les discussions.<\/p>\n<p class=\"note\">La sortie se fait en famille, gratuitement et sur inscription (au 04\u00a076\u00a042\u00a041\u00a041).<\/p>\n","protected":false},"excerpt":{"rendered":"L\u2019office du tourisme de Grenoble Alpes organise une soir\u00e9e d\u00e9di\u00e9e \u00e0 l\u2019astronomie, en partenariat avec l\u2019association de m\u00e9diation&hellip;\n","protected":false},"author":2,"featured_media":254068,"comment_status":"","ping_status":"","sticky":false,"template":"","format":"standard","meta":{"footnotes":""},"categories":[9566],"tags":[1111,11,2430,9600,6211,1687,113,1777,674,1011,27,2731,7000,12,5486,25],"class_list":{"0":"post-254067","1":"post","2":"type-post","3":"status-publish","4":"format-standard","5":"has-post-thumbnail","7":"category-grenoble","8":"tag-actu","9":"tag-actualites","10":"tag-auvergne-rhone-alpes","11":"tag-claix","12":"tag-conference","13":"tag-culture-loisirs","14":"tag-edition-gresivaudan-oisans","15":"tag-eu","16":"tag-europe","17":"tag-fr","18":"tag-france","19":"tag-grenoble","20":"tag-lagglomeration","21":"tag-news","22":"tag-rencontre","23":"tag-republique-francaise"},"share_on_mastodon":{"url":"https:\/\/pubeurope.com\/@fr\/114868975317271613","error":""},"_links":{"self":[{"href":"https:\/\/www.europesays.com\/fr\/wp-json\/wp\/v2\/posts\/254067","targetHints":{"allow":["GET"]}}],"collection":[{"href":"https:\/\/www.europesays.com\/fr\/wp-json\/wp\/v2\/posts"}],"about":[{"href":"https:\/\/www.europesays.com\/fr\/wp-json\/wp\/v2\/types\/post"}],"author":[{"embeddable":true,"href":"https:\/\/www.europesays.com\/fr\/wp-json\/wp\/v2\/users\/2"}],"replies":[{"embeddable":true,"href":"https:\/\/www.europesays.com\/fr\/wp-json\/wp\/v2\/comments?post=254067"}],"version-history":[{"count":0,"href":"https:\/\/www.europesays.com\/fr\/wp-json\/wp\/v2\/posts\/254067\/revisions"}],"wp:featuredmedia":[{"embeddable":true,"href":"https:\/\/www.europesays.com\/fr\/wp-json\/wp\/v2\/media\/254068"}],"wp:attachment":[{"href":"https:\/\/www.europesays.com\/fr\/wp-json\/wp\/v2\/media?parent=254067"}],"wp:term":[{"taxonomy":"category","embeddable":true,"href":"https:\/\/www.europesays.com\/fr\/wp-json\/wp\/v2\/categories?post=254067"},{"taxonomy":"post_tag","embeddable":true,"href":"https:\/\/www.europesays.com\/fr\/wp-json\/wp\/v2\/tags?post=254067"}],"curies":[{"name":"wp","href":"https:\/\/api.w.org\/{rel}","templated":true}]}}