{"id":254069,"date":"2025-07-17T14:10:11","date_gmt":"2025-07-17T14:10:11","guid":{"rendered":"https:\/\/www.europesays.com\/fr\/254069\/"},"modified":"2025-07-17T14:10:11","modified_gmt":"2025-07-17T14:10:11","slug":"le-fc-grenoble-quitte-kappa-pour-rejoindre-un-equipementier-prestigieux","status":"publish","type":"post","link":"https:\/\/www.europesays.com\/fr\/254069\/","title":{"rendered":"le FC Grenoble quitte Kappa pour rejoindre un \u00e9quipementier prestigieux"},"content":{"rendered":"<p>\t\t\t\t\t\t\t\t\t\t\t<img loading=\"lazy\" decoding=\"async\" width=\"1110\" title=\"Rugby : le FC Grenoble quitte Kappa pour rejoindre un \u00e9quipementier prestigieux\" class=\"img-fluid  mb-3\" src=\"https:\/\/grandgrenoble.alpes1.com\/media\/news\/thumb\/1110x624_rugby-le-fc-grenoble-quitte-kappa-pour-rejoindre-un-equipementier-prestigieux_6878f5233b94b.webp\" alt=\"Rugby : le FC Grenoble quitte Kappa pour rejoindre un \u00e9quipementier prestigieux\" itemprop=\"image\" height=\"624\"\/>\t\t\t\t\t\t\t\t\t\t\t\t<\/p>\n<p>Rugby : le FC Grenoble quitte Kappa pour rejoindre un \u00e9quipementier prestigieux &#8211; DR FCG<\/p>\n<p itemprop=\"description\"><strong>Apr\u00e8s Kappa, place \u00e0 Nike.<\/strong><\/p>\n<p>Ce jeudi 17 juillet, le FC Grenoble Rugby a annonc\u00e9, par le biais d\u2019un communiqu\u00e9, se s\u00e9parer de la marque Kappa, apr\u00e8s 17 ann\u00e9es de collaboration, pour s\u2019associer \u00e0 un nouvel \u00e9quipementier de renom : Nike. D\u00e8s la saison 2025-2026 de Pro D2, et pour les quatre prochaines ann\u00e9es, la c\u00e9l\u00e8bre virgule sera repr\u00e9sent\u00e9e sur les tuniques is\u00e9roises.<\/p>\n<p><strong>\u00ab\u00a0Le FCG doit devenir une marque embl\u00e9matique de son territoire\u00a0\u00bb<\/strong><\/p>\n<p>\u00ab\u00a0Nous sommes fiers de voir notre club, nos joueurs et nos maillots associ\u00e9s \u00e0 l\u2019une des marques sportives les plus iconiques au monde. Au-del\u00e0 de l\u2019aspect sportif, ce partenariat repr\u00e9sente un enjeu majeur pour nous. Le FCG doit devenir une marque embl\u00e9matique de son territoire, et nous comptons sur ce partenariat d\u2019exception, avec une marque d\u2019excellence, pour franchir une nouvelle \u00e9tape\u00a0\u00bb, a d\u00e9clar\u00e9 Patrick Goffi, pr\u00e9sident du directoire du FCG.<\/p>\n<p>Patrick Goffi en a \u00e9galement profit\u00e9 pour d\u00e9clarer la venue d\u2019un nouvel e-shop \u00e0 la fin de l\u2019\u00e9t\u00e9, ainsi que la volont\u00e9 de redynamiser la boutique du centre-ville de Grenoble, puisqu\u2019elle devrait ouvrir tous les jours \u00e0 compter de l\u2019ann\u00e9e prochaine.<\/p>\n<blockquote class=\"twitter-tweet\"><p>&#13;<\/p>\n<p dir=\"ltr\" lang=\"fr\">\ud835\udddf\ud835\uddf2 \ud835\uddd9\ud835\uddd6 \ud835\uddda\ud835\uddff\ud835\uddf2\ud835\uddfb\ud835\uddfc\ud835\uddef\ud835\uddf9\ud835\uddf2 \ud835\udde5\ud835\ude02\ud835\uddf4\ud835\uddef\ud835\ude06 \ud835\uddf2\ud835\ude00\ud835\ude01 \ud835\uddf3\ud835\uddf6\ud835\uddf2\ud835\uddff \ud835\uddf1\u2019\ud835\uddee\ud835\uddfb\ud835\uddfb\ud835\uddfc\ud835\uddfb\ud835\uddf0\ud835\uddf2\ud835\uddff \ud835\uddfe\ud835\ude02\ud835\uddf2 \ud835\udde1\ud835\uddf6\ud835\uddf8\ud835\uddf2 \ud835\ude00\ud835\uddf2\ud835\uddff\ud835\uddee \ud835\uddf9\ud835\uddf2 \ud835\uddfb\ud835\uddfc\ud835\ude02\ud835\ude03\ud835\uddf2\ud835\uddf9 \ud835\uddf2\u0301\ud835\uddfe\ud835\ude02\ud835\uddf6\ud835\uddfd\ud835\uddf2\ud835\uddfa\ud835\uddf2\ud835\uddfb\ud835\ude01\ud835\uddf6\ud835\uddf2\ud835\uddff \ud835\uddf1\ud835\ude02 \ud835\uddf0\ud835\uddf9\ud835\ude02\ud835\uddef \ud835\uddfd\ud835\uddfc\ud835\ude02\ud835\uddff \ud835\uddf9\ud835\uddf2\ud835\ude00 \ud835\udff0 \ud835\uddfd\ud835\uddff\ud835\uddfc\ud835\uddf0\ud835\uddf5\ud835\uddee\ud835\uddf6\ud835\uddfb\ud835\uddf2\ud835\ude00 \ud835\ude00\ud835\uddee\ud835\uddf6\ud835\ude00\ud835\uddfc\ud835\uddfb\ud835\ude00.<\/p>\n<p>Ce partenariat concernera l\u2019ensemble des effectifs du FCG. \u00d4\u2026 <a href=\"https:\/\/t.co\/YKQa9jaeJ3\">pic.twitter.com\/YKQa9jaeJ3<\/a><\/p>\n<p>&#13;<br \/>\n\u2014 FC Grenoble Rugby #AllezFCG (@FCGrugby) <a href=\"https:\/\/twitter.com\/FCGrugby\/status\/1945770474761269673?ref_src=twsrc%5Etfw\" target=\"_blank\" rel=\"noopener\">July 17, 2025<\/a><\/p><\/blockquote>\n<p>\t\t\t\t\t\t\t\t\t\t\t\t\t\t\t\t\t\t\t<script async src=\"https:\/\/platform.twitter.com\/widgets.js\" charset=\"utf-8\"><\/script><\/p>\n","protected":false},"excerpt":{"rendered":"Rugby : le FC Grenoble quitte Kappa pour rejoindre un \u00e9quipementier prestigieux &#8211; DR FCG Apr\u00e8s Kappa, place&hellip;\n","protected":false},"author":2,"featured_media":254070,"comment_status":"","ping_status":"","sticky":false,"template":"","format":"standard","meta":{"footnotes":""},"categories":[9566],"tags":[1111,11,7733,8279,2430,7736,650,7734,2889,2263,1777,674,1011,27,2731,8280,6417,1114,108,4662,12,3725,1825,25,7737],"class_list":{"0":"post-254069","1":"post","2":"type-post","3":"status-publish","4":"format-standard","5":"has-post-thumbnail","7":"category-grenoble","8":"tag-actu","9":"tag-actualites","10":"tag-alpes","11":"tag-alpes1","12":"tag-auvergne-rhone-alpes","13":"tag-cds","14":"tag-cinema","15":"tag-ecoute","16":"tag-emission","17":"tag-equipe","18":"tag-eu","19":"tag-europe","20":"tag-fr","21":"tag-france","22":"tag-grenoble","23":"tag-haute","24":"tag-information","25":"tag-infos","26":"tag-isere","27":"tag-journal","28":"tag-news","29":"tag-podcast","30":"tag-radio","31":"tag-republique-francaise","32":"tag-winamp"},"share_on_mastodon":{"url":"https:\/\/pubeurope.com\/@fr\/114868979355035908","error":""},"_links":{"self":[{"href":"https:\/\/www.europesays.com\/fr\/wp-json\/wp\/v2\/posts\/254069","targetHints":{"allow":["GET"]}}],"collection":[{"href":"https:\/\/www.europesays.com\/fr\/wp-json\/wp\/v2\/posts"}],"about":[{"href":"https:\/\/www.europesays.com\/fr\/wp-json\/wp\/v2\/types\/post"}],"author":[{"embeddable":true,"href":"https:\/\/www.europesays.com\/fr\/wp-json\/wp\/v2\/users\/2"}],"replies":[{"embeddable":true,"href":"https:\/\/www.europesays.com\/fr\/wp-json\/wp\/v2\/comments?post=254069"}],"version-history":[{"count":0,"href":"https:\/\/www.europesays.com\/fr\/wp-json\/wp\/v2\/posts\/254069\/revisions"}],"wp:featuredmedia":[{"embeddable":true,"href":"https:\/\/www.europesays.com\/fr\/wp-json\/wp\/v2\/media\/254070"}],"wp:attachment":[{"href":"https:\/\/www.europesays.com\/fr\/wp-json\/wp\/v2\/media?parent=254069"}],"wp:term":[{"taxonomy":"category","embeddable":true,"href":"https:\/\/www.europesays.com\/fr\/wp-json\/wp\/v2\/categories?post=254069"},{"taxonomy":"post_tag","embeddable":true,"href":"https:\/\/www.europesays.com\/fr\/wp-json\/wp\/v2\/tags?post=254069"}],"curies":[{"name":"wp","href":"https:\/\/api.w.org\/{rel}","templated":true}]}}